{"id":119289,"date":"2021-04-30T19:35:30","date_gmt":"2021-04-30T19:35:30","guid":{"rendered":"https:\/\/dimensionturistica.com\/es\/?p=119289"},"modified":"2021-04-30T19:35:30","modified_gmt":"2021-04-30T19:35:30","slug":"francia-reapertura-total-para-finales-de-junio-noticias-de-agencias-de-viajes-rss1","status":"publish","type":"post","link":"https:\/\/dimensionturistica.com\/es\/francia-reapertura-total-para-finales-de-junio-noticias-de-agencias-de-viajes-rss1\/","title":{"rendered":"Francia: reapertura total para finales de junio | Noticias de Agencias de viajes, rss1"},"content":{"rendered":"<p> <br \/>\n<\/p>\n<div>\n<p><a rel=\"nofollow noopener\" target=\"_blank\" href=\"https:\/\/www.preferente.com\/wp-content\/uploads\/2021\/04\/francia-int.jpg\"><img decoding=\"async\" class=\"size-medium wp-image-308992 alignleft\" src=\"https:\/\/www.preferente.com\/wp-content\/uploads\/2021\/04\/francia-int-210x300.jpg\" alt=\"\" width=\"210\" height=\"300\" srcset=\"https:\/\/www.preferente.com\/wp-content\/uploads\/2021\/04\/francia-int-210x300.jpg 210w, https:\/\/www.preferente.com\/wp-content\/uploads\/2021\/04\/francia-int-140x200.jpg 140w, https:\/\/www.preferente.com\/wp-content\/uploads\/2021\/04\/francia-int-105x150.jpg 105w, https:\/\/www.preferente.com\/wp-content\/uploads\/2021\/04\/francia-int-53x75.jpg 53w, https:\/\/www.preferente.com\/wp-content\/uploads\/2021\/04\/francia-int-42x60.jpg 42w, https:\/\/www.preferente.com\/wp-content\/uploads\/2021\/04\/francia-int-98x140.jpg 98w, https:\/\/www.preferente.com\/wp-content\/uploads\/2021\/04\/francia-int-22x32.jpg 22w, https:\/\/www.preferente.com\/wp-content\/uploads\/2021\/04\/francia-int-300x429.jpg 300w, https:\/\/www.preferente.com\/wp-content\/uploads\/2021\/04\/francia-int-228x325.jpg 228w, https:\/\/www.preferente.com\/wp-content\/uploads\/2021\/04\/francia-int-174x249.jpg 174w, https:\/\/www.preferente.com\/wp-content\/uploads\/2021\/04\/francia-int-175x250.jpg 175w, https:\/\/www.preferente.com\/wp-content\/uploads\/2021\/04\/francia-int.jpg 600w\" sizes=\"(max-width: 210px) 100vw, 210px\"\/><\/a>Emmanuel Macron anunci\u00f3 en la prensa regional -y no en la de Par\u00eds, ni en la televisi\u00f3n, ni en la radio- c\u00f3mo reabrir\u00e1 el pa\u00eds, pese a que a\u00fan los datos de contagios son bastante preocupantes, aunque a la baja. Lo har\u00e1 en cuatro etapas. (El pr\u00f3logo fue la apertura, el pasado d\u00eda 26, de las escuelas).<\/p>\n<p>En primer lugar, el <strong>3 de mayo<\/strong>, o sea este lunes, se acaban las restricciones de viaje dentro del pa\u00eds. Hasta esa fecha, nadie puede desplazarse a m\u00e1s de diez kil\u00f3metros de su lugar de residencia. Se mantiene el toque de queda por las noches.<\/p>\n<p>El <strong>19 de mayo<\/strong> reabren tiendas, terrazas (de bares y restaurantes, con un m\u00e1ximo de seis personas por mesa) y museos. En este caso, habr\u00e1 un l\u00edmite de 800 personas en el inside y de mil en el exterior. El toque de queda, ese mismo d\u00eda, se retrasa a las nueve de la noche. Se reabren tambi\u00e9n los eventos deportivos pero s\u00f3lo al aire libre.<\/p>\n<p>El <strong>9 de junio<\/strong> ser\u00e1 un d\u00eda de gran cambio porque tambi\u00e9n podr\u00e1n reabrir los bares y restaurantes en el inside. El toque de queda se retrasa a las as soon as de la noche. Y, atenci\u00f3n, los turistas extranjeros podr\u00e1n viajar a Francia tambi\u00e9n desde ese pr\u00f3ximo 9 de junio.<\/p>\n<p>El 9 de junio, adem\u00e1s, entra en funcionamiento el pasaporte Covid o como se le quiera llamar (pase de salud, podr\u00eda ser otro nombre). Con \u00e9l y s\u00f3lo con \u00e9l, certificando que no se est\u00e1 contagiado o que ya se est\u00e1 vacunado, se podr\u00e1 acudir a eventos de hasta cinco mil personas, como festivales, espect\u00e1culos o ferias.<\/p>\n<p>Los turistas extranjeros podr\u00e1n entrar en Francia desde ese d\u00eda, pero tambi\u00e9n con el pasaporte Covid. Sin embargo, no consta que vaya a haber inmediatamente mejoras en la movilidad de los franceses que van al exterior.<\/p>\n<p>Desde el <strong>30 de junio<\/strong> se permitir\u00e1n eventos con m\u00e1s de mil personas en interiores, pero s\u00f3lo con pase Covid. Y el 30 de junio, igualmente, acabar\u00e1 el toque de queda.<\/p>\n<p>Todas las medidas, explic\u00f3 el presidente Emmanuel Macron a la prensa, podr\u00edan modificarse en funci\u00f3n de las tendencias sanitarias, departamento por departamento. El jefe de estado no descarta la implementaci\u00f3n de nuevas restricciones para frenar la epidemia de Covid-19.<\/p>\n<p><!-- AddThis Advanced Settings above via filter on the_content --><!-- AddThis Advanced Settings below via filter on the_content --><!-- AddThis Advanced Settings generic via filter on the_content --><!-- AddThis Share Buttons above via filter on the_content --><!-- AddThis Share Buttons below via filter on the_content --><!-- AddThis Share Buttons generic via filter on the_content -->\t\t\t<\/div>\n\n<p><em> &#8221; Fuentes www.preferente.com &#8221; <\/em><\/p>\n","protected":false},"excerpt":{"rendered":"<p>Emmanuel Macron anunci\u00f3 en la prensa regional -y no en la de Par\u00eds, ni en la televisi\u00f3n, ni en la radio- c\u00f3mo reabrir\u00e1 el pa\u00eds, pese a que a\u00fan los datos de contagios son bastante preocupantes, aunque a la baja. Lo har\u00e1 en cuatro etapas. (El pr\u00f3logo fue la apertura, el pasado d\u00eda 26, de [&hellip;]<\/p>\n","protected":false},"author":4,"featured_media":0,"comment_status":"open","ping_status":"closed","sticky":false,"template":"","format":"standard","meta":{"om_disable_all_campaigns":false,"jnews-multi-image_gallery":[],"jnews_single_post":[],"jnews_primary_category":[],"jnews_social_meta":[],"footnotes":""},"categories":[40],"tags":[],"class_list":["post-119289","post","type-post","status-publish","format-standard","hentry","category-industria"],"_links":{"self":[{"href":"https:\/\/dimensionturistica.com\/es\/wp-json\/wp\/v2\/posts\/119289","targetHints":{"allow":["GET"]}}],"collection":[{"href":"https:\/\/dimensionturistica.com\/es\/wp-json\/wp\/v2\/posts"}],"about":[{"href":"https:\/\/dimensionturistica.com\/es\/wp-json\/wp\/v2\/types\/post"}],"author":[{"embeddable":true,"href":"https:\/\/dimensionturistica.com\/es\/wp-json\/wp\/v2\/users\/4"}],"replies":[{"embeddable":true,"href":"https:\/\/dimensionturistica.com\/es\/wp-json\/wp\/v2\/comments?post=119289"}],"version-history":[{"count":0,"href":"https:\/\/dimensionturistica.com\/es\/wp-json\/wp\/v2\/posts\/119289\/revisions"}],"wp:attachment":[{"href":"https:\/\/dimensionturistica.com\/es\/wp-json\/wp\/v2\/media?parent=119289"}],"wp:term":[{"taxonomy":"category","embeddable":true,"href":"https:\/\/dimensionturistica.com\/es\/wp-json\/wp\/v2\/categories?post=119289"},{"taxonomy":"post_tag","embeddable":true,"href":"https:\/\/dimensionturistica.com\/es\/wp-json\/wp\/v2\/tags?post=119289"}],"curies":[{"name":"wp","href":"https:\/\/api.w.org\/{rel}","templated":true}]}}