{"id":119272,"date":"2021-04-30T19:13:47","date_gmt":"2021-04-30T19:13:47","guid":{"rendered":"https:\/\/dimensionturistica.com\/es\/?p=119272"},"modified":"2021-04-30T19:13:48","modified_gmt":"2021-04-30T19:13:48","slug":"noticias-rio-negro-se-conformo-el-directorio-del-ente-mixto-de-promocion-turistica-envitur","status":"publish","type":"post","link":"https:\/\/dimensionturistica.com\/es\/noticias-rio-negro-se-conformo-el-directorio-del-ente-mixto-de-promocion-turistica-envitur\/","title":{"rendered":"Noticias Rio Negro &#8211; Se conform\u00f3 el directorio del Ente Mixto de Promoci\u00f3n Tur\u00edstica (EnViTur)"},"content":{"rendered":"<p> <br \/>\n<\/p>\n<div>\n<p>En la primera reuni\u00f3n constitutiva realizada en el Catamar\u00e1n Curr\u00fa Leuv\u00fa, con participantes del sector p\u00fablico y privado, qued\u00f3 conformado el directorio del Ente Mixto de Promoci\u00f3n Tur\u00edstica (EnViTur)<\/p>\n<p>Durante el encuentro se oficializ\u00f3 el cargo de Presidente, designado por el Intendente de Viedma, Pedro Pesatti y el resto de los cargos que fueron propuestos y aprobados por el directorio en forma un\u00e1nime.<\/p>\n<p>Como Presidente del Ente, el Intendente de Viedma design\u00f3 al Subsecretario de Turismo Lic. Sergio Rodr\u00edguez, el resto del directorio qued\u00f3 conformado de la siguiente manera: en la Vicepresidencia, Carlos Steding como representante del SKAL Comarca Viedma y Patagones; al frente de la Secretar\u00eda, fue designado Agust\u00edn Rodr\u00edguez representando a la Asociaci\u00f3n de Hoteleros y Gastron\u00f3micos de la Zona Atl\u00e1ntica (FEHGRA); en la Tesorer\u00eda, a Romina Sagarzazu representando a la C\u00e1mara de Comercio, Turismo, Industria y Producci\u00f3n de Viedma; como Professional Tesorero a Juan Gorosito, Secretario de Turismo, Cultura y Deportes de la Municipalidad; y finalmente como Directores, al Secretario de Turismo y Deportes de la Provincia, Marcelo Mancini, el Concejal Marco Magnanelli por el Concejo Deliberante de Viedma y Jorge F\u00e1bregues por la regional de la Federaci\u00f3n de Empresas de Viajes y Turismo (FAEVYT).<\/p>\n<p>A partir de la puesta en marcha del ente, se proyectar\u00e1n acciones promocionales y de difusi\u00f3n integral del destino tur\u00edstico Viedma, con sus productos y servicios; a trav\u00e9s de un trabajo en conjunto y consensuado que potencie los esfuerzos de la acci\u00f3n p\u00fablica y privada del sector.<\/p>\n<p>Al respecto, su Presidente, Sergio Rodriguez resalt\u00f3 que \u201cel ente de promoci\u00f3n tur\u00edstica de Viedma va a constituir en una gran herramienta para impulsar una estrategia sistem\u00e1tica de promoci\u00f3n tur\u00edstica de nuestra ciudad, acordada entre los sectores p\u00fablico, y privado y con fondos espec\u00edficos establecidos por ordenanza. El objetivo es que con el ENVITUR, la promoci\u00f3n tur\u00edstica pueda posicionarse en los mercados y esto se convierta en pol\u00edtica de estado\u201d<\/p>\n<p>En la reunion estuvieron presentes representes del Poder Ejecutivo Municipal, Concejo Deliberante de Viedma, Ministerio de Turismo y Deporte de R\u00edo Negro, asociaciones intermedias, representantes del SKAL, FEHGRA, la Federaci\u00f3n de Empresas de Viajes y Turismo Regi\u00f3n Atl\u00e1ntica (FAEVIT) y la C\u00e1mara de Comercio, Turismo, Industria y Producci\u00f3n de Viedma.<\/p>\n<\/div>\n<p><script>(function(d, s, id) {\n\t  var js, fjs = d.getElementsByTagName(s)[0];\n\t  if (d.getElementById(id)) return;\n\t  js = d.createElement(s); js.id = id;\n\t  js.src = \"https:\/\/connect.facebook.net\/es_LA\/sdk.js#xfbml=1&version=v2.8&appId=1256119534415773\";\n\t  fjs.parentNode.insertBefore(js, fjs);\n\t}(document, 'script', 'facebook-jssdk'));<\/script><br \/>\n<br \/><\/p>\n<p><em> &#8221; Fuentes www.noticiasrionegro.com.ar &#8221; <\/em><\/p>\n","protected":false},"excerpt":{"rendered":"<p>En la primera reuni\u00f3n constitutiva realizada en el Catamar\u00e1n Curr\u00fa Leuv\u00fa, con participantes del sector p\u00fablico y privado, qued\u00f3 conformado el directorio del Ente Mixto de Promoci\u00f3n Tur\u00edstica (EnViTur) Durante el encuentro se oficializ\u00f3 el cargo de Presidente, designado por el Intendente de Viedma, Pedro Pesatti y el resto de los cargos que fueron propuestos [&hellip;]<\/p>\n","protected":false},"author":4,"featured_media":0,"comment_status":"open","ping_status":"closed","sticky":false,"template":"","format":"standard","meta":{"om_disable_all_campaigns":false,"jnews-multi-image_gallery":[],"jnews_single_post":[],"jnews_primary_category":[],"jnews_social_meta":[],"footnotes":""},"categories":[40],"tags":[],"class_list":["post-119272","post","type-post","status-publish","format-standard","hentry","category-industria"],"_links":{"self":[{"href":"https:\/\/dimensionturistica.com\/es\/wp-json\/wp\/v2\/posts\/119272","targetHints":{"allow":["GET"]}}],"collection":[{"href":"https:\/\/dimensionturistica.com\/es\/wp-json\/wp\/v2\/posts"}],"about":[{"href":"https:\/\/dimensionturistica.com\/es\/wp-json\/wp\/v2\/types\/post"}],"author":[{"embeddable":true,"href":"https:\/\/dimensionturistica.com\/es\/wp-json\/wp\/v2\/users\/4"}],"replies":[{"embeddable":true,"href":"https:\/\/dimensionturistica.com\/es\/wp-json\/wp\/v2\/comments?post=119272"}],"version-history":[{"count":0,"href":"https:\/\/dimensionturistica.com\/es\/wp-json\/wp\/v2\/posts\/119272\/revisions"}],"wp:attachment":[{"href":"https:\/\/dimensionturistica.com\/es\/wp-json\/wp\/v2\/media?parent=119272"}],"wp:term":[{"taxonomy":"category","embeddable":true,"href":"https:\/\/dimensionturistica.com\/es\/wp-json\/wp\/v2\/categories?post=119272"},{"taxonomy":"post_tag","embeddable":true,"href":"https:\/\/dimensionturistica.com\/es\/wp-json\/wp\/v2\/tags?post=119272"}],"curies":[{"name":"wp","href":"https:\/\/api.w.org\/{rel}","templated":true}]}}