{"id":119145,"date":"2021-04-30T17:03:22","date_gmt":"2021-04-30T17:03:22","guid":{"rendered":"https:\/\/dimensionturistica.com\/es\/?p=119145"},"modified":"2021-04-30T17:03:23","modified_gmt":"2021-04-30T17:03:23","slug":"turismo-medico-al-alza-en-america-latina","status":"publish","type":"post","link":"https:\/\/dimensionturistica.com\/es\/turismo-medico-al-alza-en-america-latina\/","title":{"rendered":"Turismo m\u00e9dico al alza en Am\u00e9rica Latina"},"content":{"rendered":"<p> <br \/>\n<\/p>\n<p>Al mes de marzo, cerca de 21 mil personas volaron desde Per\u00fa a Estados Unidos para inmunizarse<\/p>\n<div>\n<p>En las \u00faltimas semanas, las aerol\u00edneas que operan entre <strong>Estados Unidos y Am\u00e9rica Latina<\/strong> han visto un incremento en el n\u00famero de pasajeros que viajan a territorio estadounidense para recibir una vacuna contra el <strong>covid-19<\/strong>, lo que ha derivado en que las compa\u00f1\u00edas a\u00e9reas incrementen sus itinerarios y aumenten sus tarifas.\u00a0<\/p>\n<p>\u201cEl turismo de vacunas a los Estados Unidos ha despegado en toda la regi\u00f3n. <em>Las tarifas contin\u00faan fortaleci\u00e9ndose, y est\u00e1n cerca del 100%, (incluso al 200% para una compra con 30 d\u00edas de anticipaci\u00f3n<\/em>). Adicionalmente, se observa un premium de hasta cuatro veces m\u00e1s para compras de cinco d\u00edas o menos, si se le compara con los precios base de la semana del 20 de enero de 2020\u201d, se\u00f1al\u00f3 <strong>Ren\u00e9 Armas Maes, vicepresidente comercial y socio de MIDAS Aviation,<\/strong> consultora londinense especializada en aviaci\u00f3n.\u00a0<\/p>\n<p>En toda<strong> Am\u00e9rica Latina<\/strong> se est\u00e1 dando una tendencia al alza en el n\u00famero de personas que viajan para recibir la vacuna en<strong> Estados Unidos<\/strong>. Por ejemplo, y<em> seg\u00fan estimaciones, diez mil personas volaron desde Per\u00fa<\/em>, durante el mes de febrero, con el \u00fanico objetivo de inmunizarse contra el covid-19; en marzo, la cifra se ha doblado a 21 mil personas.\u00a0<\/p>\n<p>\u201cLos latinoamericanos entienden que la crisis de salud a nivel mundial est\u00e1 lejos de terminar, y el n\u00famero de casos de contagio en la regi\u00f3n est\u00e1 aumentando, adem\u00e1s de que hay o pueden haber nuevas restricciones de viajes. Por lo tanto, <em>las personas con ingresos disponibles est\u00e1n acudiendo en masa a los Estados Unidos para vacunarse como una soluci\u00f3n, ya que podr\u00eda tomar al menos otros seis o doce meses para que la poblaci\u00f3n de entre los 40 y 50 a\u00f1os de edad reciba la inmunizaci\u00f3n<\/em>\u201d, a\u00f1adi\u00f3<strong> Armas Maes.\u00a0<\/strong><\/p>\n<p>M\u00e9xico tampoco se ha quedado atr\u00e1s, y el estado de <strong>Texas se<\/strong> ha convertido en el destino preferido por todos los que pueden pagar los costos del viaje, debido a que nuestro vecino del norte no impone restricciones de ciudadan\u00eda a la gente que busque el medicamento.<\/p>\n<p>Sin embargo, el n\u00famero de turistas que viajan por este motivo a Texas sigue siendo bajo. De acuerdo con el departamento de salud de ese estado, el <strong>99.4% de las personas vacunadas viven en el Estado<\/strong>, mientras que s\u00f3lo el 0.04% son de otro pa\u00eds.\u00a0<\/p>\n<p><em>De acuerdo con Expansi\u00f3n<\/em>, algunas agencias de viaje est\u00e1n organizando <strong><em>\u2018tours de vacunaci\u00f3n\u2019 con precios que oscilan entre los 774 y los 828 d\u00f3lares<\/em><\/strong>. Sin embargo, los costos pueden ser much\u00edsimo mayores, dependiendo de varios factores que van desde la renta de un jet privado, hasta el hospedaje en el destino y la distancia entre el aeropuerto y el centro de vacunaci\u00f3n (que muchas veces puede ser un centro comercial).\u00a0<\/p>\n<p>Sin embargo, es possible que la din\u00e1mica cambie en los pr\u00f3ximos meses: el gobierno colombiano est\u00e1 analizando la venta comercial de vacunas, lo que permitir\u00eda que el turismo m\u00e9dico migre hacia el sur. A nivel mundial, otros pa\u00edses como <strong>Rusia, Serbia y las Maldivas<\/strong> tambi\u00e9n est\u00e1n impulsando este tipo de viajes.\u00a0<\/p>\n<p>Las aerol\u00edneas no se han quedado atr\u00e1s para atraer esta nueva demanda de viajeros, pues de acuerdo con Armas Maes, algunas compa\u00f1\u00edas estadounidenses est\u00e1n destinando sus aviones de fuselaje ancho, como los B787 Dreamliners para conectar diversas ciudades como <strong>Miami y Houston con Am\u00e9rica Latina<\/strong>.\u00a0<\/p>\n<p>\u201cTiene sentido que operen estos aviones, con costos m\u00e1s bajos por asiento kil\u00f3metro que otros como el <strong>A330 o B767,<\/strong> lo que les permite a las aerol\u00ednea rentabilizar con mayores m\u00e1rgenes su operaci\u00f3n, especialmente cuando pueden cobrar un premium asociado con la compra de boletos muy cercana a la salida del vuelo, en este caso asociado al turismo de vacuna\u201d, apunt\u00f3.<\/p>\n<\/div>\n<p><script>(function(d, s, id) {\n  var js, fjs = d.getElementsByTagName(s)[0];\n  if (d.getElementById(id)) {return;}\n  js = d.createElement(s); js.id = id;\n  js.src = \"https:\/\/connect.facebook.net\/es_LA\/all.js#xfbml=1\";\n  fjs.parentNode.insertBefore(js, fjs);\n}(document, \"script\", \"facebook-jssdk\"));<\/script><br \/>\n<br \/><\/p>\n<p><em> &#8221; Fuentes a21.com.mx &#8221; <\/em><\/p>\n","protected":false},"excerpt":{"rendered":"<p>Al mes de marzo, cerca de 21 mil personas volaron desde Per\u00fa a Estados Unidos para inmunizarse En las \u00faltimas semanas, las aerol\u00edneas que operan entre Estados Unidos y Am\u00e9rica Latina han visto un incremento en el n\u00famero de pasajeros que viajan a territorio estadounidense para recibir una vacuna contra el covid-19, lo que ha [&hellip;]<\/p>\n","protected":false},"author":4,"featured_media":0,"comment_status":"open","ping_status":"closed","sticky":false,"template":"","format":"standard","meta":{"om_disable_all_campaigns":false,"jnews-multi-image_gallery":[],"jnews_single_post":[],"jnews_primary_category":[],"jnews_social_meta":[],"footnotes":""},"categories":[40],"tags":[],"class_list":["post-119145","post","type-post","status-publish","format-standard","hentry","category-industria"],"_links":{"self":[{"href":"https:\/\/dimensionturistica.com\/es\/wp-json\/wp\/v2\/posts\/119145","targetHints":{"allow":["GET"]}}],"collection":[{"href":"https:\/\/dimensionturistica.com\/es\/wp-json\/wp\/v2\/posts"}],"about":[{"href":"https:\/\/dimensionturistica.com\/es\/wp-json\/wp\/v2\/types\/post"}],"author":[{"embeddable":true,"href":"https:\/\/dimensionturistica.com\/es\/wp-json\/wp\/v2\/users\/4"}],"replies":[{"embeddable":true,"href":"https:\/\/dimensionturistica.com\/es\/wp-json\/wp\/v2\/comments?post=119145"}],"version-history":[{"count":0,"href":"https:\/\/dimensionturistica.com\/es\/wp-json\/wp\/v2\/posts\/119145\/revisions"}],"wp:attachment":[{"href":"https:\/\/dimensionturistica.com\/es\/wp-json\/wp\/v2\/media?parent=119145"}],"wp:term":[{"taxonomy":"category","embeddable":true,"href":"https:\/\/dimensionturistica.com\/es\/wp-json\/wp\/v2\/categories?post=119145"},{"taxonomy":"post_tag","embeddable":true,"href":"https:\/\/dimensionturistica.com\/es\/wp-json\/wp\/v2\/tags?post=119145"}],"curies":[{"name":"wp","href":"https:\/\/api.w.org\/{rel}","templated":true}]}}