{"id":119101,"date":"2021-04-30T16:30:27","date_gmt":"2021-04-30T16:30:27","guid":{"rendered":"https:\/\/dimensionturistica.com\/es\/?p=119101"},"modified":"2021-04-30T16:30:27","modified_gmt":"2021-04-30T16:30:27","slug":"las-previsiones-del-turismo-para-este-verano-estar-donde-estes","status":"publish","type":"post","link":"https:\/\/dimensionturistica.com\/es\/las-previsiones-del-turismo-para-este-verano-estar-donde-estes\/","title":{"rendered":"Las previsiones del turismo para este verano | Estar donde est\u00e9s"},"content":{"rendered":"<p> <br \/>\n<\/p>\n<div id=\"ctn_article_body\">\n<p class=\"\">El pulso de la industria tur\u00edstica espa\u00f1ola sigue d\u00e9bil. El avance en las <a rel=\"nofollow noopener\" target=\"_blank\" href=\"https:\/\/estardondeestes.com\/movi\/es\/articulos\/estos-son-los-efectos-de-la-vacuna-en-la-economia-espanola\">vacunaciones<\/a>, m\u00e1s lento de lo esperado, y la llegada de una <a rel=\"nofollow noopener\" target=\"_blank\" href=\"https:\/\/estardondeestes.com\/movi\/es\/articulos\/estamos-ante-la-cuarta-ola\">cuarta ola<\/a> de la pandemia han frenado la velocidad de recuperaci\u00f3n de este motor estrat\u00e9gico. \u201cNo cabe esperar un buen a\u00f1o para el <a rel=\"nofollow noopener\" target=\"_blank\" href=\"https:\/\/estardondeestes.com\/movi\/es\/articulos\/los-sectores-mas-afectados-por-la-covid-19-aprenden-a-surfear-la-ola-de-la-crisis\">sector<\/a>\u201d, afirma Emilio J. Gonz\u00e1lez, profesor de Econom\u00eda en la Universidad Pontificia Comillas ICAI-ICADE. En cualquier caso, contin\u00faa el experto, ser\u00e1 mejor que en 2020, momento en el que sufri\u00f3 un par\u00f3n casi complete. Para el verano se prev\u00e9 la llegada de entre un 30% y un 40% de los turistas internacionales que ven\u00edan al pa\u00eds antes del estallido de la disaster sanitaria, seg\u00fan las estimaciones de la Autoridad Independiente de Responsabilidad Fiscal (Airef), el organismo encargado de velar por la estabilidad de las cuentas p\u00fablicas.<\/p>\n<p class=\"\">Esta previsi\u00f3n implica la visita de entre 8,5 y 11,5 millones de visitantes extranjeros durante este verano, si se toman como referencia las cifras del Instituto Nacional de Estad\u00edstica (INE) de julio, agosto y septiembre de 2019. Al cierre de 2021, el <a rel=\"nofollow noopener\" target=\"_blank\" href=\"https:\/\/estardondeestes.com\/movi\/es\/articulos\/turismo-como-remontar-este-2021\">sector<\/a> habr\u00e1 recuperado entre un 60% y un 70% de las visitas for\u00e1neas, y lograr\u00e1 plena mejor\u00eda en los siguientes a\u00f1os, de acuerdo con los pron\u00f3sticos de la Airef. Las esperanzas est\u00e1n puestas en el mercado inside y en aquellos pa\u00edses, como el Reino Unido, en los que las campa\u00f1as de vacunaci\u00f3n avanzan m\u00e1s r\u00e1pidamente.<\/p>\n<p class=\"\">\u201cEl 2021 va a ser un a\u00f1o de subsistencia\u201d, reconoce I\u00f1aki Gaztelumendi, experto en el sector y consultor de la Organizaci\u00f3n Mundial del Turismo (OMT), vinculada a Naciones Unidas (ONU). Antes de la pandemia, el <a rel=\"nofollow noopener\" target=\"_blank\" href=\"https:\/\/estardondeestes.com\/movi\/es\/articulos\/como-esta-cambiando-el-turismo-con-la-covid-19\">turismo<\/a> espa\u00f1ol parec\u00eda imbatible. M\u00e1s de 83,7 millones de viajeros extranjeros desembarcaron en el pa\u00eds en 2019 (lo que supuso el s\u00e9ptimo r\u00e9cord consecutivo de llegadas) y desembolsaron unos 92.200 millones de euros, seg\u00fan el INE. \u201cEs imposible que el <a rel=\"nofollow noopener\" target=\"_blank\" href=\"https:\/\/estardondeestes.com\/movi\/es\/articulos\/como-el-turismo-rural-y-el-domestico-pueden-impulsar-la-reactivacion-del-sector\">turismo nacional<\/a> pueda compensar esas cifras\u201d, recalca Gonz\u00e1lez.<\/p>\n<h3 class=\"font_secondary color_gray_ultra_dark\">Una recuperaci\u00f3n llena de incertidumbre<\/h3>\n<p class=\"\">\u201cLas sucesivas oleadas de contagios y el mantenimiento de las medidas restrictivas, junto con la lentitud del proceso de vacunaci\u00f3n en Europa, contin\u00faan proyectando una elevada incertidumbre y retrasan la <a rel=\"nofollow noopener\" target=\"_blank\" href=\"https:\/\/estardondeestes.com\/movi\/es\/articulos\/2021-el-ano-de-la-recuperacion\">recuperaci\u00f3n<\/a> de la actividad econ\u00f3mica\u201d, seg\u00fan el <i>Informe sobre los presupuestos iniciales de las Administraciones P\u00fablicas de 2021<\/i> de la Airef, publicado a principios de abril. Para este a\u00f1o, el Gobierno espera que la econom\u00eda crezca un 6,5%, cifra que est\u00e1 en sinton\u00eda con las previsiones del Fondo Monetario Internacional (6,4%) y con la Airef (6,6%).<\/p>\n<p class=\"\">Hasta hace unos meses, el Ejecutivo estimaba un repunte en el Producto Inside Bruto (PIB) del 7,2% en 2021, tras una ca\u00edda de cerca del 11% en 2020. Este pron\u00f3stico sub\u00eda hasta el 9,8% con la llegada de los recursos del <a rel=\"nofollow noopener\" target=\"_blank\" href=\"https:\/\/estardondeestes.com\/movi\/es\/articulos\/amplio-protagonismo-del-fondo-de-recuperacion-europeo-en-el-sector-turistico\">Fondo de Recuperaci\u00f3n Europeo<\/a>, tambi\u00e9n conocido como Subsequent Technology EU. Pero se ha convertido en papel mojado. \u201cEl retraso en la reactivaci\u00f3n del <a rel=\"nofollow noopener\" target=\"_blank\" href=\"https:\/\/estardondeestes.com\/movi\/es\/articulos\/como-sera-el-gasto-en-ocio-y-turismo-tras-la-covid-19\">turismo<\/a> est\u00e1 frenando la propia senda de crecimiento de la econom\u00eda espa\u00f1ola\u201d, argumenta Gaztelumendi.<\/p>\n<p class=\"\">Este a\u00f1o, el flujo tur\u00edstico internacional en Espa\u00f1a cobrar\u00e1 algo de fuerza, pero su recuperaci\u00f3n plena se espera a lo largo de 2022 o incluso para principios de 2023, subraya la Airef. Retomar el vuelo no ser\u00e1 f\u00e1cil despu\u00e9s del descalabro del a\u00f1o pasado, cuando solo visitaron Espa\u00f1a 18,9 millones de turistas internacionales, un 77,33% menos que un a\u00f1o antes, seg\u00fan el INE. El <a rel=\"nofollow noopener\" target=\"_blank\" href=\"https:\/\/estardondeestes.com\/movi\/es\/articulos\/la-formula-de-la-recuperacion-de-los-sectores-mas-afectados-por-la-covid-19\">sector<\/a>, adem\u00e1s, perdi\u00f3 vigor. Pas\u00f3 de representar el 14,1% del PIB en 2019 al 5,9% en 2020, de acuerdo con el <i>Informe anual de impacto econ\u00f3mico<\/i> del Consejo Mundial de Viajes y Turismo (WTTC, por sus siglas en ingl\u00e9s), un organismo internacional que aglutina a 200 compa\u00f1\u00edas.<\/p>\n<h3 class=\"font_secondary color_gray_ultra_dark\">La esperanza llega con las vacunas<\/h3>\n<p class=\"\">El tiempo para evitar <a rel=\"nofollow noopener\" target=\"_blank\" href=\"https:\/\/estardondeestes.com\/movi\/es\/articulos\/la-quiebra-tecnica-una-situacion-que-se-agrava-tras-la-covid-19\">quiebras<\/a> masivas entre las empresas se agota, avisa la Alianza para la Excelencia Tur\u00edstica (Exceltur), asociaci\u00f3n formada por 33 firmas espa\u00f1olas implicadas en esta actividad que trabajan en 175 pa\u00edses. Al cierre del primer trimestre del a\u00f1o, el sector ha acumulado 15 meses de continuos descensos de facturaci\u00f3n superiores al 70%, seg\u00fan esta instituci\u00f3n. \u201cNo podemos permitirnos un <a rel=\"nofollow noopener\" target=\"_blank\" href=\"https:\/\/estardondeestes.com\/movi\/es\/articulos\/los-viajes-de-los-espanoles-en-el-verano-del-coronavirus\">verano<\/a> como el de 2020\u201d, agregan desde el Instituto de Turismo de Espa\u00f1a (Turespa\u00f1a), el organismo p\u00fablico adscrito al Ministerio de Industria, Comercio y Turismo y responsable de la promoci\u00f3n del pa\u00eds como destino vacacional. La esperanza est\u00e1 puesta en el avance del proceso de inmunizaci\u00f3n.<\/p>\n<p class=\"\">\u201cPara la semana del 19 de julio se espera tener a 25 millones de espa\u00f1oles vacunados y, a finales de agosto, al 70% de la poblaci\u00f3n [33 millones de personas]\u201d, indica este organismo. La misma cifra que anunci\u00f3 p\u00fablicamente el presidente del Gobierno, Pedro S\u00e1nchez, a principios de abril. Adem\u00e1s, Turespa\u00f1a subraya que para junio se pondr\u00e1 en marcha el <a rel=\"nofollow noopener\" target=\"_blank\" href=\"https:\/\/estardondeestes.com\/movi\/es\/articulos\/el-desafio-de-viajar-en-2021-las-dudas-sobre-el-pasaporte-sanitario-y-la-seguridad\">certificado verde digital<\/a> que facilitar\u00e1 la movilidad internacional de los que ya est\u00e9n vacunados. Tambi\u00e9n de aquellos que, sin estarlo, puedan demostrar con un <i>check<\/i> que no est\u00e1n infectados y por tanto no suponen un riesgo en el momento de desplazarse, destaca esta organizaci\u00f3n. Ante este escenario, su previsi\u00f3n es que lleguen al menos un 50% de los turistas extranjeros que visitaron el pa\u00eds antes de la pandemia.<\/p>\n<h3 class=\"font_secondary color_gray_ultra_dark\">Un largo viaje por delante<\/h3>\n<p class=\"\">La industria ya ha visto una incipiente recuperaci\u00f3n en esta <a rel=\"nofollow noopener\" target=\"_blank\" href=\"https:\/\/estardondeestes.com\/movi\/es\/articulos\/como-ha-sido-el-consumo-de-los-espanoles-esta-semana-santa\">Semana Santa<\/a>. De acuerdo con <a rel=\"nofollow noopener\" target=\"_blank\" href=\"https:\/\/estardondeestes.com\/movi\/es\/pulso\">Pulso<\/a>, la herramienta de Banco Sabadell que permite analizar la evoluci\u00f3n de la recuperaci\u00f3n, la actividad comercial en Espa\u00f1a, seg\u00fan el pago con tarjetas durante la primera semana de abril, ha representado el 132,52% del mismo periodo del a\u00f1o anterior, cuando la ciudadan\u00eda estaba sometida a un confinamiento estricto tras la declaraci\u00f3n del primer estado de alarma.<\/p>\n<p class=\"\">Pero queda un largo viaje por recorrer para alcanzar los niveles precovid. \u201cLa recuperaci\u00f3n del sector no solo va a ser lenta, sino tambi\u00e9n asim\u00e9trica. La crisis afecta especialmente a los destinos m\u00e1s expuestos al mercado internacional\u201d, sostiene Gaztelumendi. Es el caso de Baleares y Canarias, donde el gasto tur\u00edstico extranjero supone alrededor del 40% del PIB native, seg\u00fan el INE.<\/p>\n<p class=\"\">El turismo espa\u00f1ol, es decir, el nacional, no podr\u00e1 compensar al extranjero. \u201cHay que tener en cuenta la situaci\u00f3n econ\u00f3mica interna\u201d, resalta Gonz\u00e1lez. En marzo de este a\u00f1o hab\u00eda 3,95 millones de parados y casi 750.000 trabajadores bajo el r\u00e9gimen de expediente de regulaci\u00f3n temporal de empleo (<a rel=\"nofollow noopener\" target=\"_blank\" href=\"https:\/\/estardondeestes.com\/movi\/es\/articulos\/nueva-prorroga-de-los-erte-que-hay-que-tener-en-cuenta\">ERTE<\/a>), seg\u00fan las cifras del Gobierno. \u201cEstas personas lo tienen dif\u00edcil para disfrutar de unas vacaciones\u201d.<\/p>\n<p class=\"\">Adem\u00e1s, la confianza del consumidor se sit\u00faa en niveles similares a los m\u00ednimos que se alcanzaron en la disaster de 2008, que ya fueron de por s\u00ed muy bajos, agrega el profesor de ICAI-ICADE, con base en el informe de marzo del \u00cdndice de Confianza del Consumidor (ICC), elaborado por el Centro de Investigaciones Sociol\u00f3gicas (CIS). \u201cSi la confianza no se recupera, es dif\u00edcil que mucha gente se decida a disfrutar de estancias prolongadas o incluso a irse de vacaciones\u201d, se\u00f1ala.<\/p>\n<p class=\"\">El turismo interno no est\u00e1 en condiciones de cubrir el porcentaje que dejan de cubrir los turistas extranjeros, comenta Gaztelumendi. \u201cNo debemos olvidar que este turismo represent\u00f3 solo una de cada tres pernoctaciones hoteleras en Espa\u00f1a en 2019\u201d, agrega. \u201cLos turistas nacionales ayudar\u00e1n a aliviar la temporada de verano. Pero no la pueden salvar\u201d, concluye el experto.<\/p>\n<h3 class=\"font_secondary color_gray_ultra_dark\"><b>La llegada de brit\u00e1nicos este verano<\/b><\/h3>\n<p class=\"\">La mirada est\u00e1 puesta en los turistas de pa\u00edses que van por delante en el proceso de vacunaci\u00f3n. Por ejemplo, el Reino Unido, donde se ha inmunizado al 57% de la poblaci\u00f3n adulta, al menos con una primera dosis, de acuerdo con las cifras de su Departamento de Salud. \u201cEspa\u00f1a sigue siendo el destino preferido para los viajeros brit\u00e1nicos. El avance de su vacunaci\u00f3n est\u00e1 haciendo caer de manera muy notable su incidencia de contagios, por lo que de seguir en esa evoluci\u00f3n podr\u00eda entrar pr\u00f3ximamente en el listado de pa\u00edses exentos de las restricciones a los viajes no esenciales que impone la Uni\u00f3n Europea a terceros pa\u00edses\u201d, comentan desde Turespa\u00f1a.<\/p>\n<p class=\"\">El Reino Unido es la principal fuente de turistas que visitan Espa\u00f1a, tanto en periodo estival como en invierno, las dos temporadas de m\u00e1s afluencia de extranjeros en el pa\u00eds, seg\u00fan las cifras del INE. En 2019, llegaron m\u00e1s de 18 millones de brit\u00e1nicos, lo que representa el 21,6% de los for\u00e1neos que visitaron Espa\u00f1a. Detr\u00e1s de ellos estuvieron los alemanes (13,4%) y los franceses (13,3%).<\/p>\n<p class=\"\">El a\u00f1o pasado, debido a las restricciones de movilidad, la <a rel=\"nofollow noopener\" target=\"_blank\" href=\"https:\/\/estardondeestes.com\/movi\/es\/articulos\/es-el-fin-del-turismo-de-masas\">llegada<\/a> de turistas brit\u00e1nicos descendi\u00f3 hasta los 3,2 millones. Quedaron relegados al segundo puesto, por detr\u00e1s de los franceses, que encabezaron las llegadas con una afluencia de 3,9 millones de visitantes, de acuerdo con los datos del INE. \u201cLos turistas brit\u00e1nicos est\u00e1n deseando volver a Espa\u00f1a y nosotros estamos ansiosos por recibirlos con seguridad\u201d, abunda Turespa\u00f1a.<\/p>\n<\/div>\n\n<p><em> &#8221; Fuentes elpais.com &#8221; <\/em><\/p>\n","protected":false},"excerpt":{"rendered":"<p>El pulso de la industria tur\u00edstica espa\u00f1ola sigue d\u00e9bil. El avance en las vacunaciones, m\u00e1s lento de lo esperado, y la llegada de una cuarta ola de la pandemia han frenado la velocidad de recuperaci\u00f3n de este motor estrat\u00e9gico. \u201cNo cabe esperar un buen a\u00f1o para el sector\u201d, afirma Emilio J. Gonz\u00e1lez, profesor de Econom\u00eda [&hellip;]<\/p>\n","protected":false},"author":4,"featured_media":0,"comment_status":"open","ping_status":"closed","sticky":false,"template":"","format":"standard","meta":{"om_disable_all_campaigns":false,"jnews-multi-image_gallery":[],"jnews_single_post":[],"jnews_primary_category":[],"jnews_social_meta":[],"footnotes":""},"categories":[40],"tags":[],"class_list":["post-119101","post","type-post","status-publish","format-standard","hentry","category-industria"],"_links":{"self":[{"href":"https:\/\/dimensionturistica.com\/es\/wp-json\/wp\/v2\/posts\/119101","targetHints":{"allow":["GET"]}}],"collection":[{"href":"https:\/\/dimensionturistica.com\/es\/wp-json\/wp\/v2\/posts"}],"about":[{"href":"https:\/\/dimensionturistica.com\/es\/wp-json\/wp\/v2\/types\/post"}],"author":[{"embeddable":true,"href":"https:\/\/dimensionturistica.com\/es\/wp-json\/wp\/v2\/users\/4"}],"replies":[{"embeddable":true,"href":"https:\/\/dimensionturistica.com\/es\/wp-json\/wp\/v2\/comments?post=119101"}],"version-history":[{"count":0,"href":"https:\/\/dimensionturistica.com\/es\/wp-json\/wp\/v2\/posts\/119101\/revisions"}],"wp:attachment":[{"href":"https:\/\/dimensionturistica.com\/es\/wp-json\/wp\/v2\/media?parent=119101"}],"wp:term":[{"taxonomy":"category","embeddable":true,"href":"https:\/\/dimensionturistica.com\/es\/wp-json\/wp\/v2\/categories?post=119101"},{"taxonomy":"post_tag","embeddable":true,"href":"https:\/\/dimensionturistica.com\/es\/wp-json\/wp\/v2\/tags?post=119101"}],"curies":[{"name":"wp","href":"https:\/\/api.w.org\/{rel}","templated":true}]}}