{"id":119066,"date":"2021-04-30T15:45:51","date_gmt":"2021-04-30T15:45:51","guid":{"rendered":"https:\/\/dimensionturistica.com\/es\/?p=119066"},"modified":"2021-04-30T15:45:51","modified_gmt":"2021-04-30T15:45:51","slug":"aerolineas-argentinas-suspende-vuelos-a-cuatro-destinos-en-latinoamerica","status":"publish","type":"post","link":"https:\/\/dimensionturistica.com\/es\/aerolineas-argentinas-suspende-vuelos-a-cuatro-destinos-en-latinoamerica\/","title":{"rendered":"Aerol\u00edneas Argentinas suspende vuelos a cuatro destinos en Latinoam\u00e9rica"},"content":{"rendered":"<p> <br \/>\n<\/p>\n<div id=\"\">\n<span class=\"show-for-sr\">Este contenido fue publicado el 30 abril 2021 &#8211; 15:32<\/span><br \/>\n<time class=\"si-detail__date\" datetime=\"2021-04-30T15:32:23+02:00\"><br \/>\n<span aria-hidden=\"true\">30 abril 2021 &#8211; 15:32<\/span><br \/>\n<\/time><\/p>\n<address class=\"si-detail__author\" data-uk-scrollspy=\"hidden: false; repeat: true; offset-top: -50\">\n<\/address>\n<p>Buenos Aires, 30 abr (EFE).- Aerol\u00edneas Argentinas anunci\u00f3 este viernes su decisi\u00f3n de suspender temporalmente las operaciones a Canc\u00fan (M\u00e9xico), Punta Cana (Rep\u00fablica Dominicana), Santa Cruz de la Sierra (Bolivia) y R\u00edo de Janeiro (Brasil) debido a la situaci\u00f3n sanitaria por la pandemia de covid-19.<\/p>\n<p>La l\u00ednea a\u00e9rea estatal dijo en un comunicado que las modificaciones en su programaci\u00f3n de vuelos regionales e internacionales obedece a las &#8220;restricciones vigentes producto de la pandemia global&#8221; y a la situaci\u00f3n sanitaria en Argentina y en algunos de los destinos de la compa\u00f1\u00eda.<\/p>\n<p>Por ello, la aerol\u00ednea precis\u00f3 que suspender\u00e1 todas sus operaciones a Punta Cana y Canc\u00fan entre el 16 de mayo y el 31 de agosto.<\/p>\n<p>Aquellos pasajeros que ya hayan iniciado su viaje a esos destinos podr\u00e1n volver a Argentina en vuelos de Aerol\u00edneas hasta el 15 de mayo.<\/p>\n<p>De igual forma, ser\u00e1n suspendidos los vuelos durante mayo y junio a Rio de Janeiro y a Santa Cruz de la Sierra.<\/p>\n<p>Aerol\u00edneas Argentinas aclar\u00f3 que mantendr\u00e1 la conectividad con Brasil desde Sao Paulo, operando mediante vuelos especiales para aquellos argentinos que deban retornar a Argentina.<\/p>\n<p>Por su parte, los pasajeros hacia y desde Bolivia ser\u00e1n reubicados en otros vuelos.<\/p>\n<p>La compa\u00f1\u00eda dijo que informar\u00e1 a los pasajeros de vuelos no iniciados mediante un correo electr\u00f3nico y aplicar\u00e1 la pol\u00edtica comercial vigente a las nuevas reservas alcanzadas, permitiendo el cambio sin cargo de los pasajes hasta el 15 de diciembre pr\u00f3ximo.<\/p>\n<p>Los pasajeros que hayan comprado su boleto a\u00e9reo a trav\u00e9s de agencias de viajes y otros canales indirectos deber\u00e1n realizar la gesti\u00f3n de cambios a trav\u00e9s de los mismos. EFE<\/p>\n<p>\u00a9 EFE 2021. Est\u00e1 expresamente prohibida la redistribuci\u00f3n y la redifusi\u00f3n de todo o parte de los contenidos de los servicios de Efe, sin previo y expreso consentimiento de la Agencia EFE S.A.<\/p>\n<\/p><\/div>\n\n<p><em> &#8221; Fuentes www.swissinfo.ch &#8221; <\/em><\/p>\n","protected":false},"excerpt":{"rendered":"<p>Este contenido fue publicado el 30 abril 2021 &#8211; 15:32 30 abril 2021 &#8211; 15:32 Buenos Aires, 30 abr (EFE).- Aerol\u00edneas Argentinas anunci\u00f3 este viernes su decisi\u00f3n de suspender temporalmente las operaciones a Canc\u00fan (M\u00e9xico), Punta Cana (Rep\u00fablica Dominicana), Santa Cruz de la Sierra (Bolivia) y R\u00edo de Janeiro (Brasil) debido a la situaci\u00f3n sanitaria [&hellip;]<\/p>\n","protected":false},"author":4,"featured_media":118411,"comment_status":"open","ping_status":"closed","sticky":false,"template":"","format":"standard","meta":{"om_disable_all_campaigns":false,"jnews-multi-image_gallery":[],"jnews_single_post":[],"jnews_primary_category":[],"jnews_social_meta":[],"footnotes":""},"categories":[40],"tags":[],"class_list":["post-119066","post","type-post","status-publish","format-standard","has-post-thumbnail","hentry","category-industria"],"_links":{"self":[{"href":"https:\/\/dimensionturistica.com\/es\/wp-json\/wp\/v2\/posts\/119066","targetHints":{"allow":["GET"]}}],"collection":[{"href":"https:\/\/dimensionturistica.com\/es\/wp-json\/wp\/v2\/posts"}],"about":[{"href":"https:\/\/dimensionturistica.com\/es\/wp-json\/wp\/v2\/types\/post"}],"author":[{"embeddable":true,"href":"https:\/\/dimensionturistica.com\/es\/wp-json\/wp\/v2\/users\/4"}],"replies":[{"embeddable":true,"href":"https:\/\/dimensionturistica.com\/es\/wp-json\/wp\/v2\/comments?post=119066"}],"version-history":[{"count":0,"href":"https:\/\/dimensionturistica.com\/es\/wp-json\/wp\/v2\/posts\/119066\/revisions"}],"wp:featuredmedia":[{"embeddable":true,"href":"https:\/\/dimensionturistica.com\/es\/wp-json\/wp\/v2\/media\/118411"}],"wp:attachment":[{"href":"https:\/\/dimensionturistica.com\/es\/wp-json\/wp\/v2\/media?parent=119066"}],"wp:term":[{"taxonomy":"category","embeddable":true,"href":"https:\/\/dimensionturistica.com\/es\/wp-json\/wp\/v2\/categories?post=119066"},{"taxonomy":"post_tag","embeddable":true,"href":"https:\/\/dimensionturistica.com\/es\/wp-json\/wp\/v2\/tags?post=119066"}],"curies":[{"name":"wp","href":"https:\/\/api.w.org\/{rel}","templated":true}]}}