{"id":118963,"date":"2021-04-30T13:27:35","date_gmt":"2021-04-30T13:27:35","guid":{"rendered":"https:\/\/dimensionturistica.com\/es\/?p=118963"},"modified":"2021-04-30T13:27:36","modified_gmt":"2021-04-30T13:27:36","slug":"profesionales-de-agencias-de-viaje-conoceran-los-recursos-turisticos-del-municipio","status":"publish","type":"post","link":"https:\/\/dimensionturistica.com\/es\/profesionales-de-agencias-de-viaje-conoceran-los-recursos-turisticos-del-municipio\/","title":{"rendered":"Profesionales de agencias de viaje conocer\u00e1n los recursos tur\u00edsticos del municipio"},"content":{"rendered":"<p> <br \/>\n<\/p>\n<div>\n<figure class=\"single-post-image wp-caption\"><img decoding=\"async\" src=\"https:\/\/www.diarioarea.com\/wp-content\/uploads\/2021\/04\/Rutas_guiadas_turismo-750x500.jpeg\" alt=\"\"\/><figcaption class=\"wp-caption-text\">Ruta guiada de turismo en La L\u00ednea<\/figcaption><\/figure>\n<p> <time class=\"entry-time\">30 abril, 2021 <\/time> \u00b7 <time class=\"entry-modified-time\">Modificada: 30\/04\/2021<\/time> &#8211; <time class=\"entry-modified-time\">15:16<\/time><\/p>\n<p>El verano se va acercando y es importante potenciar el turismo en el Campo de Gibraltar en un contexto de pandemia.<\/p>\n<p>As\u00ed, private de la delegaci\u00f3n municipal de Turismo, que dirige la concejal<strong> Mercedes Atanet<\/strong>, recibir\u00e1 el pr\u00f3ximo martes, 4 de mayo, a un grupo de profesionales de agencias de viajes, acompa\u00f1ados por un t\u00e9cnico de turismo de Vejer de la Frontera y un t\u00e9cnico de Turismo Andaluz.<\/p>\n<p>El encuentro se trata de la primera etapa de<strong> un viaje de familiarizaci\u00f3n<\/strong> (<em>fam journey<\/em>), organizado por el Patronato provincial de Turismo de C\u00e1diz y Turismo Andaluz, cuyo objetivo es posibilitar que ocho agencias receptivas andaluzas, con sede en Sevilla, Huelva y M\u00e1laga, conozcan algunos de los atractivos locales. Dicha iniciativa se enmarca en el <strong>plan de choque Covid-19, <\/strong>que desarrolla la Consejer\u00eda de Turismo, Regeneraci\u00f3n, Justicia y Administraci\u00f3n Native de la Junta de Andaluc\u00eda.<\/p>\n<p>Seg\u00fan los organizadores, esta acci\u00f3n est\u00e1 enfocada a recuperar la actividad de estos intermediarios ante la dif\u00edcil situaci\u00f3n precise ocasionada por la disaster sanitaria, d\u00e1ndoles a conocer recursos para su <strong>especializaci\u00f3n en el destino <\/strong>y los productos de la zona, posibilitando con ello la creaci\u00f3n de paquetes propios y la operatividad de sus servicios.<\/p>\n<p>En su paso por la ciudad los participantes se hospedar\u00e1n en las <strong>Boat Haus Mediterranean Expertise <\/strong>y realizar\u00e1n la Ruta de los B\u00fankeres, por la que han mostrado un profundo inter\u00e9s.<\/p>\n<p>La concejal y delegada municipal de Turismo, Mercedes Atanet Armida, ha mostrado su satisfacci\u00f3n por esta iniciativa promocional y desea agradecer al Patronato as\u00ed como a <strong>Turismo Andaluz<\/strong> el hecho de que hayan elegido la ciudad como punto de partida de esta experiencia, que en su opini\u00f3n ser\u00e1 sin duda beneficiosa para el turismo native as\u00ed como para la contribuci\u00f3n de la misma en la recuperaci\u00f3n de la industria en la provincia.<\/p>\n<p> <!-- AI CONTENT END 2 --><\/div>\n\n<p><em> &#8221; Fuentes www.diarioarea.com &#8221; <\/em><\/p>\n","protected":false},"excerpt":{"rendered":"<p>Ruta guiada de turismo en La L\u00ednea 30 abril, 2021 \u00b7 Modificada: 30\/04\/2021 &#8211; 15:16 El verano se va acercando y es importante potenciar el turismo en el Campo de Gibraltar en un contexto de pandemia. As\u00ed, private de la delegaci\u00f3n municipal de Turismo, que dirige la concejal Mercedes Atanet, recibir\u00e1 el pr\u00f3ximo martes, 4 [&hellip;]<\/p>\n","protected":false},"author":4,"featured_media":0,"comment_status":"open","ping_status":"closed","sticky":false,"template":"","format":"standard","meta":{"om_disable_all_campaigns":false,"jnews-multi-image_gallery":[],"jnews_single_post":[],"jnews_primary_category":[],"jnews_social_meta":[],"footnotes":""},"categories":[40],"tags":[],"class_list":["post-118963","post","type-post","status-publish","format-standard","hentry","category-industria"],"_links":{"self":[{"href":"https:\/\/dimensionturistica.com\/es\/wp-json\/wp\/v2\/posts\/118963","targetHints":{"allow":["GET"]}}],"collection":[{"href":"https:\/\/dimensionturistica.com\/es\/wp-json\/wp\/v2\/posts"}],"about":[{"href":"https:\/\/dimensionturistica.com\/es\/wp-json\/wp\/v2\/types\/post"}],"author":[{"embeddable":true,"href":"https:\/\/dimensionturistica.com\/es\/wp-json\/wp\/v2\/users\/4"}],"replies":[{"embeddable":true,"href":"https:\/\/dimensionturistica.com\/es\/wp-json\/wp\/v2\/comments?post=118963"}],"version-history":[{"count":0,"href":"https:\/\/dimensionturistica.com\/es\/wp-json\/wp\/v2\/posts\/118963\/revisions"}],"wp:attachment":[{"href":"https:\/\/dimensionturistica.com\/es\/wp-json\/wp\/v2\/media?parent=118963"}],"wp:term":[{"taxonomy":"category","embeddable":true,"href":"https:\/\/dimensionturistica.com\/es\/wp-json\/wp\/v2\/categories?post=118963"},{"taxonomy":"post_tag","embeddable":true,"href":"https:\/\/dimensionturistica.com\/es\/wp-json\/wp\/v2\/tags?post=118963"}],"curies":[{"name":"wp","href":"https:\/\/api.w.org\/{rel}","templated":true}]}}