{"id":118924,"date":"2021-04-30T12:22:14","date_gmt":"2021-04-30T12:22:14","guid":{"rendered":"https:\/\/dimensionturistica.com\/es\/?p=118924"},"modified":"2021-04-30T12:22:15","modified_gmt":"2021-04-30T12:22:15","slug":"largas-colas-en-constitucion-hay-demoras-para-ingresar-al-subte-de-la-ciudad-de-buenos-aires","status":"publish","type":"post","link":"https:\/\/dimensionturistica.com\/es\/largas-colas-en-constitucion-hay-demoras-para-ingresar-al-subte-de-la-ciudad-de-buenos-aires\/","title":{"rendered":"Largas colas en Constituci\u00f3n: hay demoras para ingresar al subte de la Ciudad de Buenos Aires"},"content":{"rendered":"<p> <br \/>\n<\/p>\n<div>\n<div class=\"article-video | visual__video height_auto width_full margin_vertical_10px\"><figcaption class=\"padding_horizontal_15px margin_bottom_15px\">Este viernes, se registraban largas filas y demoras en Constituci\u00f3n por management de permisos. <\/figcaption><\/div>\n<p class=\"paragraph\">El centro de transbordo Constituci\u00f3n, uno de los principales puntos de movilidad de la Ciudad de Buenos Aires, registraba durante la ma\u00f1ana del viernes importantes demoras en la circulaci\u00f3n de los pasajeros, con largas filas para ingresar al servicio de subterr\u00e1neo.<\/p>\n<p class=\"paragraph\">En la previa a la implementaci\u00f3n de las nuevas restricciones, a ra\u00edz de la segunda ola de contagios de coronavirus, <b>los operativos de management de permisos de circulaci\u00f3n generaba largas filas hacia las 7 de la ma\u00f1ana<\/b>, en las \u00e1reas de espera de ingreso al aire libre.<\/p>\n<p class=\"paragraph\">\u201c<b>Viajamos como siempre, mal, lleno de gente. Tengo que llegar a las 8 de la ma\u00f1ana, ya llego tarde<\/b>. <b>Pierdo el presentismo<\/b>\u201d, ilustraba hoy una de las pasajeras en di\u00e1logo con el canal <i>TN<\/i>.<\/p>\n<p class=\"paragraph\">El Centro de Trasbordo Constituci\u00f3n, que se ubica en la plazoleta delimitada por las calles Brasil, Garay, Lima Oeste y Lima Este, habitualmente registra un flujo masivo de personas. Antes de la pandemia, al menos 200 mil pasajeros se movilizaban por esa conexi\u00f3n.<\/p>\n<p class=\"paragraph\">A pesar de los controles y las restricciones establecidas por el Gobierno nacional y porte\u00f1o, donde solo est\u00e1n permitidos los viajes del private esencial y exceptuado, <b>la circulaci\u00f3n de los pasajeros se manten\u00eda alta en las \u00faltimas semanas en la pink de trenes y subte<\/b>, con aglomeraci\u00f3n de personas en las unidades.<\/p>\n<p class=\"paragraph\">Desde el \u00e1rea de Transporte del gobierno porte\u00f1o indicaron que las demoras \u201cson necesarias\u201d y que se deben a los controles de permisos por parte de los agentes de tr\u00e1nsito. Lo que se busca es cumplir el aforo en el transporte p\u00fablico y garantizar que la espera sea en un entorno seguro, con tapabocas y al aire libre.<\/p>\n<div class=\"visual__image  image_container\"><img decoding=\"async\" alt=\"Ante la pr\u00f3xima fase sanitaria, el Gobierno nacional y porte\u00f1o endurecer\u00e1n los controles de permisos. (Maximiliano Luna)\" height=\"1370\" width=\"1920\" src=\"https:\/\/www.infobae.com\/new-resizer\/HKs5TDbfEWXdZBZi8CShWHEjED4=\/420x315\/filters:format(jpg):quality(85)\/cloudfront-us-east-1.images.arcpublishing.com\/infobae\/OSXKYF7VYNFURPSWC7C4KC455M.jpg\" srcset=\"https:\/\/www.infobae.com\/new-resizer\/HKs5TDbfEWXdZBZi8CShWHEjED4=\/420x315\/filters:format(jpg):quality(85)\/cloudfront-us-east-1.images.arcpublishing.com\/infobae\/OSXKYF7VYNFURPSWC7C4KC455M.jpg 420w,https:\/\/www.infobae.com\/new-resizer\/7-BeGI1nOkmFlJBmTBr8lFQ9U40=\/768x576\/filters:format(jpg):quality(85)\/cloudfront-us-east-1.images.arcpublishing.com\/infobae\/OSXKYF7VYNFURPSWC7C4KC455M.jpg 768w,https:\/\/www.infobae.com\/new-resizer\/aATgYlqcNdrHonlrcZDfxpbFFaU=\/992x744\/filters:format(jpg):quality(85)\/cloudfront-us-east-1.images.arcpublishing.com\/infobae\/OSXKYF7VYNFURPSWC7C4KC455M.jpg 992w,https:\/\/www.infobae.com\/new-resizer\/815-3CLENNwKqUUkrp53JuPfMvQ=\/1200x900\/filters:format(jpg):quality(85)\/cloudfront-us-east-1.images.arcpublishing.com\/infobae\/OSXKYF7VYNFURPSWC7C4KC455M.jpg 1200w\" sizes=\"auto, (min-width: 800px) 50vw, 90vw\" loading=\"lazy\"\/><figcaption>Ante la pr\u00f3xima fase sanitaria, el Gobierno nacional y porte\u00f1o endurecer\u00e1n los controles de permisos. (Maximiliano Luna)<\/figcaption><\/div>\n<p class=\"paragraph\">A partir del aumento sostenido de casos de coronavirus que se est\u00e1 registrando en la Argentina, y principalmente en el \u00c1rea Metropolitana de Buenos Aires, el Gobierno extender\u00eda el plazo de vigencia de las \u00faltimas restricciones implementadas. A su vez, <a rel=\"nofollow noopener\" target=\"_blank\" href=\"https:\/\/www.infobae.com\/politica\/2021\/04\/29\/cerca-del-vencimiento-del-dnu-el-gobierno-define-com\">endurecer\u00eda los controles en la calle con el objetivo de reducir la circulaci\u00f3n.<\/a><\/p>\n<p class=\"paragraph\">En este marco, en Naci\u00f3n, Provincia y la Ciudad de Buenos Aires, buscar\u00e1n ser m\u00e1s estrictos con el<b> uso del transporte p\u00fablico<\/b>, que t\u00e9cnicamente sigue siendo exclusivo para trabajadores esenciales y otros usuarios que cuenten con alguna autorizaci\u00f3n especial, quienes deben tener el permiso correspondiente, impreso o dentro de la app Cuidar, al momento de viajar.<\/p>\n<p class=\"paragraph\">Si bien la normativa se conocer\u00e1 una vez que se publique en el Bolet\u00edn Oficial el nuevo decreto del presidente <b>Alberto Fern\u00e1ndez<\/b>, el cual contendr\u00e1 las medidas actualizadas, no se descarta que se les exija a los pasajeros renovar el <b>\u201cCertificado \u00danico de Circulaci\u00f3n-Coronavirus COVID-19\u201d (CUCH). <\/b><a rel=\"nofollow noopener\" target=\"_blank\" href=\"https:\/\/www.infobae.com\/politica\/2021\/04\/28\/mayor-control-de-los-permisos-y-cierre-de-algunos-accesos-a-la-ciudad-de-buenos-aires-los-puntos-acordados-entre-nacion-y-el-gobierno-porteno\/\">Esta intenci\u00f3n trascendi\u00f3 luego de la \u00faltima reuni\u00f3n<\/a> entre la ministra de Seguridad nacional,<b> Sabina Frederic<\/b>, y el secretario de Seguridad porte\u00f1o, <b>Marcelo D\u2019Alessandro.<\/b><\/p>\n<p class=\"paragraph\">El cumplimiento de la normativa preventiva y sanitaria pone en tensi\u00f3n a todos los actores del transporte. Este viernes, la Uni\u00f3n Tranviarios Automotor realiz\u00f3 ayer una protesta en avenida Belgrano y Jujuy, para presentar un petitorio formal ante el Ministerio de Salud que garantice un plan de vacunaci\u00f3n para los trabajadores del transporte p\u00fablico.<\/p>\n<div class=\"visual__image  image_container\"><img decoding=\"async\" alt=\"(Maximiliano Luna)\" height=\"1243\" width=\"1920\" src=\"https:\/\/www.infobae.com\/new-resizer\/b6fNoxQ2fPWKAnC3T4YNSLCiB64=\/420x280\/filters:format(jpg):quality(85)\/cloudfront-us-east-1.images.arcpublishing.com\/infobae\/AXM7TD5UXNEGNCGESWIWYD6ZLQ.jpg\" srcset=\"https:\/\/www.infobae.com\/new-resizer\/b6fNoxQ2fPWKAnC3T4YNSLCiB64=\/420x280\/filters:format(jpg):quality(85)\/cloudfront-us-east-1.images.arcpublishing.com\/infobae\/AXM7TD5UXNEGNCGESWIWYD6ZLQ.jpg 420w,https:\/\/www.infobae.com\/new-resizer\/nS4EbguhZp2ivEEr4ibxoAN6eL4=\/768x512\/filters:format(jpg):quality(85)\/cloudfront-us-east-1.images.arcpublishing.com\/infobae\/AXM7TD5UXNEGNCGESWIWYD6ZLQ.jpg 768w,https:\/\/www.infobae.com\/new-resizer\/nfrD4gWVKfF9NfNECBvThupUxB0=\/992x661\/filters:format(jpg):quality(85)\/cloudfront-us-east-1.images.arcpublishing.com\/infobae\/AXM7TD5UXNEGNCGESWIWYD6ZLQ.jpg 992w,https:\/\/www.infobae.com\/new-resizer\/Ft_OWvsW2lInKLoM_P0A_xp4VLg=\/1200x800\/filters:format(jpg):quality(85)\/cloudfront-us-east-1.images.arcpublishing.com\/infobae\/AXM7TD5UXNEGNCGESWIWYD6ZLQ.jpg 1200w\" sizes=\"auto, (min-width: 800px) 50vw, 90vw\" loading=\"lazy\"\/><figcaption>(Maximiliano Luna)<\/figcaption><\/div>\n<p class=\"paragraph\"><b>SEGUIR LEYENDO:<\/b><\/p>\n<div class=\"text-element\"><a rel=\"nofollow noopener\" target=\"_blank\" href=\"https:\/\/www.infobae.com\/sociedad\/2021\/04\/30\/mas-restricciones-en-la-circulacion-como-volver-a-sacar-el-permiso-para-usar-el-transporte-publico\/\">M\u00e1s restricciones en la circulaci\u00f3n: c\u00f3mo volver a sacar el permiso para usar el transporte p\u00fablico<\/a><\/div>\n<div class=\"text-element\"><a rel=\"nofollow noopener\" target=\"_blank\" href=\"https:\/\/www.infobae.com\/politica\/2021\/04\/30\/el-gobierno-inicia-la-ultima-ronda-de-reuniones-para-dictar-el-nuevo-dnu-con-mas-restricciones-contra-la-segunda-ola-de-covid-19\/\">El Gobierno inicia la \u00faltima ronda de reuniones para dictar el nuevo DNU con m\u00e1s restricciones contra la segunda ola de COVID-19<\/a><\/div>\n<div class=\"text-element\"><a rel=\"nofollow noopener\" target=\"_blank\" href=\"https:\/\/www.infobae.com\/educacion\/2021\/04\/30\/el-gobierno-decidio-suspender-por-dos-semanas-mas-las-clases-presenciales-en-el-amba-pero-en-la-ciudad-de-buenos-aires-rechazan-un-cierre-total\/\">El Gobierno decidi\u00f3 suspender por dos semanas m\u00e1s las clases presenciales en el AMBA, pero en la Ciudad de Buenos Aires rechazan un cierre total<\/a><\/div>\n<\/div>\n<p><script defer=\"\">!function(f,b,e,v,n,t,s) {if(f.fbq)return;n=f.fbq=function(){n.callMethod? n.callMethod.apply(n,arguments):n.queue.push(arguments)}; if(!f._fbq)f._fbq=n;n.push=n;n.loaded=!0;n.version='2.0'; n.queue=[];t=b.createElement(e);t.async=!0; t.src=v;s=b.getElementsByTagName(e)[0]; s.parentNode.insertBefore(t,s)}(window, document,'script', 'https:\/\/connect.facebook.net\/en_US\/fbevents.js'); fbq('init', '336383993555320'); fbq('track', 'PageView'); fbq('track', 'ViewContent');<\/script><br \/>\n<br \/><\/p>\n<p><em> &#8221; Fuentes www.infobae.com &#8221; <\/em><\/p>\n","protected":false},"excerpt":{"rendered":"<p>Este viernes, se registraban largas filas y demoras en Constituci\u00f3n por management de permisos. El centro de transbordo Constituci\u00f3n, uno de los principales puntos de movilidad de la Ciudad de Buenos Aires, registraba durante la ma\u00f1ana del viernes importantes demoras en la circulaci\u00f3n de los pasajeros, con largas filas para ingresar al servicio de subterr\u00e1neo. [&hellip;]<\/p>\n","protected":false},"author":4,"featured_media":0,"comment_status":"open","ping_status":"closed","sticky":false,"template":"","format":"standard","meta":{"om_disable_all_campaigns":false,"jnews-multi-image_gallery":[],"jnews_single_post":[],"jnews_primary_category":[],"jnews_social_meta":[],"footnotes":""},"categories":[40],"tags":[],"class_list":["post-118924","post","type-post","status-publish","format-standard","hentry","category-industria"],"_links":{"self":[{"href":"https:\/\/dimensionturistica.com\/es\/wp-json\/wp\/v2\/posts\/118924","targetHints":{"allow":["GET"]}}],"collection":[{"href":"https:\/\/dimensionturistica.com\/es\/wp-json\/wp\/v2\/posts"}],"about":[{"href":"https:\/\/dimensionturistica.com\/es\/wp-json\/wp\/v2\/types\/post"}],"author":[{"embeddable":true,"href":"https:\/\/dimensionturistica.com\/es\/wp-json\/wp\/v2\/users\/4"}],"replies":[{"embeddable":true,"href":"https:\/\/dimensionturistica.com\/es\/wp-json\/wp\/v2\/comments?post=118924"}],"version-history":[{"count":0,"href":"https:\/\/dimensionturistica.com\/es\/wp-json\/wp\/v2\/posts\/118924\/revisions"}],"wp:attachment":[{"href":"https:\/\/dimensionturistica.com\/es\/wp-json\/wp\/v2\/media?parent=118924"}],"wp:term":[{"taxonomy":"category","embeddable":true,"href":"https:\/\/dimensionturistica.com\/es\/wp-json\/wp\/v2\/categories?post=118924"},{"taxonomy":"post_tag","embeddable":true,"href":"https:\/\/dimensionturistica.com\/es\/wp-json\/wp\/v2\/tags?post=118924"}],"curies":[{"name":"wp","href":"https:\/\/api.w.org\/{rel}","templated":true}]}}