{"id":118885,"date":"2021-04-30T11:07:23","date_gmt":"2021-04-30T11:07:23","guid":{"rendered":"https:\/\/dimensionturistica.com\/es\/?p=118885"},"modified":"2021-04-30T11:07:24","modified_gmt":"2021-04-30T11:07:24","slug":"mancomunidad-promociona-el-turismo-de-la-costa-tropical-en-varsovia-y-alemania-en-unas-jornadas-on-line","status":"publish","type":"post","link":"https:\/\/dimensionturistica.com\/es\/mancomunidad-promociona-el-turismo-de-la-costa-tropical-en-varsovia-y-alemania-en-unas-jornadas-on-line\/","title":{"rendered":"Mancomunidad promociona el turismo de la Costa Tropical en Varsovia y Alemania en unas jornadas on-line"},"content":{"rendered":"<p> <br \/>\n<\/p>\n<div>\n<div class=\"wp-block-image\">\n<figure class=\"aligncenter size-large\"><a rel=\"nofollow noopener\" target=\"_blank\" href=\"https:\/\/europatropical.files.wordpress.com\/2020\/01\/la-mancomunidad-cierra-fitur-2020-con-nuevas-lc3adneas-de-promocic3b3n-turc3adstica.jpg\"><img decoding=\"async\" data-attachment-id=\"163240\" data-permalink=\"https:\/\/europatropical.net\/2020\/01\/24\/la-mancomunidad-cierra-fitur-2020-con-nuevas-lineas-de-promocion-turistica\/la-mancomunidad-cierra-fitur-2020-con-nuevas-lineas-de-promocion-turistica\/\" data-orig-file=\"https:\/\/europatropical.files.wordpress.com\/2020\/01\/la-mancomunidad-cierra-fitur-2020-con-nuevas-lc3adneas-de-promocic3b3n-turc3adstica.jpg\" data-orig-size=\"692,361\" data-comments-opened=\"1\" data-image-meta=\"{&quot;aperture&quot;:&quot;0&quot;,&quot;credit&quot;:&quot;&quot;,&quot;camera&quot;:&quot;&quot;,&quot;caption&quot;:&quot;&quot;,&quot;created_timestamp&quot;:&quot;0&quot;,&quot;copyright&quot;:&quot;&quot;,&quot;focal_length&quot;:&quot;0&quot;,&quot;iso&quot;:&quot;0&quot;,&quot;shutter_speed&quot;:&quot;0&quot;,&quot;title&quot;:&quot;&quot;,&quot;orientation&quot;:&quot;1&quot;}\" data-image-title=\"La Mancomunidad cierra Fitur 2020 con nuevas l\u00edneas de promoci\u00f3n tur\u00edstica\" data-image-description=\"\" data-medium-file=\"https:\/\/europatropical.files.wordpress.com\/2020\/01\/la-mancomunidad-cierra-fitur-2020-con-nuevas-lc3adneas-de-promocic3b3n-turc3adstica.jpg?w=300\" data-large-file=\"https:\/\/europatropical.files.wordpress.com\/2020\/01\/la-mancomunidad-cierra-fitur-2020-con-nuevas-lc3adneas-de-promocic3b3n-turc3adstica.jpg?w=500\" src=\"https:\/\/europatropical.files.wordpress.com\/2020\/01\/la-mancomunidad-cierra-fitur-2020-con-nuevas-lc3adneas-de-promocic3b3n-turc3adstica.jpg?w=692\" alt=\"\" class=\"wp-image-163240\" srcset=\"https:\/\/europatropical.files.wordpress.com\/2020\/01\/la-mancomunidad-cierra-fitur-2020-con-nuevas-lc3adneas-de-promocic3b3n-turc3adstica.jpg 692w, https:\/\/europatropical.files.wordpress.com\/2020\/01\/la-mancomunidad-cierra-fitur-2020-con-nuevas-lc3adneas-de-promocic3b3n-turc3adstica.jpg?w=150 150w, https:\/\/europatropical.files.wordpress.com\/2020\/01\/la-mancomunidad-cierra-fitur-2020-con-nuevas-lc3adneas-de-promocic3b3n-turc3adstica.jpg?w=300 300w\" sizes=\"(max-width: 692px) 100vw, 692px\"\/><\/a><\/figure>\n<\/div>\n<p>COSTA TROPICAL \/ Foto de archivo.<strong> La instituci\u00f3n comarcal participar\u00e1 en Fitur 2021, atrasado por las restricciones del Covid-19, y acudir\u00e1 al 33 Congreso OPC Espa\u00f1a, ambos en mayo.<\/strong><span id=\"more-193016\"\/><\/p>\n<p>La Mancomunidad de Municipios de la Costa Tropical ha participado en unas jornadas profesionales de promoci\u00f3n tur\u00edstica organizadas por la Oficina Espa\u00f1ola de Turismo de Varsovia. A esta acci\u00f3n promocional, que se desarrolla a trav\u00e9s de una plataforma On-line, se han inscrito 171 agencias de viajes mayoristas, turoperadores, agencias especializadas en organizaci\u00f3n de convenciones y viajes de incentivo as\u00ed como l\u00edneas a\u00e9reas.<\/p>\n<p>En estas reuniones virtuales, el private t\u00e9cnico de la Mancomunidad ha mantenido encuentros con profesionales polacos entre los que destaca el Turoperador \u00cdtaca, uno de los m\u00e1s grandes del pa\u00eds, quien se ha interesado por conocer con mayor detalle el destino Costa Tropical con el objeto de ampliar su cartera de producto, abri\u00e9ndose tambi\u00e9n a la posibilidad de incorporar nuevos establecimientos hoteleros a la oferta que el turoperador comercializa durante este a\u00f1o 2021.<\/p>\n<p>Por otro lado, los responsables de Turismo de la Costa tambi\u00e9n han participado en la edici\u00f3n On-line de la Feria Internacional de Turismo de Berl\u00edn I TB Now. Lo hizo como destino invitado por la Empresa P\u00fablica para el Turismo de Andaluc\u00eda. En esta feria digital se concertaron m\u00e1s de una treintena de citas con operadores y periodistas del mercado alem\u00e1n interesados en conocer la Costa Tropical.<\/p>\n<p>La delegada de Turismo del ente comarcal, Mar\u00eda Eugenia Rufino, ha destacado la importancia de continuar promocionando el destino a pesar de los tiempos tan complicados que ha tra\u00eddo la pandemia del Covid-19 porque \u201cno podemos perder la oportunidad de dar a conocer las excelencias de la Costa Tropical en nuevos nichos de visitantes potenciales de cara a un futuro que esperemos sea pr\u00f3ximo\u201d.\u00a0<\/p>\n<p><strong>Futuras acciones promocionales<\/strong><\/p>\n<p>Continuando con las acciones promocionales, la Mancomunidad acudir\u00e1 a una serie de encuentros en este mes de mayo. Por un lado, estar\u00e1 presente en el 33 Congreso OPC Espa\u00f1a que se celebra en Granada, entre los d\u00edas 6 y 8 de mayo.\u00a0Est\u00e1 previsto que acudan m\u00e1s de un centenar de agentes de viajes especializados en la organizaci\u00f3n de eventos, viajes de incentivo, organizadores de congresos y convenciones. Este congreso est\u00e1 organizado por la asociaci\u00f3n OPC Espa\u00f1a y cuenta con la colaboraci\u00f3n de Granada Conference Bureau, organizaci\u00f3n para la promoci\u00f3n de Granada como destino de eventos.<\/p>\n<p>Del 19 al 23 de mayo, asimismo, una delegaci\u00f3n t\u00e9cnica del \u00e1rea de Turismo de la instituci\u00f3n comarcal tiene previsto asistir a la Feria Internacional de Turismo de Madrid, Fitur 2021, que se celebrar\u00e1 del 19 al 23 de mayo tras haber sido aplazada como consecuencia de las restricciones de movilidad causadas por el Covid-19. La Costa Tropical asistir\u00e1 a esta feria dentro del pabell\u00f3n de Andaluc\u00eda.\u00a0\u00a0<\/p>\n<div id=\"jp-post-flair\" class=\"sharedaddy sd-like-enabled sd-sharing-enabled\">\n<div class=\"sharedaddy sd-block sd-like jetpack-likes-widget-wrapper jetpack-likes-widget-unloaded\" id=\"like-post-wrapper-29869153-193016-608be4e8d76fe\" data-src=\"https:\/\/widgets.wp.com\/likes\/index.html?ver=20210413#blog_id=29869153&amp;post_id=193016&amp;origin=europatropical.wordpress.com&amp;obj_id=29869153-193016-608be4e8d76fe&amp;domain=europatropical.net\" data-name=\"like-post-frame-29869153-193016-608be4e8d76fe\">\n<h3 class=\"sd-title\">Me gusta esto:<\/h3>\n<p><span class=\"button\"><span>Me gusta<\/span><\/span> <span class=\"loading\">Cargando&#8230;<\/span><\/p>\n<p><span class=\"sd-text-color\"\/><a rel=\"nofollow noopener\" target=\"_blank\" class=\"sd-link-color\"><\/div>\n<p><h3 class=\"jp-relatedposts-headline\"><em>Relacionado<\/em><\/h3>\n<\/p>\n<\/div><\/div>\n\n<p><em> &#8221; Fuentes europatropical.net &#8221; <\/em><\/p>\n","protected":false},"excerpt":{"rendered":"<p>COSTA TROPICAL \/ Foto de archivo. La instituci\u00f3n comarcal participar\u00e1 en Fitur 2021, atrasado por las restricciones del Covid-19, y acudir\u00e1 al 33 Congreso OPC Espa\u00f1a, ambos en mayo. La Mancomunidad de Municipios de la Costa Tropical ha participado en unas jornadas profesionales de promoci\u00f3n tur\u00edstica organizadas por la Oficina Espa\u00f1ola de Turismo de Varsovia. [&hellip;]<\/p>\n","protected":false},"author":4,"featured_media":0,"comment_status":"open","ping_status":"closed","sticky":false,"template":"","format":"standard","meta":{"om_disable_all_campaigns":false,"jnews-multi-image_gallery":[],"jnews_single_post":[],"jnews_primary_category":[],"jnews_social_meta":[],"footnotes":""},"categories":[40],"tags":[],"class_list":["post-118885","post","type-post","status-publish","format-standard","hentry","category-industria"],"_links":{"self":[{"href":"https:\/\/dimensionturistica.com\/es\/wp-json\/wp\/v2\/posts\/118885","targetHints":{"allow":["GET"]}}],"collection":[{"href":"https:\/\/dimensionturistica.com\/es\/wp-json\/wp\/v2\/posts"}],"about":[{"href":"https:\/\/dimensionturistica.com\/es\/wp-json\/wp\/v2\/types\/post"}],"author":[{"embeddable":true,"href":"https:\/\/dimensionturistica.com\/es\/wp-json\/wp\/v2\/users\/4"}],"replies":[{"embeddable":true,"href":"https:\/\/dimensionturistica.com\/es\/wp-json\/wp\/v2\/comments?post=118885"}],"version-history":[{"count":0,"href":"https:\/\/dimensionturistica.com\/es\/wp-json\/wp\/v2\/posts\/118885\/revisions"}],"wp:attachment":[{"href":"https:\/\/dimensionturistica.com\/es\/wp-json\/wp\/v2\/media?parent=118885"}],"wp:term":[{"taxonomy":"category","embeddable":true,"href":"https:\/\/dimensionturistica.com\/es\/wp-json\/wp\/v2\/categories?post=118885"},{"taxonomy":"post_tag","embeddable":true,"href":"https:\/\/dimensionturistica.com\/es\/wp-json\/wp\/v2\/tags?post=118885"}],"curies":[{"name":"wp","href":"https:\/\/api.w.org\/{rel}","templated":true}]}}