{"id":118837,"date":"2021-04-30T09:36:08","date_gmt":"2021-04-30T09:36:08","guid":{"rendered":"https:\/\/dimensionturistica.com\/es\/?p=118837"},"modified":"2021-04-30T09:36:08","modified_gmt":"2021-04-30T09:36:08","slug":"presentacion-del-programa-de-sostenibilidad-turistica-de-destinos-guia-de-benalmadena","status":"publish","type":"post","link":"https:\/\/dimensionturistica.com\/es\/presentacion-del-programa-de-sostenibilidad-turistica-de-destinos-guia-de-benalmadena\/","title":{"rendered":"Presentaci\u00f3n del programa de sostenibilidad tur\u00edstica de destinos \u2013 Gu\u00eda de Benalm\u00e1dena"},"content":{"rendered":"<p> <br \/>\n<\/p>\n<div>\n<p style=\"text-align: justify;\"><span style=\"font-weight: 400;\">El alcalde y concejal de Turismo de Benalm\u00e1dena, V\u00edctor Navas, junto al concejal de Comercio, Javier Mar\u00edn; y el equipo t\u00e9cnico de Turismo han mantenido esta ma\u00f1ana un encuentro con hosteleros de la localidad y representantes de AEHCOS para presentarles el programa de sostenibilidad tur\u00edstica de destinos.<\/span><\/p>\n<p style=\"text-align: justify;\"><span style=\"font-weight: 400;\">\u201cA consecuencia de la pandemia, la UE ha puesto en marcha una l\u00ednea de ayudas para municipios, instituciones y empresas privadas para la reactivaci\u00f3n de la actividad econ\u00f3mica, y dentro de ese paquete de ayudas se va a poner en marcha una convocatoria dirigida a la sostenibilidad de destinos tur\u00edsticos\u201d, ha recordado Navas.<\/span><\/p>\n<p style=\"text-align: justify;\"><span style=\"font-weight: 400;\">\u201cAprovechando este foro que hemos mantenido durante todo el invierno, con reuniones peri\u00f3dicas con el sector hotelero para la planificaci\u00f3n conjunta de la pr\u00f3xima temporada tur\u00edstica, dedicaremos la jornada a plantear qu\u00e9 necesidades tiene Benalm\u00e1dena, a qu\u00e9 l\u00edneas de financiaci\u00f3n podemos concurrir, y cu\u00e1les ser\u00edan los proyectos e infraestructuras que vamos a demandar a la UE para reactivar nuestra econom\u00eda\u201d, ha explicado el alcalde.<\/span><\/p>\n<p style=\"text-align: justify;\"><span style=\"font-weight: 400;\">\u201cComo equipo de gobierno estamos muy comprometidos con el turismo y, aunque estamos trabajando para diversificar el tejido productivo y el mercado laboral de la ciudad para disponer en Benalm\u00e1dena de otros sectores para no ser tan dependientes del tur\u00edstico, qu\u00e9 duda cabe que sigue siendo nuestra industria m\u00e1s importante, abarcando el 97% de los ingresos del PIB de Benalm\u00e1dena\u201d, ha valorado.<\/span><\/p>\n<p style=\"text-align: justify;\"><span style=\"font-weight: 400;\">De esta forma, la mesa de trabajo de hoy supondr\u00e1 el inicio del desarrollo del programa de sostenibilidad tur\u00edstica de destinos para Benalm\u00e1dena.<\/span><\/p>\n<\/p><\/div>\n\n<p><em> &#8221; Fuentes www.guiadebenalmadena.com &#8221; <\/em><\/p>\n","protected":false},"excerpt":{"rendered":"<p>El alcalde y concejal de Turismo de Benalm\u00e1dena, V\u00edctor Navas, junto al concejal de Comercio, Javier Mar\u00edn; y el equipo t\u00e9cnico de Turismo han mantenido esta ma\u00f1ana un encuentro con hosteleros de la localidad y representantes de AEHCOS para presentarles el programa de sostenibilidad tur\u00edstica de destinos. \u201cA consecuencia de la pandemia, la UE ha [&hellip;]<\/p>\n","protected":false},"author":4,"featured_media":0,"comment_status":"open","ping_status":"closed","sticky":false,"template":"","format":"standard","meta":{"om_disable_all_campaigns":false,"jnews-multi-image_gallery":[],"jnews_single_post":[],"jnews_primary_category":[],"jnews_social_meta":[],"footnotes":""},"categories":[40],"tags":[],"class_list":["post-118837","post","type-post","status-publish","format-standard","hentry","category-industria"],"_links":{"self":[{"href":"https:\/\/dimensionturistica.com\/es\/wp-json\/wp\/v2\/posts\/118837","targetHints":{"allow":["GET"]}}],"collection":[{"href":"https:\/\/dimensionturistica.com\/es\/wp-json\/wp\/v2\/posts"}],"about":[{"href":"https:\/\/dimensionturistica.com\/es\/wp-json\/wp\/v2\/types\/post"}],"author":[{"embeddable":true,"href":"https:\/\/dimensionturistica.com\/es\/wp-json\/wp\/v2\/users\/4"}],"replies":[{"embeddable":true,"href":"https:\/\/dimensionturistica.com\/es\/wp-json\/wp\/v2\/comments?post=118837"}],"version-history":[{"count":0,"href":"https:\/\/dimensionturistica.com\/es\/wp-json\/wp\/v2\/posts\/118837\/revisions"}],"wp:attachment":[{"href":"https:\/\/dimensionturistica.com\/es\/wp-json\/wp\/v2\/media?parent=118837"}],"wp:term":[{"taxonomy":"category","embeddable":true,"href":"https:\/\/dimensionturistica.com\/es\/wp-json\/wp\/v2\/categories?post=118837"},{"taxonomy":"post_tag","embeddable":true,"href":"https:\/\/dimensionturistica.com\/es\/wp-json\/wp\/v2\/tags?post=118837"}],"curies":[{"name":"wp","href":"https:\/\/api.w.org\/{rel}","templated":true}]}}