{"id":118780,"date":"2021-04-30T07:32:27","date_gmt":"2021-04-30T07:32:27","guid":{"rendered":"https:\/\/dimensionturistica.com\/es\/?p=118780"},"modified":"2021-04-30T07:32:27","modified_gmt":"2021-04-30T07:32:27","slug":"anato-considera-critica-la-situacion-de-las-agencias-de-viaje","status":"publish","type":"post","link":"https:\/\/dimensionturistica.com\/es\/anato-considera-critica-la-situacion-de-las-agencias-de-viaje\/","title":{"rendered":"ANATO considera cr\u00edtica la situaci\u00f3n de las agencias de viaje"},"content":{"rendered":"<p> <br \/>\n<\/p>\n<div>\n<div class=\"wp-next-post-navi\">\n<div class=\"wp-next-post-navi-pre\">\n&#x25c0;<a rel=\"nofollow noopener\" target=\"_blank\" href=\"https:\/\/volavi.co\/viajes-turismo\/noticias-viajar\/viva-air-cotelco-te-estamos-esperando-reactivacion-turismo\" title=\"Viva Air se une con Cotelco a campa\u00f1a \" te=\"\" estamos=\"\" esperando=\"\">Viva Air se une con Cotelco a campa\u00f1a &#8220;Te Estamos Esperando&#8221;<\/a><\/div>\n<div class=\"wp-next-post-navi-next\">\n<a rel=\"nofollow noopener\" target=\"_blank\" href=\"https:\/\/volavi.co\/viajes-turismo\/noticias-viajar\/como-hacer-migracion-colombia-check-mig\" title=\"\u00bfC\u00f3mo hacer migraci\u00f3n en Colombia en la \" nueva=\"\" normalidad=\"\">\u00bfC\u00f3mo hacer migraci\u00f3n en Colombia en la &#8220;nueva normalidad&#8221;?<\/a>&#x25b6;<\/div>\n<\/div>\n<p><img decoding=\"async\" data-lazyloaded=\"1\" data-placeholder-resp=\"700x465\" class=\"size-full wp-image-12153\" src=\"https:\/\/volavi.co\/wp-content\/uploads\/2015\/05\/2015_Viajero_digital.jpg\" alt=\"Viajero digital\" width=\"700\" height=\"465\" srcset=\"https:\/\/volavi.co\/wp-content\/uploads\/2015\/05\/2015_Viajero_digital.jpg 700w, https:\/\/volavi.co\/wp-content\/uploads\/2015\/05\/2015_Viajero_digital-600x399.jpg 600w, https:\/\/volavi.co\/wp-content\/uploads\/2015\/05\/2015_Viajero_digital-300x199.jpg 300w\" data-sizes=\"(max-width: 700px) 100vw, 700px\"\/><noscript><img decoding=\"async\" class=\"size-full wp-image-12153\" src=\"https:\/\/volavi.co\/wp-content\/uploads\/2015\/05\/2015_Viajero_digital.jpg\" alt=\"Viajero digital\" width=\"700\" height=\"465\" srcset=\"https:\/\/volavi.co\/wp-content\/uploads\/2015\/05\/2015_Viajero_digital.jpg 700w, https:\/\/volavi.co\/wp-content\/uploads\/2015\/05\/2015_Viajero_digital-600x399.jpg 600w, https:\/\/volavi.co\/wp-content\/uploads\/2015\/05\/2015_Viajero_digital-300x199.jpg 300w\" sizes=\"(max-width: 700px) 100vw, 700px\"\/><\/noscript><\/p>\n<p>Recientemente el DANE present\u00f3 los resultados de la Encuesta Pulso Empresarial, estudio realizado con el apoyo del Banco Mundial, el Banco Interamericano de Desarrollo -BID- y el Banco de Desarrollo de Am\u00e9rica Latina -CAF-.<\/p>\n<p><span id=\"more-36639\"\/>El objetivo period medir el impacto de la emergencia econ\u00f3mica, social y ambiental causada por el COVID-19, en las actividades econ\u00f3micas de las empresas.<\/p>\n<p>\u201c<em>La apertura de los vuelos nacionales y del transporte terrestre son un punto de partida para la reapertura. Somos optimistas frente a este proceso en el que poco a poco lograremos conectar el pa\u00eds para que las Agencias de Viajes tengan mayores productos y destinos para comercializar. Sin embargo, estas cifras del DANE muestran la grave situaci\u00f3n por la que est\u00e1n pasando nuestras Agencias y por ello, insistimos en que las ayudas que el Gobierno les brinden ser\u00e1n fundamentales para que \u00e9stas logren salir adelante<\/em>.\u201d, se\u00f1al\u00f3 Paula Cort\u00e9s Calle.<\/p>\n<p>De acuerdo con el sondeo, que demuestra el comportamiento del sector en junio, el 53,5% de las Agencias de Viajes est\u00e1n bajo cierre temporal, y 46,5% est\u00e1n bajo operaci\u00f3n parcial. Tambi\u00e9n revel\u00f3 que el 41,5% tuvo reducci\u00f3n de trabajadores u horas laboradas; el 97,6% reporta disminuci\u00f3n en la demanda de sus productos; el 46,3% dificultades en el acceso a servicio financieros; y el 95,1% disminuci\u00f3n en el flujo de efectivo.<\/p>\n<p>A pesar de intentar mantener la operaci\u00f3n, el 31,7% cube que hay una disminuci\u00f3n del private laborando desde casa; y el 80,5% no ha podido mejorar o tener nuevos procesos que ayuden a sostener su actividad.<\/p>\n<div class=\"wp-next-post-navi\">\n<div class=\"wp-next-post-navi-pre\">\n&#x25c0;<a rel=\"nofollow noopener\" target=\"_blank\" href=\"https:\/\/volavi.co\/viajes-turismo\/noticias-viajar\/viva-air-cotelco-te-estamos-esperando-reactivacion-turismo\" title=\"Viva Air se une con Cotelco a campa\u00f1a \" te=\"\" estamos=\"\" esperando=\"\">Viva Air se une con Cotelco a campa\u00f1a &#8220;Te Estamos Esperando&#8221;<\/a><\/div>\n<div class=\"wp-next-post-navi-next\">\n<a rel=\"nofollow noopener\" target=\"_blank\" href=\"https:\/\/volavi.co\/viajes-turismo\/noticias-viajar\/como-hacer-migracion-colombia-check-mig\" title=\"\u00bfC\u00f3mo hacer migraci\u00f3n en Colombia en la \" nueva=\"\" normalidad=\"\">\u00bfC\u00f3mo hacer migraci\u00f3n en Colombia en la &#8220;nueva normalidad&#8221;?<\/a>&#x25b6;<\/div>\n<\/div>\n<p><h3>Acerca del Autor<\/h3>\n<\/p>\n<div class=\"saboxplugin-wrap\" itemtype=\"http:\/\/schema.org\/Person\" itemscope=\"\" itemprop=\"author\">\n<div class=\"saboxplugin-gravatar\"><img decoding=\"async\" data-lazyloaded=\"1\" data-placeholder-resp=\"100x100\" alt=\"\" src=\"https:\/\/volavi.co\/wp-content\/litespeed\/avatar\/f54d0a67075c9707d3e9d825f7ce49d9.jpg\" srcset=\"https:\/\/volavi.co\/wp-content\/litespeed\/avatar\/9b00ce2524ea7673f49908cc5479dae3.jpg 2x\" class=\"avatar avatar-100 photo\" height=\"100\" width=\"100\" itemprop=\"image\"\/><noscript><img decoding=\"async\" alt=\"\" src=\"https:\/\/volavi.co\/wp-content\/litespeed\/avatar\/f54d0a67075c9707d3e9d825f7ce49d9.jpg\" srcset=\"https:\/\/volavi.co\/wp-content\/litespeed\/avatar\/9b00ce2524ea7673f49908cc5479dae3.jpg 2x\" class=\"avatar avatar-100 photo\" height=\"100\" width=\"100\" itemprop=\"image\"\/><\/noscript><\/div>\n<div class=\"saboxplugin-desc\">\n<div itemprop=\"description\">\n<p><strong>volavi<\/strong> (antes Aviacol.internet) cuenta con 15 a\u00f1os de experiencia informando sobre la <a rel=\"nofollow noopener\" target=\"_blank\" href=\"https:\/\/volavi.co\/aviacion\">industria a\u00e9rea (aviaci\u00f3n)<\/a> y desde 2020 se expande a las industrias de <a rel=\"nofollow noopener\" target=\"_blank\" href=\"https:\/\/volavi.co\/viajes-turismo\">viajes y turismo<\/a>. Nuestro equipo cuenta con profesionales del sector que durante a\u00f1os han aportado desde diferentes \u00e1reas del conocimiento a la construcci\u00f3n de nuestro contenido.<\/p>\n<p><strong>volar \u00b7 viajar \u00b7 vivir<\/strong><\/p>\n<p>Recuerda seguirnos en nuestra redes sociales abajo.<\/p>\n<\/div>\n<\/div>\n<\/div>\n<\/div>\n\n<p><em> &#8221; Fuentes volavi.co &#8221; <\/em><\/p>\n","protected":false},"excerpt":{"rendered":"<p>&#x25c0;Viva Air se une con Cotelco a campa\u00f1a &#8220;Te Estamos Esperando&#8221; \u00bfC\u00f3mo hacer migraci\u00f3n en Colombia en la &#8220;nueva normalidad&#8221;?&#x25b6; Recientemente el DANE present\u00f3 los resultados de la Encuesta Pulso Empresarial, estudio realizado con el apoyo del Banco Mundial, el Banco Interamericano de Desarrollo -BID- y el Banco de Desarrollo de Am\u00e9rica Latina -CAF-. El [&hellip;]<\/p>\n","protected":false},"author":4,"featured_media":0,"comment_status":"open","ping_status":"closed","sticky":false,"template":"","format":"standard","meta":{"om_disable_all_campaigns":false,"jnews-multi-image_gallery":[],"jnews_single_post":[],"jnews_primary_category":[],"jnews_social_meta":[],"footnotes":""},"categories":[40],"tags":[],"class_list":["post-118780","post","type-post","status-publish","format-standard","hentry","category-industria"],"_links":{"self":[{"href":"https:\/\/dimensionturistica.com\/es\/wp-json\/wp\/v2\/posts\/118780","targetHints":{"allow":["GET"]}}],"collection":[{"href":"https:\/\/dimensionturistica.com\/es\/wp-json\/wp\/v2\/posts"}],"about":[{"href":"https:\/\/dimensionturistica.com\/es\/wp-json\/wp\/v2\/types\/post"}],"author":[{"embeddable":true,"href":"https:\/\/dimensionturistica.com\/es\/wp-json\/wp\/v2\/users\/4"}],"replies":[{"embeddable":true,"href":"https:\/\/dimensionturistica.com\/es\/wp-json\/wp\/v2\/comments?post=118780"}],"version-history":[{"count":0,"href":"https:\/\/dimensionturistica.com\/es\/wp-json\/wp\/v2\/posts\/118780\/revisions"}],"wp:attachment":[{"href":"https:\/\/dimensionturistica.com\/es\/wp-json\/wp\/v2\/media?parent=118780"}],"wp:term":[{"taxonomy":"category","embeddable":true,"href":"https:\/\/dimensionturistica.com\/es\/wp-json\/wp\/v2\/categories?post=118780"},{"taxonomy":"post_tag","embeddable":true,"href":"https:\/\/dimensionturistica.com\/es\/wp-json\/wp\/v2\/tags?post=118780"}],"curies":[{"name":"wp","href":"https:\/\/api.w.org\/{rel}","templated":true}]}}