{"id":118602,"date":"2021-04-30T00:34:50","date_gmt":"2021-04-30T00:34:50","guid":{"rendered":"https:\/\/dimensionturistica.com\/es\/?p=118602"},"modified":"2021-04-30T00:34:51","modified_gmt":"2021-04-30T00:34:51","slug":"localizan-al-menos-123-paquetes-de-presunta-cocaina-en-escuintla-prensa-libre","status":"publish","type":"post","link":"https:\/\/dimensionturistica.com\/es\/localizan-al-menos-123-paquetes-de-presunta-cocaina-en-escuintla-prensa-libre\/","title":{"rendered":"Localizan al menos 123 paquetes de presunta coca\u00edna en Escuintla \u2013 Prensa Libre"},"content":{"rendered":"<p> <br \/>\n<\/p>\n<div>\n            <!--VALIDACION IMG THUMNBAIL--><br \/>\n                        <!--VALIDACION IMG THUMNBAIL FIN--><\/p>\n<p>            <!--paginacion con estilo--><br \/>\n                        <!--FIN paginacion con estilo--><\/p>\n<p>Agentes antinarc\u00f3ticos de la Polic\u00eda Nacional Civil localizaron tres sacos en un contenedor en Puerto Quetzal, Escuintla, que conten\u00edan al menos 123 paquetes con presunta coca\u00edna.<\/p>\n<p>El contenedor, procedente de Ecuador, fue revisado con apoyo de un perro de la Unidad Canina. Peritos del Ministerio P\u00fablico se encuentran en el lugar para terminar de contabilizar los paquetes hallados en el operativo.<\/p>\n<blockquote class=\"twitter-tweet\" data-width=\"550\" data-dnt=\"true\">\n<p lang=\"es\" dir=\"ltr\">Inicia la inspecci\u00f3n en un contenedor con posible il\u00edcito en Puerto Quetzal, Escuintla; procedente de Guayaquil, Ecuador, por Agentes de <a rel=\"nofollow noopener\" target=\"_blank\" href=\"https:\/\/twitter.com\/PNCdeGuatemala?ref_src=twsrc%5Etfw\">@PNCdeGuatemala<\/a> y MP. <a rel=\"nofollow noopener\" target=\"_blank\" href=\"https:\/\/t.co\/V2tZBjTPmP\">pic.twitter.com\/V2tZBjTPmP<\/a><\/p>\n<p>\u2014 MinGob (@mingobguate) <a rel=\"nofollow noopener\" target=\"_blank\" href=\"https:\/\/twitter.com\/mingobguate\/status\/1387864757986897923?ref_src=twsrc%5Etfw\">April 29, 2021<\/a><\/p>\n<\/blockquote>\n<p>            <!--?php\n            wp_link_pages( array(\n                'before' => '\n\n<div class=\"page-links\">' . esc_html__( 'Pages:', 'prensalibre' ),\n                'after'  => '<\/div>\n\n',\n            ) );\n            ?--><\/p>\n<p>            <!--paginacion con estilo--><br \/>\n                        <!--FIN paginacion con estilo-->\n        <\/div>\n<p><script async src=\"\/\/platform.twitter.com\/widgets.js\" charset=\"utf-8\"><\/script><script>\n\t\t(function (d, s, id) {\n\t\t\tvar js, fjs = d.getElementsByTagName(s)[0];\n\t\t\tif (d.getElementById(id)) return;\n\t\t\tjs = d.createElement(s);\n\t\t\tjs.id = id;\n\t\t\tjs.src = \"https:\/\/connect.facebook.net\/es_LA\/sdk.js#xfbml=1&version=v2.3\";\n\t\t\tfjs.parentNode.insertBefore(js, fjs);\n\t\t}(document, 'script', 'facebook-jssdk'));\n\t<\/script><br \/>\n<br \/><\/p>\n<p><em> &#8221; Fuentes www.prensalibre.com &#8221; <\/em><\/p>\n","protected":false},"excerpt":{"rendered":"<p>Agentes antinarc\u00f3ticos de la Polic\u00eda Nacional Civil localizaron tres sacos en un contenedor en Puerto Quetzal, Escuintla, que conten\u00edan al menos 123 paquetes con presunta coca\u00edna. El contenedor, procedente de Ecuador, fue revisado con apoyo de un perro de la Unidad Canina. Peritos del Ministerio P\u00fablico se encuentran en el lugar para terminar de contabilizar [&hellip;]<\/p>\n","protected":false},"author":4,"featured_media":118603,"comment_status":"open","ping_status":"closed","sticky":false,"template":"","format":"standard","meta":{"om_disable_all_campaigns":false,"jnews-multi-image_gallery":[],"jnews_single_post":[],"jnews_primary_category":[],"jnews_social_meta":[],"footnotes":""},"categories":[40],"tags":[],"class_list":["post-118602","post","type-post","status-publish","format-standard","has-post-thumbnail","hentry","category-industria"],"_links":{"self":[{"href":"https:\/\/dimensionturistica.com\/es\/wp-json\/wp\/v2\/posts\/118602","targetHints":{"allow":["GET"]}}],"collection":[{"href":"https:\/\/dimensionturistica.com\/es\/wp-json\/wp\/v2\/posts"}],"about":[{"href":"https:\/\/dimensionturistica.com\/es\/wp-json\/wp\/v2\/types\/post"}],"author":[{"embeddable":true,"href":"https:\/\/dimensionturistica.com\/es\/wp-json\/wp\/v2\/users\/4"}],"replies":[{"embeddable":true,"href":"https:\/\/dimensionturistica.com\/es\/wp-json\/wp\/v2\/comments?post=118602"}],"version-history":[{"count":0,"href":"https:\/\/dimensionturistica.com\/es\/wp-json\/wp\/v2\/posts\/118602\/revisions"}],"wp:featuredmedia":[{"embeddable":true,"href":"https:\/\/dimensionturistica.com\/es\/wp-json\/wp\/v2\/media\/118603"}],"wp:attachment":[{"href":"https:\/\/dimensionturistica.com\/es\/wp-json\/wp\/v2\/media?parent=118602"}],"wp:term":[{"taxonomy":"category","embeddable":true,"href":"https:\/\/dimensionturistica.com\/es\/wp-json\/wp\/v2\/categories?post=118602"},{"taxonomy":"post_tag","embeddable":true,"href":"https:\/\/dimensionturistica.com\/es\/wp-json\/wp\/v2\/tags?post=118602"}],"curies":[{"name":"wp","href":"https:\/\/api.w.org\/{rel}","templated":true}]}}