{"id":118490,"date":"2021-04-29T21:48:24","date_gmt":"2021-04-29T21:48:24","guid":{"rendered":"https:\/\/dimensionturistica.com\/es\/?p=118490"},"modified":"2021-04-29T21:48:24","modified_gmt":"2021-04-29T21:48:24","slug":"el-fin-del-estado-de-alarma-dispara-las-reservas-en-las-agencias-de-viajes-para-el-mes-de-mayo","status":"publish","type":"post","link":"https:\/\/dimensionturistica.com\/es\/el-fin-del-estado-de-alarma-dispara-las-reservas-en-las-agencias-de-viajes-para-el-mes-de-mayo\/","title":{"rendered":"El fin del estado de alarma dispara las reservas en las agencias de viajes para el mes de mayo"},"content":{"rendered":"<p> <br \/>\n<\/p>\n<div id=\"contentid-0\">\n<p>Quedan tan s\u00f3lo tres semanas para que, si nada cambia, finalice el pr\u00f3ximo <strong>9 de mayo el estado de alarma<\/strong> en Espa\u00f1a. Esta situaci\u00f3n que supondr\u00e1 el remaining de muchas de las restricciones en materia de movilidad que actualmente est\u00e1n en vigor, <strong>ha disparado el n\u00famero de reservas<\/strong> de ciudadanos interesados en desplazarse a partir de esas fechas que ya han realizado sus reservas en las agencias de viajes.<\/p>\n<p>Durante meses, las agencias de viajes han visto como <strong>su facturaci\u00f3n se desplomaba<\/strong> y ten\u00edan que cerrar muchas de sus oficinas ante la falta de demanda y las restricciones. Sin embargo, en las \u00faltimas semanas numerosas agencias de viajes han manifestado que los datos de clientes que han expresado su intenci\u00f3n de viajar a partir del <strong>9 de mayo<\/strong> se ha disparado, as\u00ed como las b\u00fasquedas de vuelos y hoteles y las reservas ya confirmadas.<\/p>\n<p>As\u00ed, las reservas de los espa\u00f1oles para viajar durante el pr\u00f3ximo mes de mayo se han disparado un<strong> 122%<\/strong> en la semana posterior al anuncio por parte del presidente del Gobierno, Pedro S\u00e1nchez, de que no se renovar\u00e1 el estado de alarma, seg\u00fan la net de reservas de viajes Destinia. La tendencia de b\u00fasquedas y reservas para los meses de verano <strong>se ha mantenido estable,<\/strong> creciendo de forma common semana a semana conforme se va acercando el verano.<\/p>\n<p>Sin embargo, las reservas para el mes de mayo estaban todav\u00eda muy paradas y a ra\u00edz del anuncio han sufrido un <strong>cambio sustancial<\/strong> en el n\u00famero de reservas para ese mes, lo que denota el creciente inter\u00e9s de los espa\u00f1oles en volver a viajar a medida que se acelera la vacunaci\u00f3n. El <strong>24% de todas las reservas de mayo son para Canarias<\/strong> pero destaca que en segunda posici\u00f3n la ciudad de Madrid, con un 8%, seguida de Alicante, destino de playa en la Pen\u00ednsula, con un 6% de las reservas realizadas.<\/p>\n<p><span class=\"title2\">Agencias de viajes on-line<\/span><\/p>\n<p>El <strong>84% de los espa\u00f1oles<\/strong> asegura que prefiere reservar sus escapadas en las <strong>agencias de viajes \u2018online\u2019<\/strong> al encontrar planes de viaje m\u00e1s convenientes o baratos, seg\u00fan un estudio elaborado por <strong>eDreams Odigeo,<\/strong> que asegura que cuadrar las reservas de avi\u00f3n y alojamiento es la tarea de la que menos disfrutan los viajeros.<\/p>\n<p>El <strong>32%<\/strong> de los viajeros nacionales afirma haber encontrado una ruta m\u00e1s ajustada a sus necesidades <strong>a trav\u00e9s de una agencia de viajes \u2018online\u2019<\/strong>, y el 30% cube haber localizado una ruta o combinaci\u00f3n de vuelos m\u00e1s barata que directamente en las compa\u00f1\u00edas a\u00e9reas. Respecto al elemento del proceso de planificaci\u00f3n de sus viajes que disfrutaban menos,<strong> el 41%<\/strong> de los encuestados hizo referencia a la inversi\u00f3n de tiempo necesaria para encontrar las opciones m\u00e1s baratas en diferentes plataformas o proveedores.<\/p>\n<p>Por su parte, <strong>el 44% de espa\u00f1oles afirma que alinear los horarios<\/strong> de los vuelos con los del alojamiento es uno de los tr\u00e1mites que menos disfruta cuando planifica sus viajes y un 33% se\u00f1ala que organizar conexiones a\u00e9reas para viajes con varias escalas period una parte especialmente desagradable del proceso.<\/p>\n<\/div>\n\n<p><em> &#8221; Fuentes okdiario.com &#8221; <\/em><\/p>\n","protected":false},"excerpt":{"rendered":"<p>Quedan tan s\u00f3lo tres semanas para que, si nada cambia, finalice el pr\u00f3ximo 9 de mayo el estado de alarma en Espa\u00f1a. Esta situaci\u00f3n que supondr\u00e1 el remaining de muchas de las restricciones en materia de movilidad que actualmente est\u00e1n en vigor, ha disparado el n\u00famero de reservas de ciudadanos interesados en desplazarse a partir [&hellip;]<\/p>\n","protected":false},"author":4,"featured_media":118491,"comment_status":"open","ping_status":"closed","sticky":false,"template":"","format":"standard","meta":{"om_disable_all_campaigns":false,"jnews-multi-image_gallery":[],"jnews_single_post":[],"jnews_primary_category":[],"jnews_social_meta":[],"footnotes":""},"categories":[40],"tags":[],"class_list":["post-118490","post","type-post","status-publish","format-standard","has-post-thumbnail","hentry","category-industria"],"_links":{"self":[{"href":"https:\/\/dimensionturistica.com\/es\/wp-json\/wp\/v2\/posts\/118490","targetHints":{"allow":["GET"]}}],"collection":[{"href":"https:\/\/dimensionturistica.com\/es\/wp-json\/wp\/v2\/posts"}],"about":[{"href":"https:\/\/dimensionturistica.com\/es\/wp-json\/wp\/v2\/types\/post"}],"author":[{"embeddable":true,"href":"https:\/\/dimensionturistica.com\/es\/wp-json\/wp\/v2\/users\/4"}],"replies":[{"embeddable":true,"href":"https:\/\/dimensionturistica.com\/es\/wp-json\/wp\/v2\/comments?post=118490"}],"version-history":[{"count":0,"href":"https:\/\/dimensionturistica.com\/es\/wp-json\/wp\/v2\/posts\/118490\/revisions"}],"wp:featuredmedia":[{"embeddable":true,"href":"https:\/\/dimensionturistica.com\/es\/wp-json\/wp\/v2\/media\/118491"}],"wp:attachment":[{"href":"https:\/\/dimensionturistica.com\/es\/wp-json\/wp\/v2\/media?parent=118490"}],"wp:term":[{"taxonomy":"category","embeddable":true,"href":"https:\/\/dimensionturistica.com\/es\/wp-json\/wp\/v2\/categories?post=118490"},{"taxonomy":"post_tag","embeddable":true,"href":"https:\/\/dimensionturistica.com\/es\/wp-json\/wp\/v2\/tags?post=118490"}],"curies":[{"name":"wp","href":"https:\/\/api.w.org\/{rel}","templated":true}]}}