{"id":118473,"date":"2021-04-29T21:23:35","date_gmt":"2021-04-29T21:23:35","guid":{"rendered":"https:\/\/dimensionturistica.com\/es\/?p=118473"},"modified":"2021-04-29T21:23:35","modified_gmt":"2021-04-29T21:23:35","slug":"hidalgo-rd-es-el-unico-pais-donde-air-europa-esta-volando-casi-diario-noticias-de-turismo","status":"publish","type":"post","link":"https:\/\/dimensionturistica.com\/es\/hidalgo-rd-es-el-unico-pais-donde-air-europa-esta-volando-casi-diario-noticias-de-turismo\/","title":{"rendered":"Hidalgo: RD es el \u00fanico pa\u00eds donde Air Europa est\u00e1 volando casi diario &#8211; Noticias de turismo"},"content":{"rendered":"<p> <br \/>\n<\/p>\n<div id=\"post-131843\">\n\t<\/p>\n<p>\t  <span class=\"antetitulo\">Elogi\u00f3 el plan de recuperaci\u00f3n tur\u00edstica de RD <\/span><\/p>\n<p class=\"relacionadosSingle\" style=\"clear:both\">Temas relacionados: <b><a rel=\"nofollow noopener\" target=\"_blank\" href=\"https:\/\/www.arecoa.com\/tag\/air-europa\/\">Air Europa<\/a>, <a rel=\"nofollow noopener\" target=\"_blank\" href=\"https:\/\/www.arecoa.com\/tag\/gabinete-de-turismo\/\">Gabinete de Turismo<\/a>, <a rel=\"nofollow noopener\" target=\"_blank\" href=\"https:\/\/www.arecoa.com\/tag\/globalia\/\">Globalia<\/a>, <a rel=\"nofollow noopener\" target=\"_blank\" href=\"https:\/\/www.arecoa.com\/tag\/juan-jose-hidalgo\/\">Juan Jos\u00e9 Hidalgo<\/a>, <a rel=\"nofollow noopener\" target=\"_blank\" href=\"https:\/\/www.arecoa.com\/tag\/luis-abinader\/\">Luis Abinader<\/a>, <a rel=\"nofollow noopener\" target=\"_blank\" href=\"https:\/\/www.arecoa.com\/tag\/punta-cana\/\">Punta Cana<\/a>, <a rel=\"nofollow noopener\" target=\"_blank\" href=\"https:\/\/www.arecoa.com\/tag\/republica-dominicana\/\">Rep\u00fablica Dominicana<\/a>, <a rel=\"nofollow noopener\" target=\"_blank\" href=\"https:\/\/www.arecoa.com\/tag\/santo-domingo\/\">Santo Domingo<\/a><\/b><\/p>\n<p>\n\t\t<small>28 abril, 2021<\/small><br \/>\n\t  \t\t\t\t\t\t\t <i>Por <b> R.A. <\/b> <\/i><\/p>\n<p>\t\t<a rel=\"nofollow noopener\" target=\"_blank\" href=\"https:\/\/www.arecoa.com\/aerolineas\/2021\/04\/28\/hidalgo-rd-unico-pais-donde-air-europa-esta-volando-casi-diario\/#comments\" style=\"float:right;\">&#13;<br \/>\n    <img decoding=\"async\" src=\"https:\/\/www.arecoa.com\/wp-content\/themes\/arecoa\/images\/comment.png\" align=\"absmiddle\" \/> 1 comentario\t\t<\/a>\t<\/p>\n<p>      <!--\n\t  \t\t\t\t  --><\/p>\n<div class=\"post content\">\n<p>El presidente ejecutivo de <strong>Globalia<\/strong>,<strong> Juan Jos\u00e9 Hidalgo<\/strong>, sostuvo que en los actuales momentos, por la pandemia del coronavirus, hay muchos pa\u00edses donde <strong>Air Europa<\/strong> no puede volar, ni un solo vuelo, en otros lugares un solo vuelo a la semana, sin embargo, Rep\u00fablica Dominicana es el \u00fanico pa\u00eds\u00a0donde est\u00e1n volando casi diario, 5 vuelos a <strong>Santo Domingo<\/strong> y uno a <strong>Punta Cana<\/strong> casi de forma diaria.<\/p>\n<p><a rel=\"nofollow noopener\" target=\"_blank\" href=\"https:\/\/www.arecoa.com\/wp-content\/uploads\/2016\/01\/hidalgo2.jpg\"><img decoding=\"async\" class=\"alignleft size-full wp-image-64673\" src=\"https:\/\/www.arecoa.com\/wp-content\/uploads\/2016\/01\/hidalgo2.jpg\" alt=\"\" width=\"375\" height=\"200\" srcset=\"https:\/\/www.arecoa.com\/wp-content\/uploads\/2016\/01\/hidalgo2.jpg 375w, https:\/\/www.arecoa.com\/wp-content\/uploads\/2016\/01\/hidalgo2-300x160.jpg 300w, https:\/\/www.arecoa.com\/wp-content\/uploads\/2016\/01\/hidalgo2-250x133.jpg 250w\" sizes=\"(max-width: 375px) 100vw, 375px\" \/><\/a>El empresario tur\u00edstico espa\u00f1ol indic\u00f3 que esas operaciones demuestran que en Rep\u00fablica Dominicana est\u00e1n manejando con \u00e9xito la recuperaci\u00f3n tur\u00edstica.<\/p>\n<p>Elogi\u00f3 el plan de recuperaci\u00f3n tur\u00edstica de RD y los trabajos que realiza el presidente <strong>Luis Abinader<\/strong> y el <strong>Gabinete de Turismo<\/strong> para dinamizar la industria.<\/p>\n<p>Indic\u00f3 que en el a\u00f1o 2020 pas\u00f3 ocho meses en <strong>Rep\u00fablica Dominicana<\/strong> y este a\u00f1o lleva dos. \u201cHe invertido en Santo Domingo todo mi dinero que he ganado en mi vida, todos mis ahorros y lo que debo bancariamente\u201d.<\/p>\n<p>Dijo que tiene inversiones por encima de los 400 millones de d\u00f3lares y este a\u00f1o tiene previsto invertir otros 200 millones cuyos proyectos est\u00e1n listos para poner en marcha.<\/p>\n<p>\u201cEstoy enamorado de Rep\u00fablica Dominicana y los animo a la gente que conozca e\u00a0invierta en ese destino del Caribe\u201d, puntualiz\u00f3 Hidalgo durante un encuentro realizado por la C\u00e1mara de Comercio de Rep\u00fablica Dominicana en Espa\u00f1a, durante la pasada visita del presidente Luis Abinader.<\/p>\n<p><!-- AddThis Advanced Settings above via filter on the_content --><!-- AddThis Advanced Settings below via filter on the_content --><!-- AddThis Advanced Settings generic via filter on the_content --><!-- AddThis Share Buttons above via filter on the_content --><!-- AddThis Share Buttons below via filter on the_content --><!-- AddThis Share Buttons generic via filter on the_content --><\/div>\n<hr class=\"noCss\" \/><\/div>\n\n<p><em> &#8221; Fuentes www.arecoa.com &#8221; <\/em><\/p>\n","protected":false},"excerpt":{"rendered":"<p>Elogi\u00f3 el plan de recuperaci\u00f3n tur\u00edstica de RD Temas relacionados: Air Europa, Gabinete de Turismo, Globalia, Juan Jos\u00e9 Hidalgo, Luis Abinader, Punta Cana, Rep\u00fablica Dominicana, Santo Domingo 28 abril, 2021 Por R.A. &#13; 1 comentario El presidente ejecutivo de Globalia, Juan Jos\u00e9 Hidalgo, sostuvo que en los actuales momentos, por la pandemia del coronavirus, hay [&hellip;]<\/p>\n","protected":false},"author":4,"featured_media":118474,"comment_status":"open","ping_status":"closed","sticky":false,"template":"","format":"standard","meta":{"om_disable_all_campaigns":false,"jnews-multi-image_gallery":[],"jnews_single_post":[],"jnews_primary_category":[],"jnews_social_meta":[],"footnotes":""},"categories":[40],"tags":[],"class_list":["post-118473","post","type-post","status-publish","format-standard","has-post-thumbnail","hentry","category-industria"],"_links":{"self":[{"href":"https:\/\/dimensionturistica.com\/es\/wp-json\/wp\/v2\/posts\/118473","targetHints":{"allow":["GET"]}}],"collection":[{"href":"https:\/\/dimensionturistica.com\/es\/wp-json\/wp\/v2\/posts"}],"about":[{"href":"https:\/\/dimensionturistica.com\/es\/wp-json\/wp\/v2\/types\/post"}],"author":[{"embeddable":true,"href":"https:\/\/dimensionturistica.com\/es\/wp-json\/wp\/v2\/users\/4"}],"replies":[{"embeddable":true,"href":"https:\/\/dimensionturistica.com\/es\/wp-json\/wp\/v2\/comments?post=118473"}],"version-history":[{"count":0,"href":"https:\/\/dimensionturistica.com\/es\/wp-json\/wp\/v2\/posts\/118473\/revisions"}],"wp:featuredmedia":[{"embeddable":true,"href":"https:\/\/dimensionturistica.com\/es\/wp-json\/wp\/v2\/media\/118474"}],"wp:attachment":[{"href":"https:\/\/dimensionturistica.com\/es\/wp-json\/wp\/v2\/media?parent=118473"}],"wp:term":[{"taxonomy":"category","embeddable":true,"href":"https:\/\/dimensionturistica.com\/es\/wp-json\/wp\/v2\/categories?post=118473"},{"taxonomy":"post_tag","embeddable":true,"href":"https:\/\/dimensionturistica.com\/es\/wp-json\/wp\/v2\/tags?post=118473"}],"curies":[{"name":"wp","href":"https:\/\/api.w.org\/{rel}","templated":true}]}}