{"id":118310,"date":"2021-04-29T17:25:27","date_gmt":"2021-04-29T17:25:27","guid":{"rendered":"https:\/\/dimensionturistica.com\/es\/?p=118310"},"modified":"2021-04-29T17:25:27","modified_gmt":"2021-04-29T17:25:27","slug":"65-de-los-mexicanos-planean-viajar-en-los-proximos-6-meses","status":"publish","type":"post","link":"https:\/\/dimensionturistica.com\/es\/65-de-los-mexicanos-planean-viajar-en-los-proximos-6-meses\/","title":{"rendered":"65% de los mexicanos planean viajar en los pr\u00f3ximos 6 meses"},"content":{"rendered":"<p> <br \/>\n<\/p>\n<div>\n<p>El 65% de los <strong>mexicanos planea viajar <\/strong>en los pr\u00f3ximos seis meses, revel\u00f3 el estudio: Journey Digital para el Viajero Mexicano: Aspectos a considerar para la<strong> <a rel=\"nofollow noopener\" target=\"_blank\" href=\"https:\/\/www.eluniversal.com.mx\/cartera\"><span style=\"color:#fd8a1c;\">reactivaci\u00f3n del sector<\/span><\/a><\/strong><a rel=\"nofollow noopener\" target=\"_blank\" href=\"https:\/\/www.eluniversal.com.mx\/cartera\"><span style=\"color:#fd8a1c;\"> <\/span><\/a>de IAB M\u00e9xico.<\/p>\n<p>\u201cEntre sus menciones, uno de los motivos por los cuales va a hacer un viajes es porque va a visitar un amigo o un familiar\u201d, dijo Agust\u00edn Galv\u00e1n, director de Model en Kantar.<\/p>\n<p>El estudio encontr\u00f3 que 41% realizar\u00e1n<strong> visitas a familiares o amigos<\/strong>, 5% viajar\u00eda por emergencias y 12% por trabajo o estudio.<\/p>\n<p>En conferencia de prensa, Galv\u00e1n dijo que el trabajo a distancia motiv\u00f3 a que las personas puedan realizar un trabajo a futuro.<\/p>\n<p><strong>Leer tambi\u00e9n:\u00a0<a rel=\"nofollow noopener\" target=\"_blank\" href=\"https:\/\/www.eluniversal.com.mx\/cartera\/hoteleros-mexico-lidera-recuperacion-del-turismo\"><span style=\"color:#fd8a1c;\">Hoteleros: M\u00e9xico lidera recuperaci\u00f3n del turismo<\/span><\/a><\/strong><\/p>\n<p>Entre las personas que planean viajar para visitar alg\u00fan acquainted o amigo destaca que 55% ir\u00eda a playas, 55% a ciudades y 51% a pueblos m\u00e1gicos.<\/p>\n<p>La encuesta se realiz\u00f3 a 200 personas a principios de marzo de 2021.<\/p>\n<p>\nhm<\/p>\n<\/div>\n<p><script async defer crossorigin=\"anonymous\" src=\"https:\/\/connect.facebook.net\/es_LA\/sdk.js#xfbml=1&#038;version=v5.0&#038;appId=163316950407128&#038;autoLogAppEvents=1\"><\/script><br \/>\n<br \/><\/p>\n<p><em> &#8221; Fuentes www.eluniversal.com.mx &#8221; <\/em><\/p>\n","protected":false},"excerpt":{"rendered":"<p>El 65% de los mexicanos planea viajar en los pr\u00f3ximos seis meses, revel\u00f3 el estudio: Journey Digital para el Viajero Mexicano: Aspectos a considerar para la reactivaci\u00f3n del sector de IAB M\u00e9xico. \u201cEntre sus menciones, uno de los motivos por los cuales va a hacer un viajes es porque va a visitar un amigo o [&hellip;]<\/p>\n","protected":false},"author":4,"featured_media":118311,"comment_status":"open","ping_status":"closed","sticky":false,"template":"","format":"standard","meta":{"om_disable_all_campaigns":false,"jnews-multi-image_gallery":[],"jnews_single_post":[],"jnews_primary_category":[],"jnews_social_meta":[],"footnotes":""},"categories":[39],"tags":[1356,22817,545],"class_list":["post-118310","post","type-post","status-publish","format-standard","has-post-thumbnail","hentry","category-viajes","tag-covid","tag-reactivacion-de-sector","tag-viajes"],"_links":{"self":[{"href":"https:\/\/dimensionturistica.com\/es\/wp-json\/wp\/v2\/posts\/118310","targetHints":{"allow":["GET"]}}],"collection":[{"href":"https:\/\/dimensionturistica.com\/es\/wp-json\/wp\/v2\/posts"}],"about":[{"href":"https:\/\/dimensionturistica.com\/es\/wp-json\/wp\/v2\/types\/post"}],"author":[{"embeddable":true,"href":"https:\/\/dimensionturistica.com\/es\/wp-json\/wp\/v2\/users\/4"}],"replies":[{"embeddable":true,"href":"https:\/\/dimensionturistica.com\/es\/wp-json\/wp\/v2\/comments?post=118310"}],"version-history":[{"count":0,"href":"https:\/\/dimensionturistica.com\/es\/wp-json\/wp\/v2\/posts\/118310\/revisions"}],"wp:featuredmedia":[{"embeddable":true,"href":"https:\/\/dimensionturistica.com\/es\/wp-json\/wp\/v2\/media\/118311"}],"wp:attachment":[{"href":"https:\/\/dimensionturistica.com\/es\/wp-json\/wp\/v2\/media?parent=118310"}],"wp:term":[{"taxonomy":"category","embeddable":true,"href":"https:\/\/dimensionturistica.com\/es\/wp-json\/wp\/v2\/categories?post=118310"},{"taxonomy":"post_tag","embeddable":true,"href":"https:\/\/dimensionturistica.com\/es\/wp-json\/wp\/v2\/tags?post=118310"}],"curies":[{"name":"wp","href":"https:\/\/api.w.org\/{rel}","templated":true}]}}