{"id":118233,"date":"2021-04-29T15:28:42","date_gmt":"2021-04-29T15:28:42","guid":{"rendered":"https:\/\/dimensionturistica.com\/es\/?p=118233"},"modified":"2021-04-29T15:28:42","modified_gmt":"2021-04-29T15:28:42","slug":"merida-se-posiciona-como-destino-turistico-preferente-y-pondra-en-marcha-potentes-campanas","status":"publish","type":"post","link":"https:\/\/dimensionturistica.com\/es\/merida-se-posiciona-como-destino-turistico-preferente-y-pondra-en-marcha-potentes-campanas\/","title":{"rendered":"M\u00e9rida se posiciona como destino tur\u00edstico preferente y pondr\u00e1 en marcha potentes campa\u00f1as"},"content":{"rendered":"<p> <br \/>\n<\/p>\n<div>\n<div class=\"breadcrumb\"><a rel=\"nofollow noopener\" target=\"_blank\" href=\"https:\/\/www.regiondigital.com\/\">Inicio<\/a>  \/ <a rel=\"nofollow noopener\" target=\"_blank\" href=\"https:\/\/www.regiondigital.com\/noticias\/3-merida\/\">M\u00e9rida<\/a> \/ <span>M\u00e9rida se posiciona como destino tur\u00edstico preferente y pondr\u00e1 en marcha potentes campa\u00f1as<\/span><\/div>\n<h4 class=\"colortres\"\/>\n<h2 class=\"font3 colordoce bottom20 lineh2\">La ciudad registr\u00f3 el pasado verano un n\u00famero de visitantes por encima de la media nacional, gracias a la intensa actividad cultural que ofreci\u00f3.<\/h2>\n<p><span class=\"colortres\"><strong>29 abril 2021<\/strong><\/span><\/p>\n<p>         <span class=\"code pre\"><br \/>\n            |  Publicado : 13:04  (29\/04\/2021) | <span class=\"colortres\">Actualizado:<\/span> 17:17  (29\/04\/2021)<\/span><\/p>\n<\/div>\n<p><script>(function(d, s, id) {\n  var js, fjs = d.getElementsByTagName(s)[0];\n  if (d.getElementById(id)) return;\n  js = d.createElement(s); js.id = id;\n  js.src = \"https:\/\/connect.facebook.net\/es_LA\/sdk.js#xfbml=1&version=v2.3\";\n  fjs.parentNode.insertBefore(js, fjs);\n}(document, 'script', 'facebook-jssdk'));<\/script><br \/>\n<br \/><\/p>\n<p><em> &#8221; Fuentes www.regiondigital.com &#8221; <\/em><\/p>\n","protected":false},"excerpt":{"rendered":"<p>Inicio \/ M\u00e9rida \/ M\u00e9rida se posiciona como destino tur\u00edstico preferente y pondr\u00e1 en marcha potentes campa\u00f1as La ciudad registr\u00f3 el pasado verano un n\u00famero de visitantes por encima de la media nacional, gracias a la intensa actividad cultural que ofreci\u00f3. 29 abril 2021 | Publicado : 13:04 (29\/04\/2021) | Actualizado: 17:17 (29\/04\/2021) &#8221; Fuentes [&hellip;]<\/p>\n","protected":false},"author":4,"featured_media":118234,"comment_status":"open","ping_status":"closed","sticky":false,"template":"","format":"standard","meta":{"om_disable_all_campaigns":false,"jnews-multi-image_gallery":[],"jnews_single_post":[],"jnews_primary_category":[],"jnews_social_meta":[],"footnotes":""},"categories":[39],"tags":[18165,1233,1271,1334,5108,2749,770,872,3748,16693,6548,1322,735,544,8363],"class_list":["post-118233","post","type-post","status-publish","format-standard","has-post-thumbnail","hentry","category-viajes","tag-ademas","tag-alcalde","tag-asi","tag-ciudad","tag-ciudades","tag-cultural","tag-espana","tag-festival","tag-grupo","tag-humanidad","tag-merida","tag-patrimonio","tag-tiempo","tag-turismo","tag-uno"],"_links":{"self":[{"href":"https:\/\/dimensionturistica.com\/es\/wp-json\/wp\/v2\/posts\/118233","targetHints":{"allow":["GET"]}}],"collection":[{"href":"https:\/\/dimensionturistica.com\/es\/wp-json\/wp\/v2\/posts"}],"about":[{"href":"https:\/\/dimensionturistica.com\/es\/wp-json\/wp\/v2\/types\/post"}],"author":[{"embeddable":true,"href":"https:\/\/dimensionturistica.com\/es\/wp-json\/wp\/v2\/users\/4"}],"replies":[{"embeddable":true,"href":"https:\/\/dimensionturistica.com\/es\/wp-json\/wp\/v2\/comments?post=118233"}],"version-history":[{"count":0,"href":"https:\/\/dimensionturistica.com\/es\/wp-json\/wp\/v2\/posts\/118233\/revisions"}],"wp:featuredmedia":[{"embeddable":true,"href":"https:\/\/dimensionturistica.com\/es\/wp-json\/wp\/v2\/media\/118234"}],"wp:attachment":[{"href":"https:\/\/dimensionturistica.com\/es\/wp-json\/wp\/v2\/media?parent=118233"}],"wp:term":[{"taxonomy":"category","embeddable":true,"href":"https:\/\/dimensionturistica.com\/es\/wp-json\/wp\/v2\/categories?post=118233"},{"taxonomy":"post_tag","embeddable":true,"href":"https:\/\/dimensionturistica.com\/es\/wp-json\/wp\/v2\/tags?post=118233"}],"curies":[{"name":"wp","href":"https:\/\/api.w.org\/{rel}","templated":true}]}}