{"id":118187,"date":"2021-04-29T14:36:40","date_gmt":"2021-04-29T14:36:40","guid":{"rendered":"https:\/\/dimensionturistica.com\/es\/?p=118187"},"modified":"2021-04-29T14:36:40","modified_gmt":"2021-04-29T14:36:40","slug":"los-espanoles-volveran-a-viajar-en-masa-tras-un-ano-aciago-noticias-de-agencias-de-viajes-rss1","status":"publish","type":"post","link":"https:\/\/dimensionturistica.com\/es\/los-espanoles-volveran-a-viajar-en-masa-tras-un-ano-aciago-noticias-de-agencias-de-viajes-rss1\/","title":{"rendered":"Los espa\u00f1oles volver\u00e1n a viajar en masa tras un a\u00f1o aciago | Noticias de Agencias de viajes, rss1"},"content":{"rendered":"<p> <br \/>\n<\/p>\n<div>\n<p><a rel=\"nofollow noopener\" target=\"_blank\" href=\"https:\/\/www.preferente.com\/wp-content\/uploads\/2021\/04\/avion-1.jpg\"><img decoding=\"async\" class=\"aligncenter wp-image-308947 size-full\" src=\"https:\/\/www.preferente.com\/wp-content\/uploads\/2021\/04\/avion-1.jpg\" alt=\"\" width=\"600\" height=\"364\" srcset=\"https:\/\/www.preferente.com\/wp-content\/uploads\/2021\/04\/avion-1.jpg 600w, https:\/\/www.preferente.com\/wp-content\/uploads\/2021\/04\/avion-1-300x182.jpg 300w, https:\/\/www.preferente.com\/wp-content\/uploads\/2021\/04\/avion-1-330x200.jpg 330w, https:\/\/www.preferente.com\/wp-content\/uploads\/2021\/04\/avion-1-247x150.jpg 247w, https:\/\/www.preferente.com\/wp-content\/uploads\/2021\/04\/avion-1-124x75.jpg 124w, https:\/\/www.preferente.com\/wp-content\/uploads\/2021\/04\/avion-1-99x60.jpg 99w, https:\/\/www.preferente.com\/wp-content\/uploads\/2021\/04\/avion-1-231x140.jpg 231w, https:\/\/www.preferente.com\/wp-content\/uploads\/2021\/04\/avion-1-53x32.jpg 53w, https:\/\/www.preferente.com\/wp-content\/uploads\/2021\/04\/avion-1-536x325.jpg 536w, https:\/\/www.preferente.com\/wp-content\/uploads\/2021\/04\/avion-1-174x106.jpg 174w, https:\/\/www.preferente.com\/wp-content\/uploads\/2021\/04\/avion-1-270x164.jpg 270w\" sizes=\"(max-width: 600px) 100vw, 600px\"\/><\/a><\/p>\n<p>Cuenta atr\u00e1s para el reinicio tur\u00edstico. Despu\u00e9s de m\u00e1s de un a\u00f1o desde el estallido de la pandemia y tras varios intentos fallidos de reanudaci\u00f3n, por fin parece que los espa\u00f1oles podr\u00e1n volver a viajar con relativa normalidad una vez finalice el estado de alarma el pr\u00f3ximo 9 de mayo (<a rel=\"nofollow noopener\" target=\"_blank\" href=\"https:\/\/www.preferente.com\/noticias-de-agencias-de-viajes\/vuelta-del-turismo-domestico-con-el-fin-del-estado-de-alarma-308418.html\">Vuelta del turismo dom\u00e9stico con el fin del estado de alarma<\/a>).<\/p>\n<p>La cuarta ola, al menos de momento, no ha sido tal, y el proceso de vacunaci\u00f3n, cuya velocidad aumenta a medida que pasan las semanas, genera gran optimismo entre una poblaci\u00f3n harta de ver como sus derechos fundamentales han sido coartados (<a rel=\"nofollow noopener\" target=\"_blank\" href=\"https:\/\/www.preferente.com\/noticias-de-transportes\/noticias-de-aerolineas\/la-vacuna-funciona-eeuu-se-recupera-a-un-ritmo-vertiginoso-308028.html\">La vacuna funciona: EEUU se recupera a un ritmo vertiginoso<\/a>).<\/p>\n<p>El porcentaje de espa\u00f1oles que se muestran dispuestos a viajar esta misma temporada de verano es aplastante. Seg\u00fan una encuesta de Sixt, el 82% conf\u00eda en poder disfrutar de unas m\u00e1s que merecidas vacaciones. De \u00e9stos, el 75% se decantar\u00e1 por destinos nacionales y el 25% restante se atrever\u00e1 con los viajes al extranjero.<\/p>\n<p>Si no hay imprevistos de \u00faltima hora, los residentes en Espa\u00f1a viajar\u00e1n en masa en los meses de julio y agosto. As\u00ed lo indica un 84% de los encuestados, frente a solo un 16% que esperar\u00e1 a septiembre. Por tipolog\u00eda de viaje, predominar\u00e1 el sol y playa, opci\u00f3n elegida por el 61%. Completan el podio los viajes combinados, con un peso del 22%, y las escapadas rurales, con un 11%.<\/p>\n<p>En relaci\u00f3n al medio de transporte, el veh\u00edculo domina con clara diferencia, siendo la opci\u00f3n seleccionada por el 72% de los consultados. No obstante, el avi\u00f3n tambi\u00e9n alcanza un porcentaje relevante (23%), principalmente para desplazamientos a Baleares y Canarias.<\/p>\n<p><!-- AddThis Advanced Settings above via filter on the_content --><!-- AddThis Advanced Settings below via filter on the_content --><!-- AddThis Advanced Settings generic via filter on the_content --><!-- AddThis Share Buttons above via filter on the_content --><!-- AddThis Share Buttons below via filter on the_content --><!-- AddThis Share Buttons generic via filter on the_content -->\t\t\t<\/div>\n\n<p><em> &#8221; Fuentes www.preferente.com &#8221; <\/em><\/p>\n","protected":false},"excerpt":{"rendered":"<p>Cuenta atr\u00e1s para el reinicio tur\u00edstico. Despu\u00e9s de m\u00e1s de un a\u00f1o desde el estallido de la pandemia y tras varios intentos fallidos de reanudaci\u00f3n, por fin parece que los espa\u00f1oles podr\u00e1n volver a viajar con relativa normalidad una vez finalice el estado de alarma el pr\u00f3ximo 9 de mayo (Vuelta del turismo dom\u00e9stico con [&hellip;]<\/p>\n","protected":false},"author":4,"featured_media":118188,"comment_status":"open","ping_status":"closed","sticky":false,"template":"","format":"standard","meta":{"om_disable_all_campaigns":false,"jnews-multi-image_gallery":[],"jnews_single_post":[],"jnews_primary_category":[],"jnews_social_meta":[],"footnotes":""},"categories":[40],"tags":[],"class_list":["post-118187","post","type-post","status-publish","format-standard","has-post-thumbnail","hentry","category-industria"],"_links":{"self":[{"href":"https:\/\/dimensionturistica.com\/es\/wp-json\/wp\/v2\/posts\/118187","targetHints":{"allow":["GET"]}}],"collection":[{"href":"https:\/\/dimensionturistica.com\/es\/wp-json\/wp\/v2\/posts"}],"about":[{"href":"https:\/\/dimensionturistica.com\/es\/wp-json\/wp\/v2\/types\/post"}],"author":[{"embeddable":true,"href":"https:\/\/dimensionturistica.com\/es\/wp-json\/wp\/v2\/users\/4"}],"replies":[{"embeddable":true,"href":"https:\/\/dimensionturistica.com\/es\/wp-json\/wp\/v2\/comments?post=118187"}],"version-history":[{"count":0,"href":"https:\/\/dimensionturistica.com\/es\/wp-json\/wp\/v2\/posts\/118187\/revisions"}],"wp:featuredmedia":[{"embeddable":true,"href":"https:\/\/dimensionturistica.com\/es\/wp-json\/wp\/v2\/media\/118188"}],"wp:attachment":[{"href":"https:\/\/dimensionturistica.com\/es\/wp-json\/wp\/v2\/media?parent=118187"}],"wp:term":[{"taxonomy":"category","embeddable":true,"href":"https:\/\/dimensionturistica.com\/es\/wp-json\/wp\/v2\/categories?post=118187"},{"taxonomy":"post_tag","embeddable":true,"href":"https:\/\/dimensionturistica.com\/es\/wp-json\/wp\/v2\/tags?post=118187"}],"curies":[{"name":"wp","href":"https:\/\/api.w.org\/{rel}","templated":true}]}}