{"id":118119,"date":"2021-04-29T13:01:38","date_gmt":"2021-04-29T13:01:38","guid":{"rendered":"https:\/\/dimensionturistica.com\/es\/?p=118119"},"modified":"2021-04-29T13:01:39","modified_gmt":"2021-04-29T13:01:39","slug":"a-que-destinos-podran-viajar-los-que-ya-estan-vacunados-gente-online","status":"publish","type":"post","link":"https:\/\/dimensionturistica.com\/es\/a-que-destinos-podran-viajar-los-que-ya-estan-vacunados-gente-online\/","title":{"rendered":"a qu\u00e9 destinos podr\u00e1n viajar los que ya est\u00e1n vacunados \u2013 GENTE Online"},"content":{"rendered":"<p> <br \/>\n<\/p>\n<div>\n\t\t\t<!-- .entry-meta --><\/p>\n<p>Con la llegada de la pandemia del coronavirus, el turismo fue uno de los rubros que m\u00e1s vieron frenada su actividad alrededor del mundo. Sin embargo, la llegada de las vacunas ha abierto una nueva posibilidad para las agencias de viaje de la mano del turismo de vacunaci\u00f3n.<\/p>\n<p>Ahora, mientras contin\u00faa la carrera por inocular a las poblaciones,<strong> son varios los pa\u00edses que ya est\u00e1n hablando de los llamados &#8220;pasaportes de inmunidad&#8221;,<\/strong> es decir, sistemas digitales para verificar las credenciales de salud de los visitantes.<\/p>\n<figure class=\"wp-block-embed is-type-wp-embed is-provider-gente-online wp-block-embed-gente-online\"\/>\n<p>Sin embargo, cada pa\u00eds impone sus criterios y <strong>en algunos casos no aceptan cualquier vacuna disponible.<\/strong><\/p>\n<p>Mientras <strong>Estados Unidos \u00fanicamente requiere presentar un comprobante de resultado negativo en la prueba de detecci\u00f3n del Covid-19,<\/strong> <strong>Islandia<\/strong>, por ejemplo, permite la entrada de todos los viajeros que tengan un<strong> certificado de inmunidad de las vacunas <\/strong>que hayan sido aprobadas por la Agencia Europea de Medicamentos (EMA) o la Organizaci\u00f3n Mundial de la Salud.\u00a0<\/p>\n<p>Otros pa\u00edses, como<strong> Grecia, Dinamarca o Israel,<\/strong> han establecido internamente un <strong>documento de inmunidad <\/strong>con el objetivo de acelerar el levantamiento de restricciones y prepararse para la temporada de verano.\u00a0<\/p>\n<p>Por su parte, l<strong>a Uni\u00f3n Europea (UE) sigue avanzando con su ambicioso plan <\/strong>para la implementaci\u00f3n de un pasaporte sanitario que permitir\u00e1 la libre circulaci\u00f3n en el bloque.<\/p>\n<figure class=\"wp-block-image size-large\"><img decoding=\"async\" loading=\"lazy\" width=\"1024\" height=\"768\" src=\"https:\/\/www.gente.com.ar\/wp-content\/uploads\/2021\/04\/dinamarca-1024x768.jpeg\" alt=\"\" class=\"wp-image-281953\" srcset=\"https:\/\/www.gente.com.ar\/wp-content\/uploads\/2021\/04\/dinamarca-1024x768.jpeg 1024w, https:\/\/www.gente.com.ar\/wp-content\/uploads\/2021\/04\/dinamarca-300x225.jpeg 300w, https:\/\/www.gente.com.ar\/wp-content\/uploads\/2021\/04\/dinamarca-768x576.jpeg 768w, https:\/\/www.gente.com.ar\/wp-content\/uploads\/2021\/04\/dinamarca-620x464.jpeg 620w, https:\/\/www.gente.com.ar\/wp-content\/uploads\/2021\/04\/dinamarca-220x164.jpeg 220w, https:\/\/www.gente.com.ar\/wp-content\/uploads\/2021\/04\/dinamarca.jpeg 1267w\" sizes=\"auto, (max-width: 1024px) 100vw, 1024px\"\/><figcaption>Dinamarca ha sido uno de los primeros pa\u00edses en abrazar la thought de un documento de inmunidad y, de hecho, ya comenz\u00f3 a utilizarlo internamente para reabrir su econom\u00eda<\/figcaption><\/figure>\n<p>A continuaci\u00f3n, los planes de algunos pa\u00edses para facilitar la entrada de los viajeros que puedan presentar una prueba de inmunidad.<\/p>\n<h2>Uni\u00f3n Europea<\/h2>\n<p>La UE ha acordado las directrices sobre los requisitos t\u00e9cnicos para la implementaci\u00f3n de un <strong>\u201cCertificado Verde Digital\u201d <\/strong>que facilitar\u00e1 la libre circulaci\u00f3n dentro del bloque para aquellos viajeros que<strong> hayan sido vacunados contra el coronavirus, hayan recibido un resultado negativo de infecci\u00f3n (prueba NAAT\/RT-PCR o ant\u00edgeno r\u00e1pido) o se hayan recuperado de la enfermedad.<\/strong><\/p>\n<p>Seg\u00fan las normas deben aceptarse las vacunas que hayan recibido una autorizaci\u00f3n de comercializaci\u00f3n a escala de la UE \u2013las de<strong> Pfizer\/BioNTech, Moderna, AstraZeneca(Oxford y Janssen Pharmaceutica NV<\/strong>\u2013, pero los Estados miembros pueden decidir individualmente si aceptar otros f\u00e1rmacos adicionales.<\/p>\n<figure class=\"wp-block-embed is-type-wp-embed is-provider-gente-online wp-block-embed-gente-online\"\/>\n<p>La acreditaci\u00f3n permitir\u00e1 la <strong>libre circulaci\u00f3n de ciudadanos en todos los Estados miembros de la UE, Islandia, Liechtenstein, Noruega y Suiza,<\/strong> durante la pandemia de coronavirus a partir de junio de 2021.<\/p>\n<p>La thought es  facilitar los viajes en lugar de prevenirlos, por lo que n<strong>o ser\u00e1 una condici\u00f3n obligatoria <\/strong>para entrar a un pa\u00eds del bloque pero los titulares estar\u00e1n exentos de las medidas de cuarentena (a menos que el pa\u00eds diga lo contrario, una decisi\u00f3n que deber\u00e1 justificar ante la Comisi\u00f3n Europea). Las personas a las que no se les haya emitido el certificado a\u00fan deben poder viajar siempre que cumplan con los requisitos de entrada del Estado miembro.<\/p>\n<p><strong>En la actualidad, los viajes no esenciales a la UE desde terceros pa\u00edses \u2013incluida la Argentina\u2013 est\u00e1n restringidos,<\/strong> salvo en el caso de un n\u00famero de pa\u00edses limitado. Los nacionales de un tercer pa\u00eds que puedan viajar a la UE podr\u00e1n obtener un Certificado Verde Digital, que <strong>deber\u00e1n solicitar al Estado miembro al que viajan<\/strong>, entregando toda la informaci\u00f3n necesaria, incluida una prueba fiable de vacunaci\u00f3n de las cuatro vacunas autorizadas por la EMA.<\/p>\n<figure class=\"wp-block-image size-large\"><img decoding=\"async\" loading=\"lazy\" width=\"1024\" height=\"768\" src=\"https:\/\/www.gente.com.ar\/wp-content\/uploads\/2021\/04\/jordi-vich-navarro-USXg5IRIKSE-unsplash-1024x768.jpg\" alt=\"\" class=\"wp-image-281954\" srcset=\"https:\/\/www.gente.com.ar\/wp-content\/uploads\/2021\/04\/jordi-vich-navarro-USXg5IRIKSE-unsplash-1024x768.jpg 1024w, https:\/\/www.gente.com.ar\/wp-content\/uploads\/2021\/04\/jordi-vich-navarro-USXg5IRIKSE-unsplash-300x225.jpg 300w, https:\/\/www.gente.com.ar\/wp-content\/uploads\/2021\/04\/jordi-vich-navarro-USXg5IRIKSE-unsplash-768x576.jpg 768w, https:\/\/www.gente.com.ar\/wp-content\/uploads\/2021\/04\/jordi-vich-navarro-USXg5IRIKSE-unsplash-1536x1152.jpg 1536w, https:\/\/www.gente.com.ar\/wp-content\/uploads\/2021\/04\/jordi-vich-navarro-USXg5IRIKSE-unsplash-2048x1536.jpg 2048w, https:\/\/www.gente.com.ar\/wp-content\/uploads\/2021\/04\/jordi-vich-navarro-USXg5IRIKSE-unsplash-620x464.jpg 620w, https:\/\/www.gente.com.ar\/wp-content\/uploads\/2021\/04\/jordi-vich-navarro-USXg5IRIKSE-unsplash-220x164.jpg 220w\" sizes=\"auto, (max-width: 1024px) 100vw, 1024px\"\/><\/figure>\n<p><strong>Dinamarca <\/strong>ha sido uno de los primeros pa\u00edses en abrazar la thought de un documento de inmunidad y, de hecho, ya comenz\u00f3 a utilizarlo internamente para reabrir su econom\u00eda bajo el nombre de \u201c<strong>Coronapas\u201d. <\/strong>Dicha acreditaci\u00f3n <strong>ya se aplica a peluquer\u00edas, cines, teatros, estadios, parques tem\u00e1ticos, zool\u00f3gicos y gimnasios.<\/strong><\/p>\n<p>Otros pa\u00edses, como <strong>Grecia, Portugal y Chipre<\/strong>, anunciaron que a partir de mayo dar\u00e1n la bienvenida a los turistas brit\u00e1nicos que se hayan vacunado sin necesidad de una cuarentena, un mes antes de que comience a operar el Certificado Digital Verde.<\/p>\n<figure class=\"wp-block-embed is-type-wp-embed is-provider-gente-online wp-block-embed-gente-online\"\/>\n<h2>Gran Breta\u00f1a<\/h2>\n<p>Por su lado, el gobierno brit\u00e1nico est\u00e1 analizando la mejor forma de verificar el estatus de Covid-19 de las personas, como<strong> \u201cuna medida temporal\u201d. <\/strong>Se espera que esto pueda facilitar la reducci\u00f3n del distanciamiento social y permitir los viajes internacionales.<\/p>\n<p>Funcionarios brit\u00e1nicos dijeron a <em>BBC Mundo<\/em> que estaban trabajando con colegas en Escocia, Gales e Irlanda del Norte para acordar un \u201cenfoque coherente\u201d.<\/p>\n<figure class=\"wp-block-image size-large\"><img decoding=\"async\" loading=\"lazy\" width=\"1024\" height=\"647\" src=\"https:\/\/www.gente.com.ar\/wp-content\/uploads\/2021\/03\/londres-1024x647.jpg\" alt=\"\" class=\"wp-image-274841\" srcset=\"https:\/\/www.gente.com.ar\/wp-content\/uploads\/2021\/03\/londres-1024x647.jpg 1024w, https:\/\/www.gente.com.ar\/wp-content\/uploads\/2021\/03\/londres-300x189.jpg 300w, https:\/\/www.gente.com.ar\/wp-content\/uploads\/2021\/03\/londres-768x485.jpg 768w, https:\/\/www.gente.com.ar\/wp-content\/uploads\/2021\/03\/londres.jpg 1278w\" sizes=\"auto, (max-width: 1024px) 100vw, 1024px\"\/><\/figure>\n<p><strong>Las vacaciones en el extranjero est\u00e1n actualmente prohibidas y los viajeros que regresan deben cumplir con una cuarentena. <\/strong>La fecha m\u00e1s temprana posible para la reanudaci\u00f3n de los viajes al extranjero es el 17 de mayo, pero a\u00fan no se ha confirmado. Sin embargo, el gobierno ha se\u00f1alado que <strong>la certificaci\u00f3n de inmunidad, incluida una prueba negativa, ya es parte del protocolo de entrada<\/strong> y espera que esto contin\u00fae y est\u00e1 buscando formas de hacer posible mostrar dicha informaci\u00f3n digitalmente.<\/p>\n<h2>Israel<\/h2>\n<p>Israel se convirti\u00f3 en el primer pa\u00eds del mundo en lanzar el <strong>\u201cPase Verde\u201d, <\/strong>un permiso de entrada a distintos establecimientos (gimnasios, piscinas, restaurantes y caf\u00e9s, hoteles, estadios, canchas, teatros, cines, espacios culturales, otras atracciones y mikves) para los ciudadanos recuperados de coronavirus o aquellos vacunados.<\/p>\n<figure class=\"wp-block-embed is-type-wp-embed is-provider-gente-online wp-block-embed-gente-online\"\/>\n<p>El pa\u00eds pronto extender\u00e1 la validez de una acreditaci\u00f3n de inmunidad a los viajeros vacunados \u2013algo que ya comenz\u00f3 a hacer con Bar\u00e9in para personas vacunadas con f\u00f3rmulas aprobadas en Israel (Moderna y Pfizer)\u2013. La ministra de Turismo, Orit Farkash-Hacohen, y la ministra de Salud, Yuli Edelstein, han llegado a un acuerdo para permitir la entrada de grupos vacunados de turistas extranjeros sin necesidad de cuarentena, inform\u00f3 Tourism Evaluation. El plan anunciado por el gobierno prev\u00e9 un n\u00famero limitado de grupos autorizados a llegar el 23 de mayo, un n\u00famero que se ir\u00e1 incrementando de acuerdo con la situaci\u00f3n de salud y el avance del programa.<\/p>\n<p>Todos los viajeros deber\u00e1n someterse a una prueba de PCR antes de abordar un vuelo a Israel. Adem\u00e1s, se realizar\u00e1 una prueba serol\u00f3gica para comprobar su vacunaci\u00f3n a su llegada al aeropuerto. Sin embargo, el gobierno anunci\u00f3 que est\u00e1n en curso conversaciones con varios pa\u00edses para llegar a acuerdos sobre la validaci\u00f3n de certificados de vacunaci\u00f3n. Por tanto, esto cancelar\u00eda la necesidad de la prueba serol\u00f3gica.<\/p>\n<h2>Caribe<\/h2>\n<figure class=\"wp-block-image size-large\"><img decoding=\"async\" loading=\"lazy\" width=\"1024\" height=\"639\" src=\"https:\/\/www.gente.com.ar\/wp-content\/uploads\/2021\/01\/Isla_de_Anguila_en_el_Caribe_1_1581954175-e1611412778631-1024x639.jpg\" alt=\"\" class=\"wp-image-264495\" srcset=\"https:\/\/www.gente.com.ar\/wp-content\/uploads\/2021\/01\/Isla_de_Anguila_en_el_Caribe_1_1581954175-e1611412778631-1024x639.jpg 1024w, https:\/\/www.gente.com.ar\/wp-content\/uploads\/2021\/01\/Isla_de_Anguila_en_el_Caribe_1_1581954175-e1611412778631-300x187.jpg 300w, https:\/\/www.gente.com.ar\/wp-content\/uploads\/2021\/01\/Isla_de_Anguila_en_el_Caribe_1_1581954175-e1611412778631-768x479.jpg 768w, https:\/\/www.gente.com.ar\/wp-content\/uploads\/2021\/01\/Isla_de_Anguila_en_el_Caribe_1_1581954175-e1611412778631.jpg 1055w\" sizes=\"auto, (max-width: 1024px) 100vw, 1024px\"\/><\/figure>\n<p><strong>Belice se convirti\u00f3 en la primera naci\u00f3n caribe\u00f1a en recibir a turistas vacunados<\/strong>. Los viajeros que deseen viajar al pa\u00eds centroamericano ya no deber\u00e1n someterse a una prueba de Covid-19 antes de la salida, siempre y cuando hayan recibido ambas inyecciones de una vacuna aprobada por el gobierno al menos dos semanas antes de la llegada.<\/p>\n<p><strong>Bahamas se sumar\u00e1 a la iniciativa el 1 de mayo,<\/strong> fecha a partir de la cual <strong>los turistas vacunados no deber\u00e1n cumplir con una cuarentena ni presentar una prueba negativa<\/strong>. Barbados implementar\u00e1 el pasaporte de inmunidad una semana despu\u00e9s, aunque seguir\u00e1 requiriendo la prueba negativa.<\/p>\n<p>Otros pa\u00edses de la regi\u00f3n \u2013Antigua y Barbuda, Granada, Islas Caim\u00e1n\u2013 utilizar\u00e1n el certificado de vacunaci\u00f3n para acortar el tiempo de cuarentena de los viajeros.<\/p>\n<figure class=\"wp-block-embed is-type-wp-embed wp-block-embed--autogenerado\"\/>\n<figure class=\"wp-block-embed is-type-wp-embed wp-block-embed--autogenerado\"\/>\n<figure class=\"wp-block-embed is-type-wp-embed wp-block-embed--autogenerado\"\/>\n<figure class=\"wp-block-embed is-type-wp-embed wp-block-embed--autogenerado\"\/>\n<h4 class=\"box_mas_informacion\"><strong><span class=\"\">M\u00e1s informaci\u00f3n en <a rel=\"nofollow noopener\" target=\"_blank\" href=\"http:\/\/www.gente.com.ar\">gente.com.ar<\/a><\/span><\/strong><\/h4>\n<footer class=\"entry-footer\">\n<h2 class=\"titulo_temas\">TEMAS<\/h2>\n<h2 class=\"titulo_comentarios\" id=\"comentarios\">Comentarios<\/h2>\n<\/footer>\n<p><!-- .entry-footer -->\n\t\t<\/div>\n<p><script type=\"text\/javascript\">(function(){var loaded=false;var loadFB=function(){if(loaded)return;loaded=true;(function(d,s,id){var js,fjs=d.getElementsByTagName(s)[0];if(d.getElementById(id))return;js=d.createElement(s);js.id=id;js.src=\"https:\/\/connect.facebook.net\/es_LA\/sdk.js#xfbml=1&version=v3.0&appId=1683217781801795\";fjs.parentNode.insertBefore(js,fjs);}(document,'script','facebook-jssdk'));};setTimeout(loadFB,0);})();<\/script><br \/>\n<br \/><\/p>\n<p><em> &#8221; Fuentes www.gente.com.ar &#8221; <\/em><\/p>\n","protected":false},"excerpt":{"rendered":"<p>Con la llegada de la pandemia del coronavirus, el turismo fue uno de los rubros que m\u00e1s vieron frenada su actividad alrededor del mundo. Sin embargo, la llegada de las vacunas ha abierto una nueva posibilidad para las agencias de viaje de la mano del turismo de vacunaci\u00f3n. Ahora, mientras contin\u00faa la carrera por inocular [&hellip;]<\/p>\n","protected":false},"author":4,"featured_media":118120,"comment_status":"open","ping_status":"closed","sticky":false,"template":"","format":"standard","meta":{"om_disable_all_campaigns":false,"jnews-multi-image_gallery":[],"jnews_single_post":[],"jnews_primary_category":[],"jnews_social_meta":[],"footnotes":""},"categories":[40],"tags":[],"class_list":["post-118119","post","type-post","status-publish","format-standard","has-post-thumbnail","hentry","category-industria"],"_links":{"self":[{"href":"https:\/\/dimensionturistica.com\/es\/wp-json\/wp\/v2\/posts\/118119","targetHints":{"allow":["GET"]}}],"collection":[{"href":"https:\/\/dimensionturistica.com\/es\/wp-json\/wp\/v2\/posts"}],"about":[{"href":"https:\/\/dimensionturistica.com\/es\/wp-json\/wp\/v2\/types\/post"}],"author":[{"embeddable":true,"href":"https:\/\/dimensionturistica.com\/es\/wp-json\/wp\/v2\/users\/4"}],"replies":[{"embeddable":true,"href":"https:\/\/dimensionturistica.com\/es\/wp-json\/wp\/v2\/comments?post=118119"}],"version-history":[{"count":0,"href":"https:\/\/dimensionturistica.com\/es\/wp-json\/wp\/v2\/posts\/118119\/revisions"}],"wp:featuredmedia":[{"embeddable":true,"href":"https:\/\/dimensionturistica.com\/es\/wp-json\/wp\/v2\/media\/118120"}],"wp:attachment":[{"href":"https:\/\/dimensionturistica.com\/es\/wp-json\/wp\/v2\/media?parent=118119"}],"wp:term":[{"taxonomy":"category","embeddable":true,"href":"https:\/\/dimensionturistica.com\/es\/wp-json\/wp\/v2\/categories?post=118119"},{"taxonomy":"post_tag","embeddable":true,"href":"https:\/\/dimensionturistica.com\/es\/wp-json\/wp\/v2\/tags?post=118119"}],"curies":[{"name":"wp","href":"https:\/\/api.w.org\/{rel}","templated":true}]}}