{"id":118082,"date":"2021-04-29T12:02:32","date_gmt":"2021-04-29T12:02:32","guid":{"rendered":"https:\/\/dimensionturistica.com\/es\/?p=118082"},"modified":"2021-04-29T12:02:32","modified_gmt":"2021-04-29T12:02:32","slug":"agencias-de-viaje-la-devaluacion-del-peso-colombiano-es-una-oportunidad-para-el-turismo","status":"publish","type":"post","link":"https:\/\/dimensionturistica.com\/es\/agencias-de-viaje-la-devaluacion-del-peso-colombiano-es-una-oportunidad-para-el-turismo\/","title":{"rendered":"Agencias de viaje: la devaluaci\u00f3n del peso colombiano es una oportunidad para el turismo"},"content":{"rendered":"<p> <br \/>\n<\/p>\n<div>\n<div class=\"visual__image  image_container\"><img decoding=\"async\" alt=\"Pasajeros utilizando mascarillas hacen fila para realizar el check-in en el aeropuerto El Dorado, despu\u00e9s de que el Gobierno colombiano autoriz\u00f3 la reactivaci\u00f3n de los vuelos internacionales, en medio del brote de coronavirus en Bogot\u00e1. Septiembre 21, 2020. REUTERS\/Luisa Gonzalez\" height=\"533\" width=\"800\" src=\"https:\/\/www.infobae.com\/new-resizer\/moYztFIlINmnOIvMqytLo2JQ7oA=\/420x280\/filters:format(jpg):quality(85)\/cloudfront-us-east-1.images.arcpublishing.com\/infobae\/6EL7IRP4WAAOXAGZEFVXZ3KYPU.jpg\" srcset=\"https:\/\/www.infobae.com\/new-resizer\/moYztFIlINmnOIvMqytLo2JQ7oA=\/420x280\/filters:format(jpg):quality(85)\/cloudfront-us-east-1.images.arcpublishing.com\/infobae\/6EL7IRP4WAAOXAGZEFVXZ3KYPU.jpg 420w,https:\/\/www.infobae.com\/new-resizer\/vyLSoDwPRZ4GtHi3vf8lvJuWw2Q=\/768x512\/filters:format(jpg):quality(85)\/cloudfront-us-east-1.images.arcpublishing.com\/infobae\/6EL7IRP4WAAOXAGZEFVXZ3KYPU.jpg 768w,https:\/\/www.infobae.com\/new-resizer\/r_jWovNSJoobXPWFapv57BUgj9Y=\/992x661\/filters:format(jpg):quality(85)\/cloudfront-us-east-1.images.arcpublishing.com\/infobae\/6EL7IRP4WAAOXAGZEFVXZ3KYPU.jpg 992w,https:\/\/www.infobae.com\/new-resizer\/tNfZ6UpY5Qjqqcmfjd_55J2ZmA0=\/1200x800\/filters:format(jpg):quality(85)\/cloudfront-us-east-1.images.arcpublishing.com\/infobae\/6EL7IRP4WAAOXAGZEFVXZ3KYPU.jpg 1200w\" sizes=\"auto, (min-width: 800px) 50vw, 90vw\" loading=\"lazy\"\/><figcaption>Pasajeros utilizando mascarillas hacen fila para realizar el check-in en el aeropuerto El Dorado, despu\u00e9s de que el Gobierno colombiano autoriz\u00f3 la reactivaci\u00f3n de los vuelos internacionales, en medio del brote de coronavirus en Bogot\u00e1. Septiembre 21, 2020. REUTERS\/Luisa Gonzalez<\/figcaption><\/div>\n<p class=\"paragraph\">La Asociaci\u00f3n Colombiana de Agencias de Viaje y Turismo (Anato) asegur\u00f3 que la devaluaci\u00f3n del peso colombiano es una oportunidad para incentivar la compra de paquetes tur\u00edsticos a mediano plazo, lo que permitir\u00e1 contribuir a la reactivaci\u00f3n del sector que se ha visto tan afectado a causa de la disaster sanitaria por el covid-19.<\/p>\n<p class=\"paragraph\">Seg\u00fan explic\u00f3 el gremio de las agencias de viaje, durante el a\u00f1o, la devaluaci\u00f3n del peso colombiano ha estado directamente relacionada con las restricciones decretadas a causa de la pandemia, lo que ha dificultado la entrada de divisas a Colombia.<\/p>\n<p class=\"paragraph\">De hecho, <b>Anato detall\u00f3 que en el periodo de tiempo del 1 de enero al 21 de abril de 2021, el peso colombiano se ha posicionado como el tercer pa\u00eds de la regi\u00f3n con devaluaci\u00f3n de su moneda<\/b>, antecedido por el actual brasile\u00f1o y el peso argentino.<\/p>\n<p class=\"paragraph\">La presidenta ejecutiva de Anato, Paula Cort\u00e9s Calle, al respecto, se\u00f1al\u00f3 que la devaluaci\u00f3n de la moneda nacional es una oportunidad para mejorar los costos de las compras de los viajeros, lo que a su vez contribuir\u00eda a la reactivaci\u00f3n del turismo en el pa\u00eds.<\/p>\n<p class=\"paragraph\">\u201c<i><b>Vemos la devaluaci\u00f3n del peso colombiano como una oportunidad para motivar la compra de paquetes tur\u00edsticos que puedan llevarse a cabo en el mediano plazo. Hay que buscar alternativas para la reactivaci\u00f3n del sector turismo, pues, seg\u00fan Migraci\u00f3n Colombia, entre enero y marzo, un total de 199.647 visitantes extranjeros han llegado a nuestro pa\u00eds, lo que significa que nos encontramos por debajo en un 80% de las cifras reportadas para el mismo periodo de 2019<\/b><\/i>\u2033, se\u00f1al\u00f3 Cort\u00e9s.<\/p>\n<p class=\"paragraph\">La presidenta ejecutiva de Anato adem\u00e1s record\u00f3 que la Organizaci\u00f3n Mundial del Turismo (OMT) recientemente estableci\u00f3 que <b>entre julio y septiembre de este a\u00f1o la llegada de turistas internacionales se incrementar\u00eda entre un 33% y 45% <\/b>respecto a las cifras que se registraron en el mismo periodo de tiempo durante 2019, y por ello, indic\u00f3 que el precio del d\u00f3lar es una oportunidad que podr\u00eda impulsar las reservas de viajes durante el segundo semestre de 2021.<\/p>\n<p class=\"paragraph\">Teniendo en cuenta las cifras, Cort\u00e9s apunt\u00f3 que es importante que desde el gremio y dem\u00e1s entidades promotoras del turismo, se creen acciones que de la mano con el precio favorable del d\u00f3lar permitan incentivar a los colombianos y a los viajeros internacionales a que recorran nuestro pa\u00eds.<\/p>\n<p class=\"paragraph\">\u201c<i>Debemos crear estrategias empresariales para recuperar la confianza de los viajeros. A trav\u00e9s de la Vitrina Tur\u00edstica de ANATO, que realizaremos de manera presencial del 16 al 18 de junio en Bogot\u00e1, buscaremos un equilibrio para retomar el turismo internacional, mejorar la conectividad a\u00e9rea, estimular la posibilidad de que los colombianos viajen dentro y fuera de su pa\u00eds, recuperar lo logrado hasta el 2019 en la llegada de visitantes extranjeros<\/i>\u201d, explic\u00f3 la presidenta ejecutiva del gremio.<\/p>\n<p class=\"paragraph\">Cort\u00e9s adem\u00e1s agreg\u00f3 que aunque la recuperaci\u00f3n del turismo tomar\u00e1 un poco m\u00e1s de tiempo, tienen buenas expectativas sobre el sector, pues <b>de acuerdo con Procolombia, a la fecha Colombia a recobrado el 67,2% de las frecuencias de viajes internacionales.<\/b><\/p>\n<p class=\"paragraph\">De hecho, Migraci\u00f3n Colombia detall\u00f3 que de esos 199.647 viajeros extranjeros que han ingresado al pa\u00eds entre enero y marzo de este a\u00f1o, la mayor\u00eda proviene de <b>Estados Unidos, Chile, M\u00e9xico, Panam\u00e1, Ecuador, Per\u00fa, Argentina y Rep\u00fablica Dominicana.<\/b><\/p>\n<p class=\"paragraph\">Respecto al flujo de colombianos que han viajado hacia el exterior, la misma entidad inform\u00f3 que entre enero y marzo de 2021, salieron del pa\u00eds 438.817 viajeros, es decir, lo equivalente al 48,9% respecto a los 897.193 registrados en el mismo periodo de 2020.<\/p>\n<p class=\"paragraph\"><b>SEGUIR LEYENDO<\/b><\/p>\n<div class=\"text-element\"><a rel=\"nofollow noopener\" target=\"_blank\" href=\"https:\/\/www.infobae.com\/america\/colombia\/2021\/04\/29\/galeria-arte-y-comunion-la-otra-cara-del-paro-del-28a\/\">Galer\u00eda | Arte y comuni\u00f3n: la otra cara del paro del 28A<\/a><\/div>\n<div class=\"text-element\"><a rel=\"nofollow noopener\" target=\"_blank\" href=\"https:\/\/www.infobae.com\/america\/colombia\/2021\/04\/28\/colombia-registra-nuevo-record-de-muertes-por-covid-19-490-fallecidos\/\">Colombia registra nuevo r\u00e9cord de muertes por covid-19: 490 fallecidos<\/a><\/div>\n<\/div>\n<p><script defer=\"\">!function(f,b,e,v,n,t,s) {if(f.fbq)return;n=f.fbq=function(){n.callMethod? n.callMethod.apply(n,arguments):n.queue.push(arguments)}; if(!f._fbq)f._fbq=n;n.push=n;n.loaded=!0;n.version='2.0'; n.queue=[];t=b.createElement(e);t.async=!0; t.src=v;s=b.getElementsByTagName(e)[0]; s.parentNode.insertBefore(t,s)}(window, document,'script', 'https:\/\/connect.facebook.net\/en_US\/fbevents.js'); fbq('init', '336383993555320'); fbq('track', 'PageView'); fbq('track', 'ViewContent');<\/script><br \/>\n<br \/><\/p>\n<p><em> &#8221; Fuentes www.infobae.com &#8221; <\/em><\/p>\n","protected":false},"excerpt":{"rendered":"<p>Pasajeros utilizando mascarillas hacen fila para realizar el check-in en el aeropuerto El Dorado, despu\u00e9s de que el Gobierno colombiano autoriz\u00f3 la reactivaci\u00f3n de los vuelos internacionales, en medio del brote de coronavirus en Bogot\u00e1. Septiembre 21, 2020. REUTERS\/Luisa Gonzalez La Asociaci\u00f3n Colombiana de Agencias de Viaje y Turismo (Anato) asegur\u00f3 que la devaluaci\u00f3n del [&hellip;]<\/p>\n","protected":false},"author":4,"featured_media":118083,"comment_status":"open","ping_status":"closed","sticky":false,"template":"","format":"standard","meta":{"om_disable_all_campaigns":false,"jnews-multi-image_gallery":[],"jnews_single_post":[],"jnews_primary_category":[],"jnews_social_meta":[],"footnotes":""},"categories":[40],"tags":[],"class_list":["post-118082","post","type-post","status-publish","format-standard","has-post-thumbnail","hentry","category-industria"],"_links":{"self":[{"href":"https:\/\/dimensionturistica.com\/es\/wp-json\/wp\/v2\/posts\/118082","targetHints":{"allow":["GET"]}}],"collection":[{"href":"https:\/\/dimensionturistica.com\/es\/wp-json\/wp\/v2\/posts"}],"about":[{"href":"https:\/\/dimensionturistica.com\/es\/wp-json\/wp\/v2\/types\/post"}],"author":[{"embeddable":true,"href":"https:\/\/dimensionturistica.com\/es\/wp-json\/wp\/v2\/users\/4"}],"replies":[{"embeddable":true,"href":"https:\/\/dimensionturistica.com\/es\/wp-json\/wp\/v2\/comments?post=118082"}],"version-history":[{"count":0,"href":"https:\/\/dimensionturistica.com\/es\/wp-json\/wp\/v2\/posts\/118082\/revisions"}],"wp:featuredmedia":[{"embeddable":true,"href":"https:\/\/dimensionturistica.com\/es\/wp-json\/wp\/v2\/media\/118083"}],"wp:attachment":[{"href":"https:\/\/dimensionturistica.com\/es\/wp-json\/wp\/v2\/media?parent=118082"}],"wp:term":[{"taxonomy":"category","embeddable":true,"href":"https:\/\/dimensionturistica.com\/es\/wp-json\/wp\/v2\/categories?post=118082"},{"taxonomy":"post_tag","embeddable":true,"href":"https:\/\/dimensionturistica.com\/es\/wp-json\/wp\/v2\/tags?post=118082"}],"curies":[{"name":"wp","href":"https:\/\/api.w.org\/{rel}","templated":true}]}}