{"id":118028,"date":"2021-04-29T10:15:50","date_gmt":"2021-04-29T10:15:50","guid":{"rendered":"https:\/\/dimensionturistica.com\/es\/?p=118028"},"modified":"2021-04-29T10:15:50","modified_gmt":"2021-04-29T10:15:50","slug":"altea-entre-los-municipios-mas-solicitados-en-el-bono-viaje-de-turisme-cv","status":"publish","type":"post","link":"https:\/\/dimensionturistica.com\/es\/altea-entre-los-municipios-mas-solicitados-en-el-bono-viaje-de-turisme-cv\/","title":{"rendered":"Altea entre los municipios m\u00e1s solicitados en el bono viaje de Turisme CV"},"content":{"rendered":"<p> <br \/>\n<\/p>\n<div id=\"post-text\">\n<p>Altea, junto a Benidorm, Finestrat y Benimantell se encuentran entre los municipios de la Comunidad Valenciana m\u00e1s solicitados por los usuarios del bono viaje de la\u00a0Generalitat\u00a0para viajar por la Comunitat. As\u00ed lo indica la edil de Turismo, Xelo Gonz\u00e1lez.<\/p>\n<p>La edil ha apuntado que se han llevado a cabo ya 16.000 reservas\u00a0en distintos puntos de la Comunitat para viajar en el primer semestre del a\u00f1o. En lo va de 2021 la\u00a0Generalitat\u00a0ha distribuido ya cerca de 22.000 bonos de un programa que cuenta con 1.444 empresas adheridas y una dotaci\u00f3n de 12 millones de euros.<\/p>\n<p>Viatgem Comunitat Valenciana ofrece dos plazos para\u00a0viajar\u00a0con la\u00a0bonificaci\u00f3n\u00a0del 70%; del 1 de enero al 15 de junio y del 15 de septiembre al 31 de diciembre.<\/p>\n<p>La provincia de Alicante es la que acapara la mayor parte de los destinos demandados, principalmente: Benidorm, Altea, Finestrat, Calp, Benimantell, J\u00e1vea y Alicante. Otros destinos atractivos son Pe\u00f1iscola y Morella en la provincia de Castell\u00f3n y la ciudad de Val\u00e8ncia.<\/p>\n<p>Xelo Gonz\u00e1lez ha desvelado que en Altea han sido 13 las empresas adscritas al bono viaje: 11 empresas gestoras de Viviendas tur\u00edsticas como son Casa del Mar; SH Villa Gadea; La Costera; Ocean Lounge; Moona Hostal; La Serena; Altaia; Tossal d\u2019Altea; Abaco Altea; El Fornet; y Cap Negret, y dos agencias de viaje, B The Journey Model y Viajes Halc\u00f3n.<\/p>\n<p>\u201cDesde la concejal\u00eda de Turismo animamos a los alteanos y alteanas a participar de este bono viaje, ya que se trata de una nueva oportunidad de disfrutar y conocer el patrimonio de la Comunidad Valenciana por un precio muy reducido; al mismo tiempo activar la econom\u00eda de un sector que sigue\u00a0 gravemente afectado por las restricciones contra la pandemia\u201d. Ha concluido la responsable municipal de Turismo.<\/p>\n<\/div>\n\n<p><em> &#8221; Fuentes www.elperiodic.com &#8221; <\/em><\/p>\n","protected":false},"excerpt":{"rendered":"<p>Altea, junto a Benidorm, Finestrat y Benimantell se encuentran entre los municipios de la Comunidad Valenciana m\u00e1s solicitados por los usuarios del bono viaje de la\u00a0Generalitat\u00a0para viajar por la Comunitat. As\u00ed lo indica la edil de Turismo, Xelo Gonz\u00e1lez. La edil ha apuntado que se han llevado a cabo ya 16.000 reservas\u00a0en distintos puntos de [&hellip;]<\/p>\n","protected":false},"author":4,"featured_media":118029,"comment_status":"open","ping_status":"closed","sticky":false,"template":"","format":"standard","meta":{"om_disable_all_campaigns":false,"jnews-multi-image_gallery":[],"jnews_single_post":[],"jnews_primary_category":[],"jnews_social_meta":[],"footnotes":""},"categories":[40],"tags":[],"class_list":["post-118028","post","type-post","status-publish","format-standard","has-post-thumbnail","hentry","category-industria"],"_links":{"self":[{"href":"https:\/\/dimensionturistica.com\/es\/wp-json\/wp\/v2\/posts\/118028","targetHints":{"allow":["GET"]}}],"collection":[{"href":"https:\/\/dimensionturistica.com\/es\/wp-json\/wp\/v2\/posts"}],"about":[{"href":"https:\/\/dimensionturistica.com\/es\/wp-json\/wp\/v2\/types\/post"}],"author":[{"embeddable":true,"href":"https:\/\/dimensionturistica.com\/es\/wp-json\/wp\/v2\/users\/4"}],"replies":[{"embeddable":true,"href":"https:\/\/dimensionturistica.com\/es\/wp-json\/wp\/v2\/comments?post=118028"}],"version-history":[{"count":0,"href":"https:\/\/dimensionturistica.com\/es\/wp-json\/wp\/v2\/posts\/118028\/revisions"}],"wp:featuredmedia":[{"embeddable":true,"href":"https:\/\/dimensionturistica.com\/es\/wp-json\/wp\/v2\/media\/118029"}],"wp:attachment":[{"href":"https:\/\/dimensionturistica.com\/es\/wp-json\/wp\/v2\/media?parent=118028"}],"wp:term":[{"taxonomy":"category","embeddable":true,"href":"https:\/\/dimensionturistica.com\/es\/wp-json\/wp\/v2\/categories?post=118028"},{"taxonomy":"post_tag","embeddable":true,"href":"https:\/\/dimensionturistica.com\/es\/wp-json\/wp\/v2\/tags?post=118028"}],"curies":[{"name":"wp","href":"https:\/\/api.w.org\/{rel}","templated":true}]}}