{"id":117929,"date":"2021-04-29T07:20:18","date_gmt":"2021-04-29T07:20:18","guid":{"rendered":"https:\/\/dimensionturistica.com\/es\/?p=117929"},"modified":"2021-04-29T07:20:18","modified_gmt":"2021-04-29T07:20:18","slug":"compania-aerea-checa-smartwings-programa-vuelos-varsovia-fuerteventura-varsovia-para-invierno-2021-22","status":"publish","type":"post","link":"https:\/\/dimensionturistica.com\/es\/compania-aerea-checa-smartwings-programa-vuelos-varsovia-fuerteventura-varsovia-para-invierno-2021-22\/","title":{"rendered":"Compa\u00f1\u00eda a\u00e9rea checa Smartwings programa vuelos Varsovia-Fuerteventura-Varsovia para invierno 2021\/22 ."},"content":{"rendered":"<p> <br \/>\n<\/p>\n<div>\n<head><br \/>\n<meta content=\"width=device-width, initial-scale=1, minimum-scale=1, maximum-scale=1\" name=\"viewport\"\/><br \/>\n<title> Compa\u00f1\u00eda a\u00e9rea checa Smartwings programa vuelos Varsovia-Fuerteventura-Varsovia para  invierno 2021\/22 .<\/title><br \/>\n<meta content=\"text\/html; charset=UTF-8\" http-equiv=\"Content-Type\"\/><br \/>\n<!-- Chrome, Firefox OS and Opera --><br \/>\n<meta content=\"#f8f8f8\" name=\"theme-color\"\/><br \/>\n<!-- Windows Phone --><br \/>\n<meta content=\"#f8f8f8\" name=\"msapplication-navbutton-color\"\/><br \/>\n<meta content=\"blogger\" name=\"generator\"\/>\n<link href=\"https:\/\/www.fuerteventuradigital.net\/favicon.ico\" rel=\"icon\" type=\"image\/x-icon\"\/>\n<link href=\"https:\/\/www.fuerteventuradigital.net\/2021\/04\/compania-aerea-checa-smartwings.html\" rel=\"canonical\"\/>\n<link rel=\"alternate\" type=\"application\/atom+xml\" title=\"Fuerteventura Digital, Noticias  - Atom\" href=\"https:\/\/www.fuerteventuradigital.net\/feeds\/posts\/default\"\/>\n<link rel=\"alternate\" type=\"application\/rss+xml\" title=\"Fuerteventura Digital, Noticias  - RSS\" href=\"https:\/\/www.fuerteventuradigital.net\/feeds\/posts\/default?alt=rss\"\/>\n<link rel=\"service.post\" type=\"application\/atom+xml\" title=\"Fuerteventura Digital, Noticias  - Atom\" href=\"https:\/\/www.blogger.com\/feeds\/3983778994404313957\/posts\/default\"\/>\n<link rel=\"alternate\" type=\"application\/atom+xml\" title=\"Fuerteventura Digital, Noticias  - Atom\" href=\"https:\/\/www.fuerteventuradigital.net\/feeds\/1700680608289504525\/comments\/default\"\/>\n<!--Can't find substitution for tag [blog.ieCssRetrofitLinks]-->\n<link href=\"https:\/\/1.bp.blogspot.com\/-n7jxmA_KUyU\/YIpafdonTpI\/AAAAAAABbHU\/_JRECrvf5rY-U2CAqAQfXAbt16dtTGMEACLcBGAsYHQ\/w640-h426\/Avion-SmartWings.jpg\" rel=\"image_src\"\/>\n<meta content=\"https:\/\/www.fuerteventuradigital.net\/2021\/04\/compania-aerea-checa-smartwings.html\" property=\"og:url\"\/><br \/>\n<meta content=\" Compa\u00f1\u00eda a\u00e9rea checa Smartwings programa vuelos Varsovia-Fuerteventura-Varsovia para  invierno 2021\/22 .\" property=\"og:title\"\/><br \/>\n<meta content=\"\u00a0 \u00a0 El\u00a0 Patronato Insular de Turismo de Fuerteventura comunica que la compa\u00f1\u00eda a\u00e9rea checa Smartwings programa vuelos Varsovia-Fuerteventura...\" property=\"og:description\"\/><br \/>\n<meta content=\"https:\/\/1.bp.blogspot.com\/-n7jxmA_KUyU\/YIpafdonTpI\/AAAAAAABbHU\/_JRECrvf5rY-U2CAqAQfXAbt16dtTGMEACLcBGAsYHQ\/w1200-h630-p-k-no-nu\/Avion-SmartWings.jpg\" property=\"og:image\"\/><br \/>\n<!--[if IE]>  <![endif]--><br \/>\n<!-- Google Fonts -->\n<link href=\"https:\/\/fonts.googleapis.com\/css?family=Roboto:400,500,700\" media=\"all\" rel=\"stylesheet\" type=\"text\/css\"\/>\n<link href=\"https:\/\/stackpath.bootstrapcdn.com\/font-awesome\/4.7.0\/css\/font-awesome.min.css\" rel=\"stylesheet\"\/>\n<!-- Template Style CSS --><\/p>\n<p><!-- Global Variables --><\/p>\n<p><!-- Google Analytics --><\/head><body id=\"wp_automatic_ReadabilityBody\"><\/p>\n<p>google.com, pub-1060934438379655, DIRECT, f08c47fec0942fa0\n<link href=\"https:\/\/www.blogger.com\/dyn-css\/authorization.css?targetBlogID=3983778994404313957&amp;zx=aa3822a1-30a8-4160-bbe2-27906562f885\" media=\"none\" onload=\"if(media!='all')media='all'\" rel=\"stylesheet\"\/><noscript><link href=\"https:\/\/www.blogger.com\/dyn-css\/authorization.css?targetBlogID=3983778994404313957&amp;zx=aa3822a1-30a8-4160-bbe2-27906562f885\" rel=\"stylesheet\"\/><\/noscript><\/p>\n<p><!-- data-ad-client=ca-pub-1060934438379655 --><\/p>\n<p><!-- Theme Options --><\/p>\n<p><!-- Outer Wrapper --><\/p>\n<div id=\"outer-wrapper\">\n<!-- Main Top Bar --><\/p>\n<p><!-- Header Wrapper --><\/p>\n<p><!-- Content Wrapper --><\/p>\n<div class=\"row\" id=\"content-wrapper\">\n<div class=\"container\">\n<!-- Main Wrapper --><\/p>\n<div id=\"main-wrapper\">\n<div class=\"main section\" id=\"main\" name=\"Main Posts\">\n<div class=\"widget Blog\" data-version=\"2\" id=\"Blog1\">\n<div class=\"blog-posts hfeed container item-post-wrap\">\n<div class=\"blog-post hentry item-post\">\n<nav id=\"breadcrumb\"><a rel=\"nofollow noopener\" target=\"_blank\" href=\"https:\/\/www.fuerteventuradigital.net\/\">Inicio<\/a><em class=\"delimiter\"\/><span class=\"current\"> Compa\u00f1\u00eda a\u00e9rea checa Smartwings programa vuelos Varsovia-Fuerteventura-Varsovia para  invierno 2021\/22 .<\/span><\/nav>\n<div class=\"post-body post-content\">\n<h2 style=\"text-align: left;\"><span style=\"font-size: large;\">\u00a0<span style=\"background-color: white; color: #222222; font-family: Arial, Helvetica, sans-serif;\">\u00a0<\/p>\n<div class=\"separator\" style=\"clear: both; text-align: center;\"><a rel=\"nofollow noopener\" target=\"_blank\" href=\"https:\/\/1.bp.blogspot.com\/-n7jxmA_KUyU\/YIpafdonTpI\/AAAAAAABbHU\/_JRECrvf5rY-U2CAqAQfXAbt16dtTGMEACLcBGAsYHQ\/s990\/Avion-SmartWings.jpg\" imageanchor=\"1\" style=\"margin-left: 1em; margin-right: 1em;\"><img decoding=\"async\" border=\"0\" data-original-height=\"660\" data-original-width=\"990\" height=\"426\" src=\"https:\/\/1.bp.blogspot.com\/-n7jxmA_KUyU\/YIpafdonTpI\/AAAAAAABbHU\/_JRECrvf5rY-U2CAqAQfXAbt16dtTGMEACLcBGAsYHQ\/w640-h426\/Avion-SmartWings.jpg\" width=\"640\"\/><\/a><\/div>\n<p><\/span><\/span><\/h2>\n<h2 style=\"text-align: left;\"><span style=\"font-size: large;\"><span style=\"background-color: white; color: #222222; font-family: Arial, Helvetica, sans-serif;\">El\u00a0<\/span><span style=\"background-color: white; color: #222222; font-family: Arial, Helvetica, sans-serif;\">Patronato Insular de Turismo de Fuerteventura comunica que la compa\u00f1\u00eda a\u00e9rea checa Smartwings programa vuelos Varsovia-Fuerteventura-<\/span><wbr style=\"color: #222222; font-family: Arial, Helvetica, sans-serif;\"\/><span style=\"background-color: white; color: #222222; font-family: Arial, Helvetica, sans-serif;\">Varsovia para el pr\u00f3ximo invierno 2021\/22 .<\/span><\/span><\/h2>\n<h2 style=\"text-align: left;\"><span style=\"font-size: large;\"><span style=\"background-color: white; color: #222222; font-family: Arial, Helvetica, sans-serif;\"><br \/><\/span><\/span><span style=\"font-size: large;\"><span style=\"background-color: white; color: #222222; font-family: Arial, Helvetica, sans-serif;\">\u00a0Los vuelos se producir\u00e1n todos los jueves con precios por trayecto desde los 105,74 \u20ac , estando ya a la venta en la net de la compa\u00f1\u00eda<\/span><span style=\"background-color: white; color: #222222; font-family: Arial, Helvetica, sans-serif;\">\u00a0<\/span><a rel=\"nofollow noopener\" target=\"_blank\" data-saferedirecturl=\"https:\/\/www.google.com\/url?q=http:\/\/www.smartwings.com&amp;source=gmail&amp;ust=1619760628662000&amp;usg=AFQjCNFUroBFoPGB36CBSZ52CD0celcRpg\" href=\"http:\/\/www.smartwings.com\/\" style=\"color: #1155cc; font-family: Arial, Helvetica, sans-serif;\">www.smartwings.com<\/a><span style=\"background-color: white; color: #222222; font-family: Arial, Helvetica, sans-serif;\">\u00a0<\/span><span style=\"background-color: white; color: #222222; font-family: Arial, Helvetica, sans-serif;\">y en los sistemas de ventas de agentes de viajes , comenzando a operar el 04 de Noviembre 2021.\u00a0<\/span><\/span><\/h2>\n<p><span style=\"font-size: large;\">\u00a0<\/span><\/p>\n<\/div>\n<\/div>\n<\/div>\n<\/div>\n<\/div>\n<\/div>\n<p><!-- Sidebar Wrapper --><\/p>\n<\/div>\n<\/div>\n<p><!-- Footer Wrapper --><\/p>\n<\/div>\n<p><!-- Main Scripts --><\/p>\n<p><!-- Theme Functions JS --><\/p>\n<p><!-- Pagination Scripts --><br \/>\n<!-- Facebook SDK --><\/p>\n<p><!-- Back To Top --><\/p>\n<p><!--Nxe1vu0161tu011bvnxedky svxe9ho blogu mxe1te povinnost upozornit na soubory cookie, kterxe9 jsou na nu011bm pouu017exedvxe1ny, axa0data, kterxe1 jsou na nu011bm shromau017eu010fovxe1na. Blogger mxe1 pro vxe1s kxa0dispozici standardnxed oznxe1menxed, kterxe9 mu016fu017eete na blogu vyuu017exedt axa0pu0159xedpadnu011b si ho pu0159izpu016fsobit nebo nahradit vlastnxedm oznxe1menxedm. Dalu0161xed podrobnosti najdete na adrese http:\/\/www.blogger.com\/go\/cookiechoices.--><\/p>\n<p><\/body><\/div>\n<p><script type=\"text\/javascript\">\n\/\/<![CDATA[\n(function(d, s, id) {\n  var js, fjs = d.getElementsByTagName(s)[0];\n  if (d.getElementById(id)) return;\n  js = d.createElement(s); js.id = id;\n  js.src=\"https:\/\/connect.facebook.net\/en_US\/sdk.js#xfbml=1&#038;version=v3.0\";\n  fjs.parentNode.insertBefore(js, fjs);\n}(document, 'script', 'facebook-jssdk'));\n\/\/]]>\n<\/script><br \/>\n<br \/><\/p>\n<p><em> &#8221; Fuentes www.fuerteventuradigital.net &#8221; <\/em><\/p>\n","protected":false},"excerpt":{"rendered":"<p>Compa\u00f1\u00eda a\u00e9rea checa Smartwings programa vuelos Varsovia-Fuerteventura-Varsovia para invierno 2021\/22 . google.com, pub-1060934438379655, DIRECT, f08c47fec0942fa0 Inicio Compa\u00f1\u00eda a\u00e9rea checa Smartwings programa vuelos Varsovia-Fuerteventura-Varsovia para invierno 2021\/22 . \u00a0\u00a0 El\u00a0Patronato Insular de Turismo de Fuerteventura comunica que la compa\u00f1\u00eda a\u00e9rea checa Smartwings programa vuelos Varsovia-Fuerteventura-Varsovia para el pr\u00f3ximo invierno 2021\/22 . \u00a0Los vuelos se producir\u00e1n todos [&hellip;]<\/p>\n","protected":false},"author":4,"featured_media":117930,"comment_status":"open","ping_status":"closed","sticky":false,"template":"","format":"standard","meta":{"om_disable_all_campaigns":false,"jnews-multi-image_gallery":[],"jnews_single_post":[],"jnews_primary_category":[],"jnews_social_meta":[],"footnotes":""},"categories":[40],"tags":[],"class_list":["post-117929","post","type-post","status-publish","format-standard","has-post-thumbnail","hentry","category-industria"],"_links":{"self":[{"href":"https:\/\/dimensionturistica.com\/es\/wp-json\/wp\/v2\/posts\/117929","targetHints":{"allow":["GET"]}}],"collection":[{"href":"https:\/\/dimensionturistica.com\/es\/wp-json\/wp\/v2\/posts"}],"about":[{"href":"https:\/\/dimensionturistica.com\/es\/wp-json\/wp\/v2\/types\/post"}],"author":[{"embeddable":true,"href":"https:\/\/dimensionturistica.com\/es\/wp-json\/wp\/v2\/users\/4"}],"replies":[{"embeddable":true,"href":"https:\/\/dimensionturistica.com\/es\/wp-json\/wp\/v2\/comments?post=117929"}],"version-history":[{"count":0,"href":"https:\/\/dimensionturistica.com\/es\/wp-json\/wp\/v2\/posts\/117929\/revisions"}],"wp:featuredmedia":[{"embeddable":true,"href":"https:\/\/dimensionturistica.com\/es\/wp-json\/wp\/v2\/media\/117930"}],"wp:attachment":[{"href":"https:\/\/dimensionturistica.com\/es\/wp-json\/wp\/v2\/media?parent=117929"}],"wp:term":[{"taxonomy":"category","embeddable":true,"href":"https:\/\/dimensionturistica.com\/es\/wp-json\/wp\/v2\/categories?post=117929"},{"taxonomy":"post_tag","embeddable":true,"href":"https:\/\/dimensionturistica.com\/es\/wp-json\/wp\/v2\/tags?post=117929"}],"curies":[{"name":"wp","href":"https:\/\/api.w.org\/{rel}","templated":true}]}}