{"id":117912,"date":"2021-04-29T07:03:50","date_gmt":"2021-04-29T07:03:50","guid":{"rendered":"https:\/\/dimensionturistica.com\/es\/?p=117912"},"modified":"2021-04-29T07:03:50","modified_gmt":"2021-04-29T07:03:50","slug":"canarias-llegara-a-fitur-con-oferta-turistica-y-espacio-de-negocios","status":"publish","type":"post","link":"https:\/\/dimensionturistica.com\/es\/canarias-llegara-a-fitur-con-oferta-turistica-y-espacio-de-negocios\/","title":{"rendered":"Canarias llegar\u00e1 a FITUR con oferta tur\u00edstica y espacio de negocios"},"content":{"rendered":"<p> <br \/>\n<\/p>\n<div>\n<p><strong>Islas Canarias<\/strong> presentar\u00e1 su oferta tur\u00edstica y ofrecer\u00e1 un espacio de negocio a la industria canaria en <strong>FITUR<\/strong>, la Feria internacional de Turismo, que celebra su edici\u00f3n \u201cEspecial Recuperaci\u00f3n Turismo\u201d, del 19 al 23 de mayo, en Feria de Madrid.\u00a0<\/p>\n<p>Seg\u00fan explican desde <strong>Turismo de Canarias<\/strong>, \u201ca pesar de la situaci\u00f3n actual marcada por la pandemia, hemos reforzado nuestra presencia en FITUR a trav\u00e9s de un stand que va a ofrecer distintos puntos de dinamizaci\u00f3n durante todos los d\u00edas\u201d.<\/p>\n<p><strong>Islas Canarias<\/strong> acudir\u00e1, como en ediciones anteriores, con un stand de 1.427 m2, cuyo dise\u00f1o destaca por su luminosidad, con los soportes gr\u00e1ficos y audiovisuales como protagonistas, con elementos visuales proyectados en pantallas de \u00faltima generaci\u00f3n que provocan un efecto inmersivo y transmiten la singularidad del destino. \u201cA esto le acompa\u00f1an los cambios crom\u00e1ticos en las luces del pavimento que tambi\u00e9n evocan los colores del oc\u00e9ano, la vegetaci\u00f3n o el origen volc\u00e1nico del archipi\u00e9lago\u201d.<\/p>\n<p>Tanto la organizaci\u00f3n de los espacios como las herramientas expositivas se adaptar\u00e1n a la nueva situaci\u00f3n sanitaria, al objeto de mantener las distancias interpersonales y eliminar en lo posible el contacto directo. \u201cPor ello, junto a medidas implementadas por la propia organizaci\u00f3n ferial, como el registro digital, la toma de temperatura o la renovaci\u00f3n del aire, Islas Canarias propondr\u00e1 espacios de reuni\u00f3n abiertos, actividades de dinamizaci\u00f3n adaptadas y flujos de circulaci\u00f3n organizados\u201d.<\/p>\n<p>A nivel insular, cada entidad dispondr\u00e1 de una zona informativa, donde los tradicionales mostradores han sido sustituidos por herramientas de tecnolog\u00eda avanzada, que mostrar\u00e1n la variada oferta de recursos de cada isla y permitir\u00e1n exportar la informaci\u00f3n a los dispositivos privados de los usuarios.<\/p>\n<p><strong>M\u00faltiples actividades<\/strong><\/p>\n<p>El stand de Canarias dispondr\u00e1 durante toda la feria de una zona de degustaci\u00f3n, \u201cpara la que hemos solicitado la colaboraci\u00f3n de Gesti\u00f3n de Medio Rural (GMR Canarias), que ofrecer\u00e1 catas y degustaciones de una selecci\u00f3n de productos canarios premiados en el concurso de Agrocanarias, impartido por el ICCA (Instituto Canario de Calidad agroalimentaria), concretamente vinos, quesos, gofios, aceites y sales\u201d.\u00a0<\/p>\n<p>Adem\u00e1s, el stand contar\u00e1 tambi\u00e9n con una zona de formaci\u00f3n, informaci\u00f3n y degustaci\u00f3n de zumos con frutas tropicales originarias de las Islas Canarias. Ambas dependencias estar\u00e1n asistidas adicionalmente por los m\u00e1s ventajosos alumnos del Hoteles Escuela de Canarias (HECANSA).<\/p>\n<p>\u00a0Durante el fin de semana, el stand de Canarias contar\u00e1 tambi\u00e9n con las siguientes actividades: \u201cexposici\u00f3n de tocados de candidatas a Reinas de Carnaval; maquillaje corporal de mujer y hombre; actuaci\u00f3n Drag Queen y paseo; desfile vestuario de Reinas de Carnaval; y actuaci\u00f3n de comparsa\u201d.<\/p>\n<\/div>\n<p><script>!function(f,b,e,v,n,t,s){if(f.fbq)return;n=f.fbq=function(){n.callMethod?n.callMethod.apply(n,arguments):n.queue.push(arguments)};if(!f._fbq)f._fbq=n;n.push=n;n.loaded=!0;n.version='2.0';n.queue=[];t=b.createElement(e);t.async=!0;t.src=v;s=b.getElementsByTagName(e)[0];s.parentNode.insertBefore(t,s)}(window,document,'script','https:\/\/connect.facebook.net\/en_US\/fbevents.js');fbq('init','1464046990282831',[],{\"agent\":\"pldrupal-8-8.8.6\"});fbq('track','PageView',[]);<\/script><script>!function(f,b,e,v,n,t,s){if(f.fbq)return;n=f.fbq=function(){n.callMethod?n.callMethod.apply(n,arguments):n.queue.push(arguments)};if(!f._fbq)f._fbq=n;n.push=n;n.loaded=!0;n.version='2.0';n.queue=[];t=b.createElement(e);t.async=!0;t.src=v;s=b.getElementsByTagName(e)[0];s.parentNode.insertBefore(t,s)}(window,document,'script','https:\/\/connect.facebook.net\/en_US\/fbevents.js');fbq('init','1464046990282831');fbq('track','PageView');<\/script><br \/>\n<br \/><\/p>\n<p><em> &#8221; Fuentes www.caribbeannewsdigital.com &#8221; <\/em><\/p>\n","protected":false},"excerpt":{"rendered":"<p>Islas Canarias presentar\u00e1 su oferta tur\u00edstica y ofrecer\u00e1 un espacio de negocio a la industria canaria en FITUR, la Feria internacional de Turismo, que celebra su edici\u00f3n \u201cEspecial Recuperaci\u00f3n Turismo\u201d, del 19 al 23 de mayo, en Feria de Madrid.\u00a0 Seg\u00fan explican desde Turismo de Canarias, \u201ca pesar de la situaci\u00f3n actual marcada por la [&hellip;]<\/p>\n","protected":false},"author":4,"featured_media":0,"comment_status":"open","ping_status":"closed","sticky":false,"template":"","format":"standard","meta":{"om_disable_all_campaigns":false,"jnews-multi-image_gallery":[],"jnews_single_post":[],"jnews_primary_category":[],"jnews_social_meta":[],"footnotes":""},"categories":[40],"tags":[],"class_list":["post-117912","post","type-post","status-publish","format-standard","hentry","category-industria"],"_links":{"self":[{"href":"https:\/\/dimensionturistica.com\/es\/wp-json\/wp\/v2\/posts\/117912","targetHints":{"allow":["GET"]}}],"collection":[{"href":"https:\/\/dimensionturistica.com\/es\/wp-json\/wp\/v2\/posts"}],"about":[{"href":"https:\/\/dimensionturistica.com\/es\/wp-json\/wp\/v2\/types\/post"}],"author":[{"embeddable":true,"href":"https:\/\/dimensionturistica.com\/es\/wp-json\/wp\/v2\/users\/4"}],"replies":[{"embeddable":true,"href":"https:\/\/dimensionturistica.com\/es\/wp-json\/wp\/v2\/comments?post=117912"}],"version-history":[{"count":0,"href":"https:\/\/dimensionturistica.com\/es\/wp-json\/wp\/v2\/posts\/117912\/revisions"}],"wp:attachment":[{"href":"https:\/\/dimensionturistica.com\/es\/wp-json\/wp\/v2\/media?parent=117912"}],"wp:term":[{"taxonomy":"category","embeddable":true,"href":"https:\/\/dimensionturistica.com\/es\/wp-json\/wp\/v2\/categories?post=117912"},{"taxonomy":"post_tag","embeddable":true,"href":"https:\/\/dimensionturistica.com\/es\/wp-json\/wp\/v2\/tags?post=117912"}],"curies":[{"name":"wp","href":"https:\/\/api.w.org\/{rel}","templated":true}]}}