{"id":117895,"date":"2021-04-29T06:47:12","date_gmt":"2021-04-29T06:47:12","guid":{"rendered":"https:\/\/dimensionturistica.com\/es\/?p=117895"},"modified":"2021-04-29T06:47:12","modified_gmt":"2021-04-29T06:47:12","slug":"bcs-premio-internacional-por-mejor-adaptacion-turistica-a-la-pandemia","status":"publish","type":"post","link":"https:\/\/dimensionturistica.com\/es\/bcs-premio-internacional-por-mejor-adaptacion-turistica-a-la-pandemia\/","title":{"rendered":"BCS, premio internacional por mejor adaptaci\u00f3n tur\u00edstica a la pandemia"},"content":{"rendered":"<p> <br \/>\n<\/p>\n<div>\n<p>Baja California Sur obtuvo el premio WTTC a la Resiliencia del Destino, que otorga el Consejo Mundial de Viajes y Turismo (WTTC, por sus siglas en ingl\u00e9s) y que destaca el liderazgo de un destino que ha apostado y apoyado de forma proactiva a su sector privado y a las comunidades locales para crear resiliencia a largo plazo.<\/p>\n<p>Durante la ceremonia, en la que el gobernador Carlos Mendoza Davis recibi\u00f3 dicho galard\u00f3n de parte de la presidenta y CEO del WTTC, Gloria Guevara, el mandatario sudcaliforniano hizo un especial reconocimiento al esfuerzo y compromiso de los empresarios y prestadores del ramo, en la implementaci\u00f3n de protocolos sanitarios y medidas de bioseguridad, lo que ha permitido no solo la reactivaci\u00f3n de la industria, sino su fortalecimiento.<\/p>\n<p>Destac\u00f3 que gracias al trabajo conjunto de autoridades e integrantes del sector, BCS se ha colocado como referente nacional al ser el primer destino del Pac\u00edfico Mexicano en alcanzar el distintivo \u201cSafe Travels\u201d, entregado tambi\u00e9n por la WTTC, as\u00ed como l\u00edder en el pa\u00eds con el mayor n\u00famero de sellos de calidad \u201cPunto Limpio\u201d que otorga la SECTUR federal, lo que se ha reflejado en la recuperaci\u00f3n de la conectividad a\u00e9rea y mar\u00edtima, el\u00a0 aumento de su oferta y en la continua llegada de visitantes.<\/p>\n<p>\u201cEste premio no es m\u00e1s que un reconocimiento al esfuerzo y a la labor que juntos hemos estado haciendo para devolverle a Baja California Sur su potencial tur\u00edstico ante la pandemia por Covid-19. Una vez m\u00e1s los sudcalifornianos hemos demostrado que el trabajo en equipo es la respuesta para afrontar y resolver cualquier reto. Hoy BCS env\u00eda un poderoso mensaje al mundo, que somos un destino fuerte, resistente y seguro\u201d, indic\u00f3 Mendoza Davis.<\/p>\n<p>Gloria Guevara, presidenta del Consejo Mundial de Viajes y Turismo, extern\u00f3 que Baja California Sur, a pesar de la disaster sanitaria, demostr\u00f3 una gran adaptaci\u00f3n a la situaci\u00f3n adversa que se presentaba y que a\u00fan existe, impulsando la colaboraci\u00f3n p\u00fablica y privada como estrategias clave para reactivar el turismo y fortaleciendo la industria, gracias a protocolos sanitarios y medidas de bioseguridad.<\/p>\n<p>El acto de premiaci\u00f3n se celebr\u00f3 en el marco de la XX Cumbre Mundial del Consejo Mundial de Viajes y Turismo, bajo el lema \u2018Uniting the World for Recovery\u2019 (Uniendo al Mundo para la Recuperaci\u00f3n), uno de los eventos tur\u00edsticos m\u00e1s importantes que re\u00fane a los l\u00edderes del sector privado international, y tuvo lugar en Canc\u00fan, Quintana Roo, entidad que tambi\u00e9n fue galardonada con este premio, mismo que fue recibido por el jefe del Ejecutivo estatal, Carlos Joaqu\u00edn Gonz\u00e1lez.<\/p>\n<p>\u00a0<\/p>\n<\/div>\n<p><script async defer src=\"https:\/\/connect.facebook.net\/en_US\/sdk.js#xfbml=1&#038;version=v3.2\"><\/script><br \/>\n<br \/><\/p>\n<p><em> &#8221; Fuentes www.capitalmexico.com.mx &#8221; <\/em><\/p>\n","protected":false},"excerpt":{"rendered":"<p>Baja California Sur obtuvo el premio WTTC a la Resiliencia del Destino, que otorga el Consejo Mundial de Viajes y Turismo (WTTC, por sus siglas en ingl\u00e9s) y que destaca el liderazgo de un destino que ha apostado y apoyado de forma proactiva a su sector privado y a las comunidades locales para crear resiliencia [&hellip;]<\/p>\n","protected":false},"author":4,"featured_media":117896,"comment_status":"open","ping_status":"closed","sticky":false,"template":"","format":"standard","meta":{"om_disable_all_campaigns":false,"jnews-multi-image_gallery":[],"jnews_single_post":[],"jnews_primary_category":[],"jnews_social_meta":[],"footnotes":""},"categories":[40],"tags":[17219,17159,17194,17195,17201,17179,17184,17186,17212,17172,17125,17161,17173,17205,17216,17146,17221,17222,17210,17155,17182,17149,17153,17132,17148,17131,17191,17178,17208,17126,17128,17164,17160,13082,20891,17197,17211,17134,17220,17139,17189,17193,17144,17181,17171,17167,17190,17169,17187,17176,17122,17202,17123,17215,17166,17156,17200,17136,17140,17158,17218,17135,17124,17175,17206,17204,17151,17147,17192,17127,17188,17152,17196,17174,17162,17133,17213,17217,17170,17142,17138,17207,17129,17130,17165,17137,17141,17150,17214,17180,17177,17198,17143,17183,17203,17157,17154,17168,17209,17199,17185,17163],"class_list":["post-117895","post","type-post","status-publish","format-standard","has-post-thumbnail","hentry","category-industria","tag-losporkysdeecatepec","tag-17159","tag-185-dias","tag-200-dias","tag-amano","tag-armado-rios-pitter","tag-asuntos-internos","tag-atun-dolores","tag-auditoria-estados","tag-axel-kicillof","tag-bankaool","tag-barbosa-huerta","tag-bournemouth","tag-brand-finance-mexico","tag-cambios-estructurales","tag-cancerologia","tag-capital-media","tag-capital-mexico","tag-caso-matatena","tag-cetram-nuevo-edificio","tag-chapultepec-polanco","tag-ci-casa-de-bolsa","tag-ciudadanos-decepcionados-de-la-izquierda-en-cdmx","tag-como-quemar-calorias","tag-concilianet","tag-conclave","tag-conexiones","tag-consar-amafore","tag-cortes-de-luz","tag-credito-agropecuario","tag-de-la-hoya","tag-democracia-liberada","tag-deocupada","tag-desarrollos","tag-despido-de-maestros","tag-detienen-a-hombre-acosador-del-metro","tag-deuda-estados","tag-discriminacion-a-parejas","tag-droga-en-el-metro","tag-eber-omar-betanzos","tag-economia-nacional-empleos","tag-economista-en-jefe","tag-eduardo-venadero-medinilla","tag-el-mexicanito","tag-exministro-de-economia","tag-fatima-samoura","tag-golpiza-a-acosador","tag-gran-premio-de-espana","tag-grupo-pinsa","tag-habitables","tag-houthi","tag-hoy-no-circula-no-funciona","tag-indeminzar","tag-iniciativa-de-reforma","tag-jerome-valcke","tag-joe-buden","tag-kilometraje","tag-kinder-matatena","tag-liberan-a-menor-en-iztapalapa","tag-longeva","tag-luis-acevedo-ssp","tag-maltrato-a-homosexuales-en-la-ciudad-de-mexico","tag-manuel-mondragon","tag-marcador","tag-marcas-mas-valiosas-de-mexico","tag-masas-de-hielo","tag-medidas-extraordinarias","tag-mil-cumbres","tag-milo-caraza","tag-monex","tag-montessori","tag-nuevo-destino-paro-ipn","tag-obras-en-eje-1-norte","tag-old-trafford","tag-opel","tag-operador-economico-autorizado","tag-panistas-destacados","tag-patricia-espinosa","tag-pole","tag-presidente-de-concacaf","tag-primarias-de-estados-unidos","tag-quitan-topes","tag-rafael-quintero","tag-rata-en-botella-de-refresco","tag-redistribucion","tag-regresan-a-clases-vocacionales","tag-reloj-att","tag-reporte-financiero","tag-roberto-arturo-banos-tapia","tag-rogelio-garza","tag-sadiq-khan","tag-sigue-contaminacion","tag-silla-de-ruedas-para-activista","tag-sir-winston-churchill","tag-sube-el-nivel-del-mar","tag-susannah-mushatt-jones","tag-torre-chapultepec","tag-vertedero-de-llantas","tag-vialidad-cdmx","tag-volcadura-en-tlalpan","tag-weex","tag-zafira"],"_links":{"self":[{"href":"https:\/\/dimensionturistica.com\/es\/wp-json\/wp\/v2\/posts\/117895","targetHints":{"allow":["GET"]}}],"collection":[{"href":"https:\/\/dimensionturistica.com\/es\/wp-json\/wp\/v2\/posts"}],"about":[{"href":"https:\/\/dimensionturistica.com\/es\/wp-json\/wp\/v2\/types\/post"}],"author":[{"embeddable":true,"href":"https:\/\/dimensionturistica.com\/es\/wp-json\/wp\/v2\/users\/4"}],"replies":[{"embeddable":true,"href":"https:\/\/dimensionturistica.com\/es\/wp-json\/wp\/v2\/comments?post=117895"}],"version-history":[{"count":0,"href":"https:\/\/dimensionturistica.com\/es\/wp-json\/wp\/v2\/posts\/117895\/revisions"}],"wp:featuredmedia":[{"embeddable":true,"href":"https:\/\/dimensionturistica.com\/es\/wp-json\/wp\/v2\/media\/117896"}],"wp:attachment":[{"href":"https:\/\/dimensionturistica.com\/es\/wp-json\/wp\/v2\/media?parent=117895"}],"wp:term":[{"taxonomy":"category","embeddable":true,"href":"https:\/\/dimensionturistica.com\/es\/wp-json\/wp\/v2\/categories?post=117895"},{"taxonomy":"post_tag","embeddable":true,"href":"https:\/\/dimensionturistica.com\/es\/wp-json\/wp\/v2\/tags?post=117895"}],"curies":[{"name":"wp","href":"https:\/\/api.w.org\/{rel}","templated":true}]}}