{"id":117889,"date":"2021-04-29T06:38:37","date_gmt":"2021-04-29T06:38:37","guid":{"rendered":"https:\/\/dimensionturistica.com\/es\/?p=117889"},"modified":"2021-04-29T06:38:37","modified_gmt":"2021-04-29T06:38:37","slug":"la-lenta-vacunacion-contra-el-covid-en-mexico-retrasa-la-recuperacion-turistica","status":"publish","type":"post","link":"https:\/\/dimensionturistica.com\/es\/la-lenta-vacunacion-contra-el-covid-en-mexico-retrasa-la-recuperacion-turistica\/","title":{"rendered":"La lenta vacunaci\u00f3n contra el Covid en M\u00e9xico retrasa la recuperaci\u00f3n tur\u00edstica"},"content":{"rendered":"<p> <br \/>\n<\/p>\n<div>\n<p>San Jos\u00e9 del Cabo, Baja California Sur. Si algo se ha aprendido a un a\u00f1o de la pandemia de Covid-19 es lo weak del sector tur\u00edstico, el cual sigue sufriendo los estragos de la epidemia. El Consejo Mundial de Viajes y Turismo (WTTC por sus siglas en ingl\u00e9s) se aventur\u00f3 y llev\u00f3 a cabo en Canc\u00fan un evento h\u00edbrido, es decir presencial y digital, en el cual los expertos en turismo a nivel mundial se reunieron para plantear estrategias y lograr que el turismo se recupere.<\/p>\n<p>Para cada pa\u00eds ha sido diferente, pero en el caso specific de M\u00e9xico, algo que va muy ligado a una lenta recuperaci\u00f3n es la lenta aplicaci\u00f3n de vacunas en el pa\u00eds, a comparaci\u00f3n de Estados Unidos (EE. UU.), que es el mercado m\u00e1s importante emisor de turistas extranjeros al pa\u00eds.<\/p>\n<p>Gloria Guevara Manzo, presidenta del WTTC, dijo en el marco de la clausura de la cumbre celebrada en Canc\u00fan que el lento proceso de vacunaci\u00f3n contra el covid-19 que registra M\u00e9xico puede generar dificultades para la recuperaci\u00f3n de la industria tur\u00edstica.<\/p>\n<p>Durante la cumbre se habl\u00f3 de la necesidad de vacunar m\u00e1s r\u00e1pido a la poblaci\u00f3n mexicana, principalmente a la de los destinos tur\u00edsticos, como lo plante\u00f3 hace poco la propia Secretar\u00eda de Econom\u00eda (SE), pues dar\u00eda mayor confianza de viaje a los distintos pa\u00edses de mercados emisores, pero no hay certeza de si la propuesta hecha por la titular de la SE, Tatiana Clouthier, se logre concretar, por lo cual lo \u00fanico que resta para el sector tur\u00edstico es seguir cumpliendo los protocolos sanitarios y evitar que en los destinos tur\u00edsticos las cifras de Covid-19 se disparen.<\/p>\n<\/p><\/div>\n\n<p><em> &#8221; Fuentes www.diarioelindependiente.mx &#8221; <\/em><\/p>\n","protected":false},"excerpt":{"rendered":"<p>San Jos\u00e9 del Cabo, Baja California Sur. Si algo se ha aprendido a un a\u00f1o de la pandemia de Covid-19 es lo weak del sector tur\u00edstico, el cual sigue sufriendo los estragos de la epidemia. El Consejo Mundial de Viajes y Turismo (WTTC por sus siglas en ingl\u00e9s) se aventur\u00f3 y llev\u00f3 a cabo en [&hellip;]<\/p>\n","protected":false},"author":4,"featured_media":117890,"comment_status":"open","ping_status":"closed","sticky":false,"template":"","format":"standard","meta":{"om_disable_all_campaigns":false,"jnews-multi-image_gallery":[],"jnews_single_post":[],"jnews_primary_category":[],"jnews_social_meta":[],"footnotes":""},"categories":[40],"tags":[],"class_list":["post-117889","post","type-post","status-publish","format-standard","has-post-thumbnail","hentry","category-industria"],"_links":{"self":[{"href":"https:\/\/dimensionturistica.com\/es\/wp-json\/wp\/v2\/posts\/117889","targetHints":{"allow":["GET"]}}],"collection":[{"href":"https:\/\/dimensionturistica.com\/es\/wp-json\/wp\/v2\/posts"}],"about":[{"href":"https:\/\/dimensionturistica.com\/es\/wp-json\/wp\/v2\/types\/post"}],"author":[{"embeddable":true,"href":"https:\/\/dimensionturistica.com\/es\/wp-json\/wp\/v2\/users\/4"}],"replies":[{"embeddable":true,"href":"https:\/\/dimensionturistica.com\/es\/wp-json\/wp\/v2\/comments?post=117889"}],"version-history":[{"count":0,"href":"https:\/\/dimensionturistica.com\/es\/wp-json\/wp\/v2\/posts\/117889\/revisions"}],"wp:featuredmedia":[{"embeddable":true,"href":"https:\/\/dimensionturistica.com\/es\/wp-json\/wp\/v2\/media\/117890"}],"wp:attachment":[{"href":"https:\/\/dimensionturistica.com\/es\/wp-json\/wp\/v2\/media?parent=117889"}],"wp:term":[{"taxonomy":"category","embeddable":true,"href":"https:\/\/dimensionturistica.com\/es\/wp-json\/wp\/v2\/categories?post=117889"},{"taxonomy":"post_tag","embeddable":true,"href":"https:\/\/dimensionturistica.com\/es\/wp-json\/wp\/v2\/tags?post=117889"}],"curies":[{"name":"wp","href":"https:\/\/api.w.org\/{rel}","templated":true}]}}