{"id":117871,"date":"2021-04-29T05:56:53","date_gmt":"2021-04-29T05:56:53","guid":{"rendered":"https:\/\/dimensionturistica.com\/es\/?p=117871"},"modified":"2021-04-29T05:56:54","modified_gmt":"2021-04-29T05:56:54","slug":"turismo-de-vacunas-es-un-ganar-ganar-wttc","status":"publish","type":"post","link":"https:\/\/dimensionturistica.com\/es\/turismo-de-vacunas-es-un-ganar-ganar-wttc\/","title":{"rendered":"Turismo de vacunas es un ganar-ganar: WTTC"},"content":{"rendered":"<p> <br \/>\n<\/p>\n<div>\n<p>La presidenta y CEO del Consejo Mundial de Viajes y Turismo (WTTC, por sus siglas en ingl\u00e9s), Gloria Guevara, consider\u00f3 como positivo el proceso de vacunaci\u00f3n contra el Covid-19 a extranjeros en Estados Unidos y que est\u00e1 impulsando el proceso de reactivaci\u00f3n del sector y beneficia a las empresas relacionadas.<\/p>\n<p>\u201cEllos han podido comprar muchas vacunas, que cuestan 20 d\u00f3lares. Invierten mucho dinero. Todo mundo gana: la agencia de viaje mexicana, la aerol\u00ednea, el hotel de all\u00e1 y, sobre todo, se reactiva la econom\u00eda\u201d, dijo.<\/p>\n<p>En entrevista luego de clausurar la vig\u00e9sima cumbre del WTTC, que por primera vez se realiz\u00f3 en M\u00e9xico, refiri\u00f3 que tambi\u00e9n se genera la posibilidad de que en el pa\u00eds haya m\u00e1s vacunas por los que est\u00e1n en condiciones de viajar a otra naci\u00f3n y eso genere un beneficio adicional.<\/p>\n<p>La representante del sector privado tur\u00edstico detall\u00f3 que no solamente los mexicanos est\u00e1n viajando a EU sino tambi\u00e9n los canadienses y personas de otros pa\u00edses de Am\u00e9rica Latina y El Caribe, cumpliendo con los requisitos establecidos por los estados que vacunan, como Texas, Nevada, Florida o Arizona.<\/p>\n<p><!-- Composite Start --> <\/p>\n<p>En el caso de viajeros mexicanos, el repunte de viajes se present\u00f3 durante marzo, mes en el que la ruta a\u00e9rea principal con EU fue M\u00e9xico-Houston.<\/p>\n<p>De acuerdo con cifras del gobierno de EU, en marzo entraron por aire 221,610 personas, lo que represent\u00f3 un incremento del 124.7%, respecto al mes previo y del 154.9% en comparaci\u00f3n con igual mes del 2020.<\/p>\n<p>Una evidencia del gran crecimiento entre febrero y marzo en este a\u00f1o es que entre el 2018 y el 2019 los aumentos de pasajeros rondaban el 15 por ciento.<\/p>\n<p>La semana pasada, el presidente de la Agencia Mexicana de Agencias de Viajes (AMAV), Eduardo Paniagua, manifest\u00f3 que sus afiliados estaban preparando paquetes a la medida del inter\u00e9s de los viajeros, que aprovechan la visita para ir de compras y disfrutar luego de la larga pandemia.<\/p>\n<h2>Recuperaci\u00f3n en el 2025<\/h2>\n<p>El presidente de la Asociaci\u00f3n Latinoamericana y del Caribe del Transporte A\u00e9reo (ALTA), Jos\u00e9 Ricardo Botelho, dijo que la reactivaci\u00f3n del sector, a\u00fan con el proceso de vacunaci\u00f3n mundial, est\u00e1 lejana y los niveles pre pandemia se alcanzar\u00e1n en el 2025.<\/p>\n<p>En M\u00e9xico podr\u00eda ocurrir en el 2023, debido a que se mantuvo todo el tiempo la actividad, pero tardar\u00e1 porque el impacto a las aerol\u00edneas fue brutal y las ayudas del gobierno nulas.<\/p>\n<p>&#8220;La recuperaci\u00f3n para Am\u00e9rica Latina ser\u00e1 2025, pero cada pa\u00eds tiene tiene su propia realidad&#8221;, explic\u00f3 el directivo.<\/p>\n<p><a rel=\"nofollow noopener\" target=\"_blank\" href=\"https:\/\/www.eleconomista.com.mx\/empresas\/mailto:alejandro.delarosa@eleconomista.mx\">alejandro.delarosa@eleconomista.mx<\/a><\/p>\n<p>\t\t\t\t\t\t\t\t\t<!-- Composite Start -->   <!-- Composite End -->\n\t\t\t\t\t\t\t\t\t<\/div>\n<p><script>\n!function(f,b,e,v,n,t,s)\n{if(f.fbq)return;n=f.fbq=function(){n.callMethod?\nn.callMethod.apply(n,arguments):n.queue.push(arguments)};\nif(!f._fbq)f._fbq=n;n.push=n;n.loaded=!0;n.version='2.0';\nn.queue=[];t=b.createElement(e);t.async=!0;\nt.src=v;s=b.getElementsByTagName(e)[0];\ns.parentNode.insertBefore(t,s)}(window,document,'script',\n'https:\/\/connect.facebook.net\/en_US\/fbevents.js');\n fbq('init', '809027795973656'); \nfbq('track', 'PageView');\n<\/script><script>\n!function(f,b,e,v,n,t,s)\n{if(f.fbq)return;n=f.fbq=function(){n.callMethod?\nn.callMethod.apply(n,arguments):n.queue.push(arguments)};\nif(!f._fbq)f._fbq=n;n.push=n;n.loaded=!0;n.version='2.0';\nn.queue=[];t=b.createElement(e);t.async=!0;\nt.src=v;s=b.getElementsByTagName(e)[0];\ns.parentNode.insertBefore(t,s)}(window,document,'script',\n'https:\/\/connect.facebook.net\/en_US\/fbevents.js');\nfbq('init', '307764907300134');\nfbq('track', 'PageView');\n<\/script><br \/>\n<br \/><\/p>\n<p><em> &#8221; Fuentes www.eleconomista.com.mx &#8221; <\/em><\/p>\n","protected":false},"excerpt":{"rendered":"<p>La presidenta y CEO del Consejo Mundial de Viajes y Turismo (WTTC, por sus siglas en ingl\u00e9s), Gloria Guevara, consider\u00f3 como positivo el proceso de vacunaci\u00f3n contra el Covid-19 a extranjeros en Estados Unidos y que est\u00e1 impulsando el proceso de reactivaci\u00f3n del sector y beneficia a las empresas relacionadas. \u201cEllos han podido comprar muchas [&hellip;]<\/p>\n","protected":false},"author":4,"featured_media":117872,"comment_status":"open","ping_status":"closed","sticky":false,"template":"","format":"standard","meta":{"om_disable_all_campaigns":false,"jnews-multi-image_gallery":[],"jnews_single_post":[],"jnews_primary_category":[],"jnews_social_meta":[],"footnotes":""},"categories":[40],"tags":[],"class_list":["post-117871","post","type-post","status-publish","format-standard","has-post-thumbnail","hentry","category-industria"],"_links":{"self":[{"href":"https:\/\/dimensionturistica.com\/es\/wp-json\/wp\/v2\/posts\/117871","targetHints":{"allow":["GET"]}}],"collection":[{"href":"https:\/\/dimensionturistica.com\/es\/wp-json\/wp\/v2\/posts"}],"about":[{"href":"https:\/\/dimensionturistica.com\/es\/wp-json\/wp\/v2\/types\/post"}],"author":[{"embeddable":true,"href":"https:\/\/dimensionturistica.com\/es\/wp-json\/wp\/v2\/users\/4"}],"replies":[{"embeddable":true,"href":"https:\/\/dimensionturistica.com\/es\/wp-json\/wp\/v2\/comments?post=117871"}],"version-history":[{"count":0,"href":"https:\/\/dimensionturistica.com\/es\/wp-json\/wp\/v2\/posts\/117871\/revisions"}],"wp:featuredmedia":[{"embeddable":true,"href":"https:\/\/dimensionturistica.com\/es\/wp-json\/wp\/v2\/media\/117872"}],"wp:attachment":[{"href":"https:\/\/dimensionturistica.com\/es\/wp-json\/wp\/v2\/media?parent=117871"}],"wp:term":[{"taxonomy":"category","embeddable":true,"href":"https:\/\/dimensionturistica.com\/es\/wp-json\/wp\/v2\/categories?post=117871"},{"taxonomy":"post_tag","embeddable":true,"href":"https:\/\/dimensionturistica.com\/es\/wp-json\/wp\/v2\/tags?post=117871"}],"curies":[{"name":"wp","href":"https:\/\/api.w.org\/{rel}","templated":true}]}}