{"id":117706,"date":"2021-04-29T01:31:56","date_gmt":"2021-04-29T01:31:56","guid":{"rendered":"https:\/\/dimensionturistica.com\/es\/?p=117706"},"modified":"2021-04-29T01:31:56","modified_gmt":"2021-04-29T01:31:56","slug":"opt-de-dominicana-en-orlando-realiza-evento-presencial-con-agentes-de-viaje-en-tampa-noticias-de-turismo","status":"publish","type":"post","link":"https:\/\/dimensionturistica.com\/es\/opt-de-dominicana-en-orlando-realiza-evento-presencial-con-agentes-de-viaje-en-tampa-noticias-de-turismo\/","title":{"rendered":"OPT de Dominicana en Orlando realiza evento presencial con agentes de viaje en Tampa &#8211; Noticias de turismo"},"content":{"rendered":"<p> <br \/>\n<\/p>\n<div id=\"post-131621\">\n\t<\/p>\n<p>\t  <span class=\"antetitulo\">En conjunto con Hoteles Hodelpa <\/span><\/p>\n<p class=\"relacionadosSingle\" style=\"clear:both\">Temas relacionados: <b><a rel=\"nofollow noopener\" target=\"_blank\" href=\"https:\/\/www.arecoa.com\/tag\/emotions-juan-dolio\/\">Emotions Juan Dolio<\/a>, <a rel=\"nofollow noopener\" target=\"_blank\" href=\"https:\/\/www.arecoa.com\/tag\/emotions-puerto-plata\/\">Emotions Puerto Plata<\/a>, <a rel=\"nofollow noopener\" target=\"_blank\" href=\"https:\/\/www.arecoa.com\/tag\/florida\/\">Florida<\/a>, <a rel=\"nofollow noopener\" target=\"_blank\" href=\"https:\/\/www.arecoa.com\/tag\/frontier\/\">Frontier<\/a>, <a rel=\"nofollow noopener\" target=\"_blank\" href=\"https:\/\/www.arecoa.com\/tag\/hotel-nicolas-de-ovando\/\">Hotel Nicol\u00e1s de Ovando<\/a>, <a rel=\"nofollow noopener\" target=\"_blank\" href=\"https:\/\/www.arecoa.com\/tag\/hoteles-hodelpa\/\">Hoteles Hodelpa<\/a>, <a rel=\"nofollow noopener\" target=\"_blank\" href=\"https:\/\/www.arecoa.com\/tag\/mitur\/\">Mitur<\/a>, <a rel=\"nofollow noopener\" target=\"_blank\" href=\"https:\/\/www.arecoa.com\/tag\/opt-orlando\/\">OPT Orlando<\/a>, <a rel=\"nofollow noopener\" target=\"_blank\" href=\"https:\/\/www.arecoa.com\/tag\/punta-cana\/\">Punta Cana<\/a>, <a rel=\"nofollow noopener\" target=\"_blank\" href=\"https:\/\/www.arecoa.com\/tag\/raquel-reyes\/\">Raquel Reyes<\/a>, <a rel=\"nofollow noopener\" target=\"_blank\" href=\"https:\/\/www.arecoa.com\/tag\/sandra-becerra\/\">Sandra Becerra<\/a>, <a rel=\"nofollow noopener\" target=\"_blank\" href=\"https:\/\/www.arecoa.com\/tag\/santo-domingo\/\">Santo Domingo<\/a>, <a rel=\"nofollow noopener\" target=\"_blank\" href=\"https:\/\/www.arecoa.com\/tag\/spirit-airlines\/\">Spirit Airlines<\/a><\/b><\/p>\n<p>\n\t\t<small>22 abril, 2021<\/small><\/p>\n<p>\t\t<a rel=\"nofollow noopener\" target=\"_blank\" href=\"https:\/\/www.arecoa.com\/destinos\/2021\/04\/22\/opt-dominicana-orlando-realiza-evento-presencial-agentes-viaje-tampa\/#respond\" style=\"float:right;\">&#13;<br \/>\n    <img decoding=\"async\" src=\"https:\/\/www.arecoa.com\/wp-content\/themes\/arecoa\/images\/comment.png\" align=\"absmiddle\" \/> Deja un comentario\t\t<\/a>\t<\/p>\n<p>      <!--\n\t  \t\t\t\t  --><\/p>\n<div class=\"post content\">\n<p>La Oficina de Promoci\u00f3n Tur\u00edstica\u00a0(OPT) del Ministerio de Turismo (<strong>Mitur<\/strong>) en <strong>Orlando, Florida<\/strong> y <strong>Hoteles Hodelpa<\/strong> realizaron su primer evento presencial con agentes de viajes en Tampa.<\/p>\n<p><a rel=\"nofollow noopener\" target=\"_blank\" href=\"https:\/\/www.arecoa.com\/wp-content\/uploads\/2021\/04\/OPT-Orlando-Florida.jpg\"><img decoding=\"async\" class=\"alignleft wp-image-131622\" src=\"https:\/\/www.arecoa.com\/wp-content\/uploads\/2021\/04\/OPT-Orlando-Florida.jpg\" alt=\"\" width=\"385\" height=\"254\" srcset=\"https:\/\/www.arecoa.com\/wp-content\/uploads\/2021\/04\/OPT-Orlando-Florida.jpg 1024w, https:\/\/www.arecoa.com\/wp-content\/uploads\/2021\/04\/OPT-Orlando-Florida-300x198.jpg 300w, https:\/\/www.arecoa.com\/wp-content\/uploads\/2021\/04\/OPT-Orlando-Florida-768x506.jpg 768w, https:\/\/www.arecoa.com\/wp-content\/uploads\/2021\/04\/OPT-Orlando-Florida-250x165.jpg 250w, https:\/\/www.arecoa.com\/wp-content\/uploads\/2021\/04\/OPT-Orlando-Florida-423x279.jpg 423w, https:\/\/www.arecoa.com\/wp-content\/uploads\/2021\/04\/OPT-Orlando-Florida-75x50.jpg 75w\" sizes=\"(max-width: 385px) 100vw, 385px\" \/><\/a>Los almuerzos-presentaciones denominados \u201cDominican Republic Awaits You\u201d buscan reconectar y actualizar a los asistentes sobre las novedades del destino, protocolos implementados y los nuevos requerimientos de entrada y salida al pa\u00eds.<\/p>\n<p>\u201cAbrazamos el entusiasmo y respaldo que hemos recibido por parte de los agentes de viajes\u201d, indic\u00f3 <strong>Raquel Reyes<\/strong>, directora de la OPT.<\/p>\n<p>\u201cLa respuesta de los agentes y dem\u00e1s actores de la industria ha sido muy positiva; vemos como a medida que el proceso de vacunaci\u00f3n avanza aumenta la confianza en viajar, sobre todo a aquellos destinos seguros como Rep\u00fablica Dominicana donde hemos sido referente en la implementaci\u00f3n y manejo de los protocolos\u201d, agreg\u00f3.<\/p>\n<p>En tanto, <strong>Sandra Becerra,<\/strong> directora Agent\u2019s Concierge de Hoteles Hodelpa, realiz\u00f3 una din\u00e1mica presentaci\u00f3n sobre las propiedades del Grupo Hodelpa incluidas <strong>Feelings Juan Dolio, Feelings Puerto Plata, Lodge Nicol\u00e1s de Ovando<\/strong> y Novus, destacando sus atractivos y su plan de incentivos para agentes de viajes.<\/p>\n<p>El evento cont\u00f3 adem\u00e1s, con la participaci\u00f3n de <strong>Carlos Courtaux<\/strong> de <strong>YES Journey<\/strong> quien comparti\u00f3 con los asistentes detalles de los diferentes paquetes y ofertas disponibles al pa\u00eds caribe\u00f1o a prop\u00f3sito de la llegada del verano, as\u00ed como los servicios directos desde Orlando, FL. a <strong>Santo Domingo<\/strong> y <strong>Punta Cana<\/strong> con <strong>Frontier<\/strong> y <strong>Spirit Airways<\/strong>.<\/p>\n<p>La iniciativa de los encuentros con los agentes de viajes son parte de los esfuerzos multisectorial para impulsar la reactivaci\u00f3n de la industria.<\/p>\n<p><!-- AddThis Advanced Settings above via filter on the_content --><!-- AddThis Advanced Settings below via filter on the_content --><!-- AddThis Advanced Settings generic via filter on the_content --><!-- AddThis Share Buttons above via filter on the_content --><!-- AddThis Share Buttons below via filter on the_content --><!-- AddThis Share Buttons generic via filter on the_content --><\/div>\n<hr class=\"noCss\" \/><\/div>\n\n<p><em> &#8221; Fuentes www.arecoa.com &#8221; <\/em><\/p>\n","protected":false},"excerpt":{"rendered":"<p>En conjunto con Hoteles Hodelpa Temas relacionados: Emotions Juan Dolio, Emotions Puerto Plata, Florida, Frontier, Hotel Nicol\u00e1s de Ovando, Hoteles Hodelpa, Mitur, OPT Orlando, Punta Cana, Raquel Reyes, Sandra Becerra, Santo Domingo, Spirit Airlines 22 abril, 2021 &#13; Deja un comentario La Oficina de Promoci\u00f3n Tur\u00edstica\u00a0(OPT) del Ministerio de Turismo (Mitur) en Orlando, Florida y [&hellip;]<\/p>\n","protected":false},"author":4,"featured_media":117707,"comment_status":"open","ping_status":"closed","sticky":false,"template":"","format":"standard","meta":{"om_disable_all_campaigns":false,"jnews-multi-image_gallery":[],"jnews_single_post":[],"jnews_primary_category":[],"jnews_social_meta":[],"footnotes":""},"categories":[40],"tags":[],"class_list":["post-117706","post","type-post","status-publish","format-standard","has-post-thumbnail","hentry","category-industria"],"_links":{"self":[{"href":"https:\/\/dimensionturistica.com\/es\/wp-json\/wp\/v2\/posts\/117706","targetHints":{"allow":["GET"]}}],"collection":[{"href":"https:\/\/dimensionturistica.com\/es\/wp-json\/wp\/v2\/posts"}],"about":[{"href":"https:\/\/dimensionturistica.com\/es\/wp-json\/wp\/v2\/types\/post"}],"author":[{"embeddable":true,"href":"https:\/\/dimensionturistica.com\/es\/wp-json\/wp\/v2\/users\/4"}],"replies":[{"embeddable":true,"href":"https:\/\/dimensionturistica.com\/es\/wp-json\/wp\/v2\/comments?post=117706"}],"version-history":[{"count":0,"href":"https:\/\/dimensionturistica.com\/es\/wp-json\/wp\/v2\/posts\/117706\/revisions"}],"wp:featuredmedia":[{"embeddable":true,"href":"https:\/\/dimensionturistica.com\/es\/wp-json\/wp\/v2\/media\/117707"}],"wp:attachment":[{"href":"https:\/\/dimensionturistica.com\/es\/wp-json\/wp\/v2\/media?parent=117706"}],"wp:term":[{"taxonomy":"category","embeddable":true,"href":"https:\/\/dimensionturistica.com\/es\/wp-json\/wp\/v2\/categories?post=117706"},{"taxonomy":"post_tag","embeddable":true,"href":"https:\/\/dimensionturistica.com\/es\/wp-json\/wp\/v2\/tags?post=117706"}],"curies":[{"name":"wp","href":"https:\/\/api.w.org\/{rel}","templated":true}]}}