{"id":117679,"date":"2021-04-29T01:07:15","date_gmt":"2021-04-29T01:07:15","guid":{"rendered":"https:\/\/dimensionturistica.com\/es\/?p=117679"},"modified":"2021-04-29T01:07:15","modified_gmt":"2021-04-29T01:07:15","slug":"desaparecen-lucia-rosario-y-liliana-viajaban-juntas-de-jalisco-a-colima","status":"publish","type":"post","link":"https:\/\/dimensionturistica.com\/es\/desaparecen-lucia-rosario-y-liliana-viajaban-juntas-de-jalisco-a-colima\/","title":{"rendered":"Desaparecen Luc\u00eda, Rosario y Liliana, viajaban juntas de Jalisco a Colima"},"content":{"rendered":"<p> <br \/>\n<\/p>\n<div>\n<p>Tres mujeres desaparecieron desde el pasado 23 de abril tras salir juntas del municipio de Tonila, Jalisco, rumbo a Queser\u00eda, en el municipio de Cuauht\u00e9moc, Colima.<\/p>\n<p>Se trata de Luc\u00eda Trillo Rangel, de 23 a\u00f1os; Rosario Guadalupe S\u00e1nchez P\u00e9rez, de 24 a\u00f1os, y Liliana Lisbeth Mart\u00ednez Flores, de 35 a\u00f1os.<\/p>\n<p><a rel=\"nofollow noopener\" target=\"_blank\" href=\"https:\/\/www.animalpolitico.com\/2021\/01\/desapariciones-jalisco-guanajuato-cdmx-fosas-clandestinas\/\"><em>Lee: Jalisco, Tamaulipas, Guanajuato y CDMX, los estados con m\u00e1s desaparecidos entre 2018 y 2020<\/em><\/a><\/p>\n<p>Luc\u00eda y Rosario viven en Queser\u00eda, y Liliana Lisbeth en Tonila, de acuerdo con la Crimson de Desaparecidos de Colima.<\/p>\n<p>El \u00faltimo contacto que sus familiares tuvieron con ellas fue el pasado 23 de abril. El d\u00eda 24 denunciaron las desapariciones en la Fiscal\u00eda Basic del Estado de Colima.<\/p>\n<p>Tras la denuncia, la Fiscal\u00eda emiti\u00f3 la Alerta Alba por su desaparici\u00f3n.<\/p>\n<p>Luc\u00eda es de tez morena, estatura aproximada de 1.65 metros, ojos grandes shade negro, tiene un tatuaje en la mu\u00f1eca izquierda con el nombre Annia y los n\u00fameros 100115. Tiene cabello largo negro y vest\u00eda blusa negra y pantal\u00f3n negro tipo cuero al momento de su desaparici\u00f3n.<\/p>\n<blockquote class=\"twitter-tweet\" data-width=\"500\" data-dnt=\"true\">\n<p lang=\"es\" dir=\"ltr\"><a rel=\"nofollow noopener\" target=\"_blank\" href=\"https:\/\/twitter.com\/hashtag\/AlertaAlba?src=hash&amp;ref_src=twsrc%5Etfw\">#AlertaAlba<\/a> Luc\u00eda Guadalupe Trillo Rangel se comunic\u00f3 con su familia por \u00faltima vez el pasado 23 de abril. Reside en la comunidad de Queser\u00eda. en <a rel=\"nofollow noopener\" target=\"_blank\" href=\"https:\/\/twitter.com\/hashtag\/Cuauht%C3%A9moc?src=hash&amp;ref_src=twsrc%5Etfw\">#Cuauht\u00e9moc<\/a>. Hasta el momento se desconoce su paradero.<\/p>\n<p>Fuente: <a rel=\"nofollow noopener\" target=\"_blank\" href=\"https:\/\/twitter.com\/FiscaliaColima?ref_src=twsrc%5Etfw\">@FiscaliaColima<\/a> <a rel=\"nofollow noopener\" target=\"_blank\" href=\"https:\/\/t.co\/k3QlslQQ4O\">pic.twitter.com\/k3QlslQQ4O<\/a><\/p>\n<p>\u2014 Estaci\u00f3n Pac\u00edfico (@espacifico) <a rel=\"nofollow noopener\" target=\"_blank\" href=\"https:\/\/twitter.com\/espacifico\/status\/1386701144395821062?ref_src=twsrc%5Etfw\">April 26, 2021<\/a><\/p>\n<\/blockquote>\n<p>Liliana es de tez blanca, mide aproximadamente 1.52 metros y tiene el pelo lacio. Tiene un tatuaje en el brazo izquierdo con forma de cruz en nombre de Anita y unas palomas. Tambi\u00e9n un tatuaje en el dedo anular de la mano derecha en forma de coraz\u00f3n. Al momento de su desaparici\u00f3n vest\u00eda pantal\u00f3n de mezclilla, blusa floreada y tenis azules.<\/p>\n<blockquote class=\"twitter-tweet\" data-width=\"500\" data-dnt=\"true\">\n<p lang=\"es\" dir=\"ltr\">El Protocolo Estatal Alerta Alba, solicita su apoyo y colaboraci\u00f3n para difundir los datos de esta persona que no ha sido localizada. La \u00faltima vez que se le vio fue el pasado 23 de abril del presente a\u00f1o, en la localidad de Queser\u00eda, municipio de Cuauht\u00e9moc, Colima. <a rel=\"nofollow noopener\" target=\"_blank\" href=\"https:\/\/t.co\/goKarTl2xG\">pic.twitter.com\/goKarTl2xG<\/a><\/p>\n<p>\u2014 Fiscal\u00eda Colima (@FiscaliaColima) <a rel=\"nofollow noopener\" target=\"_blank\" href=\"https:\/\/twitter.com\/FiscaliaColima\/status\/1386796317066862595?ref_src=twsrc%5Etfw\">April 26, 2021<\/a><\/p>\n<\/blockquote>\n<p style=\"line-height: 22.5pt;background: white;vertical-align: baseline;margin: 0cm 0cm 30.0pt 0cm\">Rosario es de estatura baja, de aproximadamente 1.62 metros, tez morena clara, cabello negro con mechones te\u00f1idos de shade dorado. Ojos grandes shade negro, es de complexi\u00f3n robusta y tiene un tatuaje de una rosa negra en la mano izquierda y otro en la parte baja del stomach con la leyenda \u201cCristian\u201d con un coraz\u00f3n rojo.<\/p>\n<blockquote class=\"twitter-tweet\" data-width=\"500\" data-dnt=\"true\">\n<p lang=\"es\" dir=\"ltr\"><a rel=\"nofollow noopener\" target=\"_blank\" href=\"https:\/\/twitter.com\/hashtag\/AlertaAlba?src=hash&amp;ref_src=twsrc%5Etfw\">#AlertaAlba<\/a> Rosario Guadalupe S\u00e1nchez P\u00e9rez se comunic\u00f3 con su familia por \u00faltima vez el pasado 23 de abril. Reside en la comunidad de Queser\u00eda. en <a rel=\"nofollow noopener\" target=\"_blank\" href=\"https:\/\/twitter.com\/hashtag\/Cuauht%C3%A9moc?src=hash&amp;ref_src=twsrc%5Etfw\">#Cuauht\u00e9moc<\/a>. Hasta el momento se desconoce su paradero.<\/p>\n<p>Fuente: <a rel=\"nofollow noopener\" target=\"_blank\" href=\"https:\/\/twitter.com\/FiscaliaColima?ref_src=twsrc%5Etfw\">@FiscaliaColima<\/a> <a rel=\"nofollow noopener\" target=\"_blank\" href=\"https:\/\/t.co\/gve4AEqvCc\">pic.twitter.com\/gve4AEqvCc<\/a><\/p>\n<p>\u2014 Estaci\u00f3n Pac\u00edfico (@espacifico) <a rel=\"nofollow noopener\" target=\"_blank\" href=\"https:\/\/twitter.com\/espacifico\/status\/1386703442262085632?ref_src=twsrc%5Etfw\">April 26, 2021<\/a><\/p>\n<\/blockquote>\n<p>Entre diciembre de 2018 y diciembre de 2020, 10 estados concentraron el 76.6% de las denuncias por desaparici\u00f3n de personas, de acuerdo con la subsecretaria de Derechos Humanos.<\/p>\n<p>El estado con m\u00e1s reportes fue Jalisco con 3 mil 724 casos, lo que representa un 22.6% del whole. El segundo lugar lo ocupa Tamaulipas, con mil 287 casos (7.8%), seguido de Guanajuato, con mil 252 casos (7.6%).<\/p>\n<p>En la cuarta posici\u00f3n se encuentra la Ciudad de M\u00e9xico, con mil 228 desapariciones o personas no localizadas (7.4%).<\/p>\n<div class=\"ap_single_fondea_text\">Lo que hacemos en Animal Pol\u00edtico requiere de periodistas profesionales, trabajo en equipo, mantener di\u00e1logo con los lectores y algo muy importante: independencia. T\u00fa puedes ayudarnos a seguir. S\u00e9 parte del equipo.<br \/>\n<a rel=\"nofollow noopener\" target=\"_blank\" href=\"https:\/\/www.animalpolitico.com\/suscribete\">Suscr\u00edbete a Animal Pol\u00edtico<\/a>, recibe beneficios y apoya el periodismo libre.<\/p>\n<p><span style=\"font-weight: 600!important;\">#YoSoyAnimal<\/span><\/p>\n<\/div>\n<\/div>\n<p><script async src=\"\/\/platform.twitter.com\/widgets.js\" charset=\"utf-8\"><\/script><br \/>\n<br \/><\/p>\n<p><em> &#8221; Fuentes www.animalpolitico.com &#8221; <\/em><\/p>\n","protected":false},"excerpt":{"rendered":"<p>Tres mujeres desaparecieron desde el pasado 23 de abril tras salir juntas del municipio de Tonila, Jalisco, rumbo a Queser\u00eda, en el municipio de Cuauht\u00e9moc, Colima. Se trata de Luc\u00eda Trillo Rangel, de 23 a\u00f1os; Rosario Guadalupe S\u00e1nchez P\u00e9rez, de 24 a\u00f1os, y Liliana Lisbeth Mart\u00ednez Flores, de 35 a\u00f1os. Lee: Jalisco, Tamaulipas, Guanajuato y [&hellip;]<\/p>\n","protected":false},"author":4,"featured_media":117680,"comment_status":"open","ping_status":"closed","sticky":false,"template":"","format":"standard","meta":{"om_disable_all_campaigns":false,"jnews-multi-image_gallery":[],"jnews_single_post":[],"jnews_primary_category":[],"jnews_social_meta":[],"footnotes":""},"categories":[40],"tags":[],"class_list":["post-117679","post","type-post","status-publish","format-standard","has-post-thumbnail","hentry","category-industria"],"_links":{"self":[{"href":"https:\/\/dimensionturistica.com\/es\/wp-json\/wp\/v2\/posts\/117679","targetHints":{"allow":["GET"]}}],"collection":[{"href":"https:\/\/dimensionturistica.com\/es\/wp-json\/wp\/v2\/posts"}],"about":[{"href":"https:\/\/dimensionturistica.com\/es\/wp-json\/wp\/v2\/types\/post"}],"author":[{"embeddable":true,"href":"https:\/\/dimensionturistica.com\/es\/wp-json\/wp\/v2\/users\/4"}],"replies":[{"embeddable":true,"href":"https:\/\/dimensionturistica.com\/es\/wp-json\/wp\/v2\/comments?post=117679"}],"version-history":[{"count":0,"href":"https:\/\/dimensionturistica.com\/es\/wp-json\/wp\/v2\/posts\/117679\/revisions"}],"wp:featuredmedia":[{"embeddable":true,"href":"https:\/\/dimensionturistica.com\/es\/wp-json\/wp\/v2\/media\/117680"}],"wp:attachment":[{"href":"https:\/\/dimensionturistica.com\/es\/wp-json\/wp\/v2\/media?parent=117679"}],"wp:term":[{"taxonomy":"category","embeddable":true,"href":"https:\/\/dimensionturistica.com\/es\/wp-json\/wp\/v2\/categories?post=117679"},{"taxonomy":"post_tag","embeddable":true,"href":"https:\/\/dimensionturistica.com\/es\/wp-json\/wp\/v2\/tags?post=117679"}],"curies":[{"name":"wp","href":"https:\/\/api.w.org\/{rel}","templated":true}]}}