{"id":117670,"date":"2021-04-29T00:59:03","date_gmt":"2021-04-29T00:59:03","guid":{"rendered":"https:\/\/dimensionturistica.com\/es\/?p=117670"},"modified":"2021-04-29T00:59:03","modified_gmt":"2021-04-29T00:59:03","slug":"booking-se-afianza-intencion-de-viajes-nacionales-en-argentina","status":"publish","type":"post","link":"https:\/\/dimensionturistica.com\/es\/booking-se-afianza-intencion-de-viajes-nacionales-en-argentina\/","title":{"rendered":"Booking: se afianza intenci\u00f3n de viajes nacionales en Argentina"},"content":{"rendered":"<p> <br \/>\n<\/p>\n<div id=\"post-153164\">\n<p class=\"antetitulo\" style=\"margin-top: 10px;\">m\u00e1s a\u00fan cuando se levanten restricciones<\/p>\n<hr style=\"margin: 10px 0 3px\" \/>\n<p class=\"autor\" style=\"font-size: 12px; margin: 10px 0;\">R. R l Buenos Aires | 28 de  abril de 2021 &#13;<br \/>\n\t <a rel=\"nofollow noopener\" target=\"_blank\" href=\"https:\/\/www.reportur.com\/agencias\/2021\/04\/28\/booking-se-afianza-intencion-viajes-nacionales-argentina\/#respond\" style=\"float:right; text-decoration: none; color:#000000\">&#13;<br \/>\n    <img decoding=\"async\" src=\"https:\/\/www.reportur.com\/wp-content\/themes\/reportur\/images\/comment.png\" align=\"absmiddle\" style=\"margin-right: 0;\" \/> Deja un comentario\t\t<\/a>&#13;\n\t\t<\/p>\n<hr style=\"margin: 3px 0 10px\" \/>\n<p class=\"relacionadosSingle\"><b>TEMAS RELACIONADOS: <a rel=\"nofollow noopener\" target=\"_blank\" href=\"https:\/\/www.reportur.com\/tag\/argentina\/\">Argentina<\/a>, <a rel=\"nofollow noopener\" target=\"_blank\" href=\"https:\/\/www.reportur.com\/tag\/booking\/\">Booking<\/a>, <a rel=\"nofollow noopener\" target=\"_blank\" href=\"https:\/\/www.reportur.com\/tag\/brasil\/\">Brasil<\/a>, <a rel=\"nofollow noopener\" target=\"_blank\" href=\"https:\/\/www.reportur.com\/tag\/china\/\">China<\/a>, <a rel=\"nofollow noopener\" target=\"_blank\" href=\"https:\/\/www.reportur.com\/tag\/israel\/\">Israel<\/a>, <a rel=\"nofollow noopener\" target=\"_blank\" href=\"https:\/\/www.reportur.com\/tag\/paises-bajos\/\">Pa\u00edses Bajos<\/a><\/b><\/p>\n<hr style=\"margin-bottom: 15px;\" \/>\n<div class=\"post\">\n<blockquote>\n<div dir=\"ltr\">\n<p dir=\"ltr\"><img decoding=\"async\" class=\"aligncenter wp-image-153165 size-full\" src=\"https:\/\/www.reportur.com\/wp-content\/uploads\/2021\/04\/calafate-e1619657602559.jpg\" alt=\"\" width=\"640\" height=\"427\" \/>Reserving desarroll\u00f3 una investigaci\u00f3n entre m\u00e1s de 28.000 personas de 28 pa\u00edses y territorios para descubrir informaci\u00f3n clave sobre lo que la comunidad viajera tiene ganas de hacer una vez que se eliminen las restricciones.<\/p>\n<p dir=\"ltr\">Cuando se trata de las prioridades de la comunidad viajera argentina, reconectarse es muy importante, desde encontrarse con varios miembros de la familia (79%) hasta ver a un grupo de amigos (82%).<\/p>\n<\/div>\n<\/blockquote>\n<div dir=\"ltr\">\n<p>Pero viajar a nivel nacional por placer tambi\u00e9n ocupa uno de los primeros puestos en prioridades: el 83% de los viajeros argentinos est\u00e1 con ganas de explorar placeres a la vuelta de la esquina, mientras que el 69% tiene pensado hacerlo en el futuro cercano.\u00a0Entre las 28 nacionalidades encuestadas, los argentinos son quienes m\u00e1s est\u00e1n m\u00e1s entusiasmados con la perspectiva de poder viajar a nivel nacional una vez que se levanten las restricciones.<\/p>\n<p>\nSin embargo, todav\u00eda hay poco m\u00e1s de un tercio (31%) de los viajeros argentinos que planean escaparse lo m\u00e1s lejos posible una vez que se levanten las restricciones de viaje. Quienes m\u00e1s inter\u00e9s tienen en viajar largas distancias son las personas de Israel (49%), Pa\u00edses Bajos (45%) y China (43%).<\/p>\n<\/div>\n<blockquote>\n<div dir=\"ltr\">\n<p id=\"yiv3184901249divtagdefaultwrapper\" dir=\"ltr\">La pausa en los viajes cambi\u00f3 la perspectiva de muchas personas de la comunidad viajera, y m\u00e1s de la mitad (57%) de los argentinos ahora quieren evitar viajar a ciertos pa\u00edses y los eliminaron de su \u201clista de deseos\u201d. Mientras que para algunas personas el tiempo sin viajar puso las cosas en perspectiva, para otras fue el momento de planificar con anticipaci\u00f3n la tan esperada vuelta a los viajes.<\/p>\n<\/div>\n<\/blockquote>\n<p><!-- AddThis Advanced Settings above via filter on the_content --><!-- AddThis Advanced Settings below via filter on the_content --><!-- AddThis Advanced Settings generic via filter on the_content --><!-- AddThis Share Buttons above via filter on the_content --><!-- AddThis Share Buttons below via filter on the_content --><!-- AddThis Share Buttons generic via filter on the_content --><\/div>\n<hr class=\"noCss\" \/><\/div>\n\n<p><em> &#8221; Fuentes www.reportur.com &#8221; <\/em><\/p>\n","protected":false},"excerpt":{"rendered":"<p>m\u00e1s a\u00fan cuando se levanten restricciones R. R l Buenos Aires | 28 de abril de 2021 &#13; &#13; Deja un comentario &#13; TEMAS RELACIONADOS: Argentina, Booking, Brasil, China, Israel, Pa\u00edses Bajos Reserving desarroll\u00f3 una investigaci\u00f3n entre m\u00e1s de 28.000 personas de 28 pa\u00edses y territorios para descubrir informaci\u00f3n clave sobre lo que la comunidad [&hellip;]<\/p>\n","protected":false},"author":4,"featured_media":117671,"comment_status":"open","ping_status":"closed","sticky":false,"template":"","format":"standard","meta":{"om_disable_all_campaigns":false,"jnews-multi-image_gallery":[],"jnews_single_post":[],"jnews_primary_category":[],"jnews_social_meta":[],"footnotes":""},"categories":[40],"tags":[],"class_list":["post-117670","post","type-post","status-publish","format-standard","has-post-thumbnail","hentry","category-industria"],"_links":{"self":[{"href":"https:\/\/dimensionturistica.com\/es\/wp-json\/wp\/v2\/posts\/117670","targetHints":{"allow":["GET"]}}],"collection":[{"href":"https:\/\/dimensionturistica.com\/es\/wp-json\/wp\/v2\/posts"}],"about":[{"href":"https:\/\/dimensionturistica.com\/es\/wp-json\/wp\/v2\/types\/post"}],"author":[{"embeddable":true,"href":"https:\/\/dimensionturistica.com\/es\/wp-json\/wp\/v2\/users\/4"}],"replies":[{"embeddable":true,"href":"https:\/\/dimensionturistica.com\/es\/wp-json\/wp\/v2\/comments?post=117670"}],"version-history":[{"count":0,"href":"https:\/\/dimensionturistica.com\/es\/wp-json\/wp\/v2\/posts\/117670\/revisions"}],"wp:featuredmedia":[{"embeddable":true,"href":"https:\/\/dimensionturistica.com\/es\/wp-json\/wp\/v2\/media\/117671"}],"wp:attachment":[{"href":"https:\/\/dimensionturistica.com\/es\/wp-json\/wp\/v2\/media?parent=117670"}],"wp:term":[{"taxonomy":"category","embeddable":true,"href":"https:\/\/dimensionturistica.com\/es\/wp-json\/wp\/v2\/categories?post=117670"},{"taxonomy":"post_tag","embeddable":true,"href":"https:\/\/dimensionturistica.com\/es\/wp-json\/wp\/v2\/tags?post=117670"}],"curies":[{"name":"wp","href":"https:\/\/api.w.org\/{rel}","templated":true}]}}