{"id":117652,"date":"2021-04-29T00:42:42","date_gmt":"2021-04-29T00:42:42","guid":{"rendered":"https:\/\/dimensionturistica.com\/es\/?p=117652"},"modified":"2021-04-29T00:42:42","modified_gmt":"2021-04-29T00:42:42","slug":"las-ayudas-al-sector-en-andalucia-contribuiran-a-reactivar-las-empresas","status":"publish","type":"post","link":"https:\/\/dimensionturistica.com\/es\/las-ayudas-al-sector-en-andalucia-contribuiran-a-reactivar-las-empresas\/","title":{"rendered":"Las ayudas al sector en Andaluc\u00eda contribuir\u00e1n a reactivar las empresas"},"content":{"rendered":"<p> <br \/>\n<\/p>\n<div>\n<p class=\"text-align-justify\"><span><span><span><span><span><span><img decoding=\"async\" alt=\"\" class=\"img-responsive\" height=\"641\" src=\"https:\/\/www.expreso.info\/files\/2021-04\/Malaga_noche.jpg\" width=\"1152\"\/>El secretario basic para el Turismo, Manuel Mu\u00f1oz, ha se\u00f1alado que las l\u00edneas de ayudas al sector puestas en marcha por la Consejer\u00eda de Turismo contribuir\u00e1n \u2018a reactivar las empresas\u2019 andaluzas para la pr\u00f3xima temporada.<\/span><\/span><\/span><\/span><\/span><\/span><\/p>\n<p class=\"text-align-justify\"><span><span><span><span><span><span>Mu\u00f1oz, en un foro telem\u00e1tico organizado por la Confederaci\u00f3n de Empresarios de Andaluc\u00eda, CEA, para presentar estas medidas, ha subrayado que las ayudas impulsadas superan en conjunto los 100 millones de euros, \u2018un gran esfuerzo que supera el presupuesto de la Consejer\u00eda\u2019. <\/span><\/span><\/span><\/span><\/span><\/span><\/p>\n<p class=\"text-align-justify\"><span><span><span><span><span><span>As\u00ed, ha apuntado que el objetivo es que \u2018todas las empresas contempladas que est\u00e9n en el Registro de Turismo de Andaluc\u00eda puedan acceder a ayudas para seguir funcionando y para que puedan ofrecer sus servicios en plenas condiciones en cuanto vuelvan a recibir viajeros\u2019.<\/span><\/span><\/span><\/span><\/span><\/span><\/p>\n<p class=\"text-align-justify\"><span><span><span><span><span><span>Ha mostrado su confianza en que para el mes de mayo se comience a recuperar la actividad y ha esperado que el pr\u00f3ximo verano \u2018ser\u00e1 mejor que el del a\u00f1o pasado\u2019, para lo cual se est\u00e1 prestando especial atenci\u00f3n a la promoci\u00f3n en el mercado nacional y en los emisores tradicionales, como el Reino Unido y Alemania. <\/span><\/span><\/span><\/span><\/span><\/span><\/p>\n<p class=\"text-align-justify\"><span><span><span><span><span><span>Adem\u00e1s, ha hecho referencia a otras iniciativas como la implantaci\u00f3n del sello <em>Andaluc\u00eda Segura<\/em>, el seguro tur\u00edstico para turistas internacionales, el contacto directo con agentes de viajes e intermediarios o la difusi\u00f3n de la imagen del destino vinculada a grandes acontecimientos, como el Gran Premio de Motociclismo de Jerez. <\/span><\/span><\/span><\/span><\/span><\/span><\/p>\n<p class=\"text-align-justify\"><span><span><span><span><span><span>Por su parte, la directora basic de Calidad, Innovaci\u00f3n y Fomento del Turismo, Ana Mar\u00eda Garc\u00eda, ha explicado a los m\u00e1s de 200 participantes en el encuentro el procedimiento y los requisitos para acceder a las ayudas. <\/span><\/span><\/span><\/span><\/span><\/span><\/p>\n<p class=\"text-align-justify\"><span style=\"color:#7d87a5;\"><strong>Abierto el plazo para las primeras ayudas <\/strong><\/span><\/p>\n<p class=\"text-align-justify\"><span><span><span><span><span><span>Garc\u00eda ha recordado en su presentaci\u00f3n que esta semana se ha abierto la convocatoria de las primeras cuatro l\u00edneas de ayudas dirigidas al mantenimiento de la actividad y empleo del sector tur\u00edstico que podr\u00e1n solicitarse hasta el 5 de mayo. <\/span><\/span><\/span><\/span><\/span><\/span><\/p>\n<p class=\"text-align-justify\"><span><span><span><span><span><span>Se trata de las destinadas a las empresas organizadoras de actividades de turismo activo (3,7 millones), casas rurales (9,9 millones), gu\u00edas de turismo (13,7 millones) y agencias de viaje (5,2 millones); en un primer paquete que implica una partida de m\u00e1s de 32,4 millones de euros. <\/span><\/span><\/span><\/span><\/span><\/span><\/p>\n<p class=\"text-align-justify\"><span><span><span><span><span><span>Adem\u00e1s, en el \u00faltimo Consejo de Gobierno se aprob\u00f3 otro paquete de ayudas que eleva el montante international de las partidas hasta los 105 millones de euros. En este \u00faltimo caso, el decreto ley incluye tres l\u00edneas para establecimientos hoteleros, apartamentos tur\u00edsticos y campamentos de turismo y complejos tur\u00edsticos rurales. <\/span><\/span><\/span><\/span><\/span><\/span><\/p>\n<p class=\"text-align-justify\"><span><span><span><span><span><span>La directora basic ha precisado que ser\u00e1n subvenciones en r\u00e9gimen de concurrencia no competitiva por un whole de 72,8 millones, distribuidos en 60 millones para establecimientos hoteleros, 9 para apartamentos tur\u00edsticos y 3,8 para campamentos tur\u00edsticos y complejos tur\u00edsticos rurales. <\/span><\/span><\/span><\/span><\/span><\/span><\/p>\n<p class=\"text-align-justify\"><span><span><span><span><span><span>El presidente del Consejo de Turismo de la CEA, Miguel S\u00e1nchez, ha destacado por su parte que estas ayudas \u201cson fundamentales para tener las empresas en perfectas condiciones y preparadas para recibir a los clientes\u201d, ya que en el contexto precise \u2018se nos va a exigir m\u00e1s y para ello necesitamos el respaldo de las administraciones\u2019.<\/span><\/span><\/span><\/span><\/span><\/span><\/p>\n<p class=\"text-align-justify\"><span><span><span><em><span><span><span>Expreso. Redacci\u00f3n. T.R<\/span><\/span><\/span><\/em><\/span><\/span><\/span><\/p>\n<\/div>\n\n<p><em> &#8221; Fuentes www.expreso.info &#8221; <\/em><\/p>\n","protected":false},"excerpt":{"rendered":"<p>El secretario basic para el Turismo, Manuel Mu\u00f1oz, ha se\u00f1alado que las l\u00edneas de ayudas al sector puestas en marcha por la Consejer\u00eda de Turismo contribuir\u00e1n \u2018a reactivar las empresas\u2019 andaluzas para la pr\u00f3xima temporada. Mu\u00f1oz, en un foro telem\u00e1tico organizado por la Confederaci\u00f3n de Empresarios de Andaluc\u00eda, CEA, para presentar estas medidas, ha subrayado [&hellip;]<\/p>\n","protected":false},"author":4,"featured_media":117653,"comment_status":"open","ping_status":"closed","sticky":false,"template":"","format":"standard","meta":{"om_disable_all_campaigns":false,"jnews-multi-image_gallery":[],"jnews_single_post":[],"jnews_primary_category":[],"jnews_social_meta":[],"footnotes":""},"categories":[40],"tags":[],"class_list":["post-117652","post","type-post","status-publish","format-standard","has-post-thumbnail","hentry","category-industria"],"_links":{"self":[{"href":"https:\/\/dimensionturistica.com\/es\/wp-json\/wp\/v2\/posts\/117652","targetHints":{"allow":["GET"]}}],"collection":[{"href":"https:\/\/dimensionturistica.com\/es\/wp-json\/wp\/v2\/posts"}],"about":[{"href":"https:\/\/dimensionturistica.com\/es\/wp-json\/wp\/v2\/types\/post"}],"author":[{"embeddable":true,"href":"https:\/\/dimensionturistica.com\/es\/wp-json\/wp\/v2\/users\/4"}],"replies":[{"embeddable":true,"href":"https:\/\/dimensionturistica.com\/es\/wp-json\/wp\/v2\/comments?post=117652"}],"version-history":[{"count":0,"href":"https:\/\/dimensionturistica.com\/es\/wp-json\/wp\/v2\/posts\/117652\/revisions"}],"wp:featuredmedia":[{"embeddable":true,"href":"https:\/\/dimensionturistica.com\/es\/wp-json\/wp\/v2\/media\/117653"}],"wp:attachment":[{"href":"https:\/\/dimensionturistica.com\/es\/wp-json\/wp\/v2\/media?parent=117652"}],"wp:term":[{"taxonomy":"category","embeddable":true,"href":"https:\/\/dimensionturistica.com\/es\/wp-json\/wp\/v2\/categories?post=117652"},{"taxonomy":"post_tag","embeddable":true,"href":"https:\/\/dimensionturistica.com\/es\/wp-json\/wp\/v2\/tags?post=117652"}],"curies":[{"name":"wp","href":"https:\/\/api.w.org\/{rel}","templated":true}]}}