{"id":117644,"date":"2021-04-29T00:34:25","date_gmt":"2021-04-29T00:34:25","guid":{"rendered":"https:\/\/dimensionturistica.com\/es\/?p=117644"},"modified":"2021-04-29T00:34:26","modified_gmt":"2021-04-29T00:34:26","slug":"drama-en-las-agencias-el-60-de-los-asalariados-en-erte-noticias-de-agencias-de-viajes-rss1","status":"publish","type":"post","link":"https:\/\/dimensionturistica.com\/es\/drama-en-las-agencias-el-60-de-los-asalariados-en-erte-noticias-de-agencias-de-viajes-rss1\/","title":{"rendered":"Drama en las agencias: el 60% de los asalariados, en ERTE | Noticias de Agencias de viajes, rss1"},"content":{"rendered":"<p> <br \/>\n<\/p>\n<div id=\"post-308460\" wp_automatic_readability=\"64.30093676815\">\n<p class=\"postAntetitulo\">Las agencias, incapaces de recuperar trabajadores<\/p>\n<p>\t\t\t<span class=\"subtitulo\">La reactivaci\u00f3n econ\u00f3mica impulsada por el levantamiento de algunas restricciones a\u00fan no llega al sector de agencias de viajes<\/span><br \/>            <span class=\"subtitulo\">La cifra de agentes incluidos en un ERTE se eleva un 5%, tendencia que contrasta con el fuerte retroceso experimentado en la econom\u00eda espa\u00f1ola<\/span><\/p>\n<p>\t\t\t<!-- fin metadata noticia --><\/p>\n<div class=\"post\" wp_automatic_readability=\"62.940689655172\">\n<p><a rel=\"nofollow noopener\" target=\"_blank\" href=\"https:\/\/www.preferente.com\/wp-content\/uploads\/2020\/12\/manifestacion.jpg\"><img decoding=\"async\" class=\"aligncenter wp-image-305526 size-full\" src=\"https:\/\/www.preferente.com\/wp-content\/uploads\/2020\/12\/manifestacion.jpg\" alt=\"\" width=\"600\" height=\"365\" srcset=\"https:\/\/www.preferente.com\/wp-content\/uploads\/2020\/12\/manifestacion.jpg 600w, https:\/\/www.preferente.com\/wp-content\/uploads\/2020\/12\/manifestacion-300x183.jpg 300w, https:\/\/www.preferente.com\/wp-content\/uploads\/2020\/12\/manifestacion-329x200.jpg 329w, https:\/\/www.preferente.com\/wp-content\/uploads\/2020\/12\/manifestacion-247x150.jpg 247w, https:\/\/www.preferente.com\/wp-content\/uploads\/2020\/12\/manifestacion-123x75.jpg 123w, https:\/\/www.preferente.com\/wp-content\/uploads\/2020\/12\/manifestacion-99x60.jpg 99w, https:\/\/www.preferente.com\/wp-content\/uploads\/2020\/12\/manifestacion-230x140.jpg 230w, https:\/\/www.preferente.com\/wp-content\/uploads\/2020\/12\/manifestacion-53x32.jpg 53w, https:\/\/www.preferente.com\/wp-content\/uploads\/2020\/12\/manifestacion-534x325.jpg 534w, https:\/\/www.preferente.com\/wp-content\/uploads\/2020\/12\/manifestacion-174x106.jpg 174w, https:\/\/www.preferente.com\/wp-content\/uploads\/2020\/12\/manifestacion-270x164.jpg 270w\" sizes=\"(max-width: 600px) 100vw, 600px\"\/><\/a><\/p>\n<p>Ya no es que no haya indicios de recuperaci\u00f3n, sino que el sector de agencias de viajes va cada vez a peor. Tras m\u00e1s de un a\u00f1o sin ingresos y con una ley completamente onerosa e injusta, las empresas del sector ven como cada mes que pasa su situaci\u00f3n es todav\u00eda m\u00e1s precaria. Las ayudas directas, que empiezan a llegar con cuentagotas en algunas comunidades aut\u00f3nomas, son a todas luces insuficientes para paliar los terribles efectos de la disaster derivada de la pandemia (<a rel=\"nofollow noopener\" target=\"_blank\" href=\"https:\/\/www.preferente.com\/noticias-de-agencias-de-viajes\/los-datos-no-mienten-el-sector-de-agencias-el-mas-afectado-por-la-crisis-305096.html\">Los datos no mienten: el sector de agencias es el m\u00e1s afectado por la crisis<\/a>).<\/p>\n<p>Un dato que muestra a la perfecci\u00f3n el drama que vive el sector es la escandalosa cifra de trabajadores incluidos en los famosos expedientes temporales de regulaci\u00f3n de empleo (ERTE). Seg\u00fan los \u00faltimos datos recabados por el Ministerio de Inclusi\u00f3n, Seguridad Social y Migraciones, a 31 de marzo hab\u00eda 22.723 agentes de viajes protegidos por esta f\u00f3rmula (<a rel=\"nofollow noopener\" target=\"_blank\" href=\"https:\/\/www.preferente.com\/noticias-de-agencias-de-viajes\/agencias-erte-hasta-final-de-2021-para-evitar-despidos-masivos-306347.html\">Agencias: ERTE hasta final de 2021 para evitar despidos masivos<\/a>).<\/p>\n<p>Teniendo en cuenta que el n\u00famero whole de asalariados en agencias y turoperadores es de 37.711, m\u00e1s del 60% de los mismos est\u00e1n afectados por un ERTE. Se trata, con gran diferencia, del sector econ\u00f3mico con el porcentaje m\u00e1s elevado. Y ello a pesar de que algunas agencias ya se han decantado por los despidos colectivos en vez de prolongar los ERTE (<a rel=\"nofollow noopener\" target=\"_blank\" href=\"https:\/\/www.preferente.com\/noticias-de-agencias-de-viajes\/agencias-miles-de-empleados-pasan-del-erte-al-paro-307064.html\">Agencias: miles de empleados pasan del ERTE al paro<\/a>).<\/p>\n<p>Tambi\u00e9n llama la atenci\u00f3n la evoluci\u00f3n mensual del n\u00famero de personas en ERTE. A diferencia de lo ocurrido en el conjunto de la econom\u00eda espa\u00f1ola, donde se ha producido un descenso de 115.913 personas respecto al cierre de febrero gracias al levantamiento de algunas restricciones por la pandemia, en el sector de agencias y turoperadores la cifra de afectados crece. En concreto, lo hace un 5%, pasando de los 21.611 de finales de febrero a los mencionados 22.723 al cierre de marzo.<\/p>\n<p>Dada la incapacidad de las empresas de este sector para reabsorber agentes, la gran inc\u00f3gnita es qu\u00e9 suceder\u00e1 cuando el Gobierno ponga fin a esta f\u00f3rmula de protecci\u00f3n. A no ser que se estire hasta 2022 inclusive, todo apunta a que se producir\u00e1 una destrucci\u00f3n masiva de empleo.<\/p>\n<p><!-- AddThis Advanced Settings above via filter on the_content --><!-- AddThis Advanced Settings below via filter on the_content --><!-- AddThis Advanced Settings generic via filter on the_content --><!-- AddThis Share Buttons above via filter on the_content --><!-- AddThis Share Buttons below via filter on the_content --><!-- AddThis Share Buttons generic via filter on the_content -->\t\t\t<\/div>\n<p><!--fin post --><\/p>\n<p><\/p>\n<p>            <!-- banner --><br \/>\n            <noscript><a rel=\"nofollow noopener\" target=\"_blank\" href=\"https:\/\/adv6.grupopreferente.com\/www\/delivery\/ck.php?n=016fc41\"><img decoding=\"async\" border=\"0\" alt=\"\" src=\"https:\/\/adv6.grupopreferente.com\/www\/delivery\/avw.php?zoneid=65&amp;n=016fc41\"\/><\/a><\/noscript><\/p>\n<p>            <!-- alta newsletter --><br \/>\n            <!-- previous \n            \n\n<div id=\"newsletter-single\">\n                <img decoding=\"async\" style=\"margin:0\" src=\"https:\/\/www.preferente.com\/wp-content\/themes\/preferente_N\/images\/newsletter_single2.jpg\" \/>\n                \n\n<div id=\"form-single\">\n                    \n\n<div role=\"form\" class=\"wpcf7\" id=\"wpcf7-f245647-p308460-o1\" lang=\"en-US\" dir=\"ltr\">\n\n\n<div class=\"screen-reader-response\"><\/div>\n\n\n\n\n<form action=\"\/rss1\/drama-en-las-agencias-el-60-de-los-asalariados-en-erte-308460.html#wpcf7-f245647-p308460-o1\" method=\"post\" class=\"wpcf7-form\" novalidate=\"novalidate\">\n\n\n<div style=\"display: none;\">\n<input type=\"hidden\" name=\"_wpcf7\" value=\"245647\" \/>\n<input type=\"hidden\" name=\"_wpcf7_version\" value=\"5.0\" \/>\n<input type=\"hidden\" name=\"_wpcf7_locale\" value=\"en_US\" \/>\n<input type=\"hidden\" name=\"_wpcf7_unit_tag\" value=\"wpcf7-f245647-p308460-o1\" \/>\n<input type=\"hidden\" name=\"_wpcf7_container_post\" value=\"308460\" \/>\n<\/div>\n\n\n\n\n<p><span class=\"wpcf7-form-control-wrap your-email\"><input type=\"email\" name=\"your-email\" value=\"\" size=\"40\" class=\"wpcf7-form-control wpcf7-text wpcf7-email wpcf7-validates-as-required wpcf7-validates-as-email\" aria-required=\"true\" aria-invalid=\"false\" placeholder=\"Su e-mail aqu&iacute; para DESBLOQUEAR acceso\" \/><\/span><\/p>\n\n\n\n\n<p style=\"float:right\">Sector(*) <span class=\"wpcf7-form-control-wrap sector\"><select name=\"sector\" class=\"wpcf7-form-control wpcf7-select wpcf7-validates-as-required\" aria-required=\"true\" aria-invalid=\"false\"><option value=\"\">---<\/option><option value=\"Agencias de viajes - Grupos verticales\">Agencias de viajes - Grupos verticales<\/option><option value=\"Agencias de viajes - Grandes redes\">Agencias de viajes - Grandes redes<\/option><option value=\"Agencias de viajes - Independiente\">Agencias de viajes - Independiente<\/option><option value=\"Agencias de viajes - Touroperadores\">Agencias de viajes - Touroperadores<\/option><option value=\"Agencias de viajes - Grupos de gesti&oacute;n\">Agencias de viajes - Grupos de gesti&oacute;n<\/option><option value=\"Agencias de viajes - Centrales de reservas\">Agencias de viajes - Centrales de reservas<\/option><option value=\"Agencias de viajes - Online\">Agencias de viajes - On-line<\/option><option value=\"Agencias de viajes - Business travel\">Agencias de viajes - Enterprise journey<\/option><option value=\"Agencias de viajes - Outlets\">Agencias de viajes - Retailers<\/option><option value=\"Agencias de viajes - Receptivo\">Agencias de viajes - Receptivo<\/option><option value=\"Agencias de viajes - Congresos y MICE\">Agencias de viajes - Congresos y MICE<\/option><option value=\"Hoteles - Agroturismos\">Hoteles - Agroturismos<\/option><option value=\"Hoteles - Apartamentos\">Hoteles - Apartamentos<\/option><option value=\"Hoteles - Aparthoteles\">Hoteles - Aparthoteles<\/option><option value=\"Hoteles - Campings\">Hoteles - Campings<\/option><option value=\"Hoteles - Hostales\">Hoteles - Hostales<\/option><option value=\"Hoteles - Hoteles 1-2-3 estrellas\">Hoteles - Hoteles 1-2-3 estrellas<\/option><option value=\"Hoteles - Hoteles 4 estrellas\">Hoteles - Hoteles 4 estrellas<\/option><option value=\"Hoteles - Hoteles 5 estrellas\">Hoteles - Hoteles 5 estrellas<\/option><option value=\"Hoteles - Cadenas hoteleras\">Hoteles - Cadenas hoteleras<\/option><option value=\"Hoteles - Directores de Expansi&oacute;n\">Hoteles - Directores de Expansi&oacute;n<\/option><option value=\"Hoteles - Directores financieros\">Hoteles - Directores financieros<\/option><option value=\"Hoteles - Directores de compras\">Hoteles - Directores de compras<\/option><option value=\"Hoteles - Directores de RRHH\">Hoteles - Directores de RRHH<\/option><option value=\"Hoteles - Directores de marketing\">Hoteles - Directores de advertising and marketing<\/option><option value=\"Hoteles - Directores de Hotel\">Hoteles - Directores de Resort<\/option><option value=\"Hoteles - Asociaciones\">Hoteles - Asociaciones<\/option><option value=\"Transportes - Cruceros\">Transportes - Cruceros<\/option><option value=\"Transportes - Aerol&iacute;neas\">Transportes - Aerol&iacute;neas<\/option><option value=\"Transportes - GSA y Brokers\">Transportes - GSA y Brokers<\/option><option value=\"Transportes - Rent a car\">Transportes - Hire a automotive<\/option><option value=\"Transportes - Tren\">Transportes - Tren<\/option><option value=\"Transportes - Aeropuertos\">Transportes - Aeropuertos<\/option><option value=\"Destinos - Estaciones de esqu&iacute;\">Destinos - Estaciones de esqu&iacute;<\/option><option value=\"Destinos - Campos de Golf\">Destinos - Campos de Golf<\/option><option value=\"Destinos - Bodegas\">Destinos - Bodegas<\/option><option value=\"Destinos - Formaci&oacute;n\">Destinos - Formaci&oacute;n<\/option><option value=\"Destinos - Oferta complementaria\">Destinos - Oferta complementaria<\/option><option value=\"Destinos - Organismos de turismo\">Destinos - Organismos de turismo<\/option><option value=\"Proveedores y otros - Agencias de publicidad\">Proveedores y otros - Agencias de publicidad<\/option><option value=\"Proveedores y otros - Bancos\">Proveedores y otros - Bancos<\/option><option value=\"Proveedores y otros - Empresas industriales y GDS\">Proveedores y otros - Empresas industriales y GDS<\/option><option value=\"Proveedores y otros - Medios de comunicaci&oacute;n\">Proveedores y otros - Medios de comunicaci&oacute;n<\/option><option value=\"Proveedores y otros - Consultoras\">Proveedores y otros - Consultoras<\/option><\/select><\/span><\/p>\n\n\n\n\n<div style=\"clear: both;\"><\/div>\n\n\n\n\n<p style=\"margin-top:5px\"><small><span class=\"wpcf7-form-control-wrap privacidad\"><span class=\"wpcf7-form-control wpcf7-acceptance\"><span class=\"wpcf7-list-item\"><input type=\"checkbox\" name=\"privacidad\" value=\"1\" aria-invalid=\"false\" \/><\/span><\/span><\/span> Acepto la pol&iacute;tica de protecci&oacute;n de datos - <a rel=\"nofollow noopener\" target=\"_blank\" href=\"http:\/\/www.preferente.com\/proteccion-datos\" style=\"color:#ffffff;\">Ver<\/a><\/small><\/p>\n\n\n\n\n<p style=\"float:right; margin-top:3px\"><input type=\"submit\" value=\"Enviar\" class=\"wpcf7-form-control wpcf7-submit\" \/><\/p>\n\n\n\n\n<div class=\"wpcf7-response-output wpcf7-display-none\"><\/div>\n\n<\/form>\n\n<\/div>\n\n                    \n\n<div style=\"clear:both\"><\/div>\n\n\n                <\/div>\n\n\n            <\/div>\n\n\n            --> <\/p>\n<p>            <!-- banner noticia inferior --><br \/>\n            <noscript><a rel=\"nofollow noopener\" target=\"_blank\" href=\"https:\/\/adv6.grupopreferente.com\/www\/delivery\/ck.php?n=acc4b75\"><img decoding=\"async\" border=\"0\" alt=\"\" src=\"https:\/\/adv6.grupopreferente.com\/www\/delivery\/avw.php?zoneid=59&amp;n=acc4b75\"\/><\/a><\/noscript><\/p>\n<p><\/p>\n<p>\t\t    <!-- tags seo --><\/p>\n<h3 style=\"margin:30px 0 0; font-size:14px; color: #999999; font-family:Georgia, 'Times New Roman', Times, serif; font-weight:bold\">Noticias relacionadas<\/h3>\n<p>\t\t\t\t\t                    <!-- width:290px; float: left; --><\/p>\n<p>\t\t\t\t\t                    <!-- width:290px; float: left; --><\/p>\n<p>\t\t\t\t\t                    <!-- width:290px; float: left; --><\/p>\n<p>\t\t\t\t\t                    <!-- width:290px; float: left; --><\/p>\n<p>\n\t\t<!-- fin tags seo --><\/p>\n<\/div>\n\n<p><em> &#8221; Fuentes www.preferente.com &#8221; <\/em><\/p>\n","protected":false},"excerpt":{"rendered":"<p>Las agencias, incapaces de recuperar trabajadores La reactivaci\u00f3n econ\u00f3mica impulsada por el levantamiento de algunas restricciones a\u00fan no llega al sector de agencias de viajes La cifra de agentes incluidos en un ERTE se eleva un 5%, tendencia que contrasta con el fuerte retroceso experimentado en la econom\u00eda espa\u00f1ola Ya no es que no haya [&hellip;]<\/p>\n","protected":false},"author":4,"featured_media":0,"comment_status":"open","ping_status":"closed","sticky":false,"template":"","format":"standard","meta":{"om_disable_all_campaigns":false,"jnews-multi-image_gallery":[],"jnews_single_post":[],"jnews_primary_category":[],"jnews_social_meta":[],"footnotes":""},"categories":[40],"tags":[],"class_list":["post-117644","post","type-post","status-publish","format-standard","hentry","category-industria"],"_links":{"self":[{"href":"https:\/\/dimensionturistica.com\/es\/wp-json\/wp\/v2\/posts\/117644","targetHints":{"allow":["GET"]}}],"collection":[{"href":"https:\/\/dimensionturistica.com\/es\/wp-json\/wp\/v2\/posts"}],"about":[{"href":"https:\/\/dimensionturistica.com\/es\/wp-json\/wp\/v2\/types\/post"}],"author":[{"embeddable":true,"href":"https:\/\/dimensionturistica.com\/es\/wp-json\/wp\/v2\/users\/4"}],"replies":[{"embeddable":true,"href":"https:\/\/dimensionturistica.com\/es\/wp-json\/wp\/v2\/comments?post=117644"}],"version-history":[{"count":0,"href":"https:\/\/dimensionturistica.com\/es\/wp-json\/wp\/v2\/posts\/117644\/revisions"}],"wp:attachment":[{"href":"https:\/\/dimensionturistica.com\/es\/wp-json\/wp\/v2\/media?parent=117644"}],"wp:term":[{"taxonomy":"category","embeddable":true,"href":"https:\/\/dimensionturistica.com\/es\/wp-json\/wp\/v2\/categories?post=117644"},{"taxonomy":"post_tag","embeddable":true,"href":"https:\/\/dimensionturistica.com\/es\/wp-json\/wp\/v2\/tags?post=117644"}],"curies":[{"name":"wp","href":"https:\/\/api.w.org\/{rel}","templated":true}]}}