{"id":117552,"date":"2021-04-28T23:07:25","date_gmt":"2021-04-28T23:07:25","guid":{"rendered":"https:\/\/dimensionturistica.com\/es\/?p=117552"},"modified":"2021-04-28T23:07:25","modified_gmt":"2021-04-28T23:07:25","slug":"indigente-hace-sombra-en-crucero-y-se-hace-viral","status":"publish","type":"post","link":"https:\/\/dimensionturistica.com\/es\/indigente-hace-sombra-en-crucero-y-se-hace-viral\/","title":{"rendered":"Indigente hace sombra en crucero y se hace viral"},"content":{"rendered":"<p> <br \/>\n<\/p>\n<div>\n<p>El video de un <strong>indigente haciend sombra y boxeando<\/strong> <strong>solo <\/strong>se ha vuelto viral en redes sociales, debido a la gran pegada que muestra.<\/p>\n<p>A trav\u00e9s de Fb, un usuario subi\u00f3 el video editado con la narraci\u00f3n de <strong>Carlos Aguilar<\/strong>, en donde aparece el hombre practicando en medio de la carretera con mucho entusiasmo.<\/p>\n<p><em>&#8220;Este cuate le hubiera dado m\u00e1s batalla al Canelo!!&#8221;<\/em>, cube el video que<strong> fue subido en<\/strong> <strong>febrero<\/strong>, pero que <strong>hasta ahora se hizo viral,<\/strong> contando con <strong>183 mil compartidas y casi nueve millones de reproducciones.<\/strong><\/p>\n<\/div>\n<p><script>\n!function(f,b,e,v,n,t,s){if(f.fbq)return;n=f.fbq=function(){n.callMethod?\nn.callMethod.apply(n,arguments):n.queue.push(arguments)};if(!f._fbq)f._fbq=n;\nn.push=n;n.loaded=!0;n.version='2.0';n.queue=[];t=b.createElement(e);t.async=!0;\nt.src=v;s=b.getElementsByTagName(e)[0];s.parentNode.insertBefore(t,s)}(window,\ndocument,'script','\/\/connect.facebook.net\/en_US\/fbevents.js');\nfbq('init', '2617139265195381');\nfbq('track', 'PageView');\n<\/script><br \/>\n<br \/><\/p>\n<p><em> &#8221; Fuentes mty.telediario.mx &#8221; <\/em><\/p>\n","protected":false},"excerpt":{"rendered":"<p>El video de un indigente haciend sombra y boxeando solo se ha vuelto viral en redes sociales, debido a la gran pegada que muestra. A trav\u00e9s de Fb, un usuario subi\u00f3 el video editado con la narraci\u00f3n de Carlos Aguilar, en donde aparece el hombre practicando en medio de la carretera con mucho entusiasmo. &#8220;Este [&hellip;]<\/p>\n","protected":false},"author":4,"featured_media":117553,"comment_status":"open","ping_status":"closed","sticky":false,"template":"","format":"standard","meta":{"om_disable_all_campaigns":false,"jnews-multi-image_gallery":[],"jnews_single_post":[],"jnews_primary_category":[],"jnews_social_meta":[],"footnotes":""},"categories":[41],"tags":[22693,22691,22692,442,2462],"class_list":["post-117552","post","type-post","status-publish","format-standard","has-post-thumbnail","hentry","category-cruceros","tag-boxea","tag-indigente","tag-vagabundo","tag-video","tag-viral"],"_links":{"self":[{"href":"https:\/\/dimensionturistica.com\/es\/wp-json\/wp\/v2\/posts\/117552","targetHints":{"allow":["GET"]}}],"collection":[{"href":"https:\/\/dimensionturistica.com\/es\/wp-json\/wp\/v2\/posts"}],"about":[{"href":"https:\/\/dimensionturistica.com\/es\/wp-json\/wp\/v2\/types\/post"}],"author":[{"embeddable":true,"href":"https:\/\/dimensionturistica.com\/es\/wp-json\/wp\/v2\/users\/4"}],"replies":[{"embeddable":true,"href":"https:\/\/dimensionturistica.com\/es\/wp-json\/wp\/v2\/comments?post=117552"}],"version-history":[{"count":0,"href":"https:\/\/dimensionturistica.com\/es\/wp-json\/wp\/v2\/posts\/117552\/revisions"}],"wp:featuredmedia":[{"embeddable":true,"href":"https:\/\/dimensionturistica.com\/es\/wp-json\/wp\/v2\/media\/117553"}],"wp:attachment":[{"href":"https:\/\/dimensionturistica.com\/es\/wp-json\/wp\/v2\/media?parent=117552"}],"wp:term":[{"taxonomy":"category","embeddable":true,"href":"https:\/\/dimensionturistica.com\/es\/wp-json\/wp\/v2\/categories?post=117552"},{"taxonomy":"post_tag","embeddable":true,"href":"https:\/\/dimensionturistica.com\/es\/wp-json\/wp\/v2\/tags?post=117552"}],"curies":[{"name":"wp","href":"https:\/\/api.w.org\/{rel}","templated":true}]}}