{"id":117513,"date":"2021-04-28T22:30:25","date_gmt":"2021-04-28T22:30:25","guid":{"rendered":"https:\/\/dimensionturistica.com\/es\/?p=117513"},"modified":"2021-04-28T22:30:25","modified_gmt":"2021-04-28T22:30:25","slug":"defensa-pide-reclasificar-delito-del-que-se-acusa-a-diputado-huerta","status":"publish","type":"post","link":"https:\/\/dimensionturistica.com\/es\/defensa-pide-reclasificar-delito-del-que-se-acusa-a-diputado-huerta\/","title":{"rendered":"defensa pide reclasificar delito del que se acusa a diputado Huerta"},"content":{"rendered":"<p> <br \/>\n<\/p>\n<div>\n<p>La defensa del joven de 15 a\u00f1os que presuntamente fue v\u00edctima de abuso sexual por parte del diputado de Morena, Benjam\u00edn Sa\u00fal Huerta Corona, inform\u00f3 que pedir\u00e1 a un juez que el delito se reclasifique como violaci\u00f3n.<\/p>\n<p>\u201cEn todo momento se manej\u00f3 que es abuso sexual, pero es mentira, es una violaci\u00f3n\u201d, asegur\u00f3 Cecilia Calder\u00f3n, abogada del adolescente.<\/p>\n<p><em><a rel=\"nofollow noopener\" target=\"_blank\" href=\"https:\/\/www.animalpolitico.com\/2021\/04\/diputado-morena-caso-abuso-sexual-migrante-puebla\/\">Leer m\u00e1s: Migrante poblano revela otro abuso sexual de diputado de Morena; hay varios casos m\u00e1s, advierte activista<\/a><\/em><\/p>\n<blockquote class=\"twitter-tweet\" data-width=\"500\" data-dnt=\"true\">\n<p lang=\"es\" dir=\"ltr\">\u201cEs una violaci\u00f3n, no abuso sexual\u201d <\/p>\n<p>\u2013\u2013 Menor de 15 a\u00f1os ratific\u00f3 su denuncia contra el diputado Benjam\u00edn Sa\u00fal Huerta (Morena). Pide que denuncien m\u00e1s casos <a rel=\"nofollow noopener\" target=\"_blank\" href=\"https:\/\/twitter.com\/hashtag\/enPunto?src=hash&amp;ref_src=twsrc%5Etfw\">#enPunto<\/a> <a rel=\"nofollow noopener\" target=\"_blank\" href=\"https:\/\/t.co\/U7COVNVFmZ\">pic.twitter.com\/U7COVNVFmZ<\/a><\/p>\n<p>\u2014 Denise Maerker (@DeniseMaerker) <a rel=\"nofollow noopener\" target=\"_blank\" href=\"https:\/\/twitter.com\/DeniseMaerker\/status\/1386891827396194304?ref_src=twsrc%5Etfw\">April 27, 2021<\/a><\/p>\n<\/blockquote>\n<p>La familia del joven ratific\u00f3 la denuncia ante la Fiscal\u00eda de Delitos Sexuales y el menor declar\u00f3 que el legislador presuntamente sostuvo relaciones sexuales con \u00e9l cuando se encontraba drogado con una sustancia que le habr\u00eda puesto en una bebida.<\/p>\n<p>La mam\u00e1 del adolescente dijo que la Fiscal\u00eda consider\u00f3 innecesario hacer una prueba gen\u00e9tica al boxer del joven, como lo solicitaban y denunci\u00f3 que a\u00fan no les han dado copia de la carpeta de investigaci\u00f3n.<\/p>\n<p>La familia tambi\u00e9n denunci\u00f3 que han recibido amenazas telef\u00f3nicas para retractarse de denuncia contra Sa\u00fal Huerta.<\/p>\n<p>El joven colaboraba con Huerta Corona porque le hab\u00eda ofrecido un puesto de trabajo en su equipo y porque le prometi\u00f3 que le ayudar\u00eda a costear sus estudios universitarios. El adolescente declar\u00f3 que el d\u00eda de los hechos, el diputado le comparti\u00f3 una bebida que le hizo sentirse mal, y aprovechando esa situaci\u00f3n lo llev\u00f3 a un resort en la Zona Rosa.<\/p>\n<p>Pese a ser detenido en el cuarto de resort,<a rel=\"nofollow noopener\" target=\"_blank\" href=\"https:\/\/www.animalpolitico.com\/2021\/04\/detienen-benjamin-huerta-candidato-morena-abuso-menor\/\"> la Fiscal\u00eda capitalina liber\u00f3 m\u00e1s tarde a Huerta Corona luego de que sus abogados argumentaron que contaba con el fuero constitucional<\/a> por tratarse de un diputado federal.<\/p>\n<p>Otra de las presuntas v\u00edctimas, que actualmente vive en Estados Unidos, tambi\u00e9n present\u00f3 una denuncia contra el legislador.<\/p>\n<p style=\"background: white;vertical-align: baseline;margin: 0cm 0cm 18.75pt 0cm\">Ayer, la Fiscal\u00eda de Justicia de la Ciudad de M\u00e9xico confirm\u00f3 que <a rel=\"nofollow noopener\" target=\"_blank\" href=\"https:\/\/www.animalpolitico.com\/2021\/04\/desafuero-fiscalia-cdmx-diputado-saul-huerta-abuso-sexual\/\">solicitar\u00e1 el desafuero de Sa\u00fal Huerta Corona.<\/a> Por ahora, autoridades capitalinas cuentan con dos denuncias de abuso sexual contra el legislador con licencia.<\/p>\n<p>Con informaci\u00f3n de <em><a rel=\"nofollow noopener\" target=\"_blank\" href=\"https:\/\/noticieros.televisa.com\/ultimas-noticias\/padres-menor-acusan-violacion-saul-huerta-narran-historia-lagrimas\/\">En Punto\/ Noticieros Televisa<\/a><\/em><\/p>\n<div class=\"ap_single_fondea_text\">Lo que hacemos en Animal Pol\u00edtico requiere de periodistas profesionales, trabajo en equipo, mantener di\u00e1logo con los lectores y algo muy importante: independencia. T\u00fa puedes ayudarnos a seguir. S\u00e9 parte del equipo.<br \/>\n<a rel=\"nofollow noopener\" target=\"_blank\" href=\"https:\/\/www.animalpolitico.com\/suscribete\">Suscr\u00edbete a Animal Pol\u00edtico<\/a>, recibe beneficios y apoya el periodismo libre.<\/p>\n<p><span style=\"font-weight: 600!important;\">#YoSoyAnimal<\/span><\/p>\n<\/div>\n<\/div>\n<p><script async src=\"\/\/platform.twitter.com\/widgets.js\" charset=\"utf-8\"><\/script><br \/>\n<br \/><\/p>\n<p><em> &#8221; Fuentes www.animalpolitico.com &#8221; <\/em><\/p>\n","protected":false},"excerpt":{"rendered":"<p>La defensa del joven de 15 a\u00f1os que presuntamente fue v\u00edctima de abuso sexual por parte del diputado de Morena, Benjam\u00edn Sa\u00fal Huerta Corona, inform\u00f3 que pedir\u00e1 a un juez que el delito se reclasifique como violaci\u00f3n. \u201cEn todo momento se manej\u00f3 que es abuso sexual, pero es mentira, es una violaci\u00f3n\u201d, asegur\u00f3 Cecilia Calder\u00f3n, [&hellip;]<\/p>\n","protected":false},"author":4,"featured_media":117514,"comment_status":"open","ping_status":"closed","sticky":false,"template":"","format":"standard","meta":{"om_disable_all_campaigns":false,"jnews-multi-image_gallery":[],"jnews_single_post":[],"jnews_primary_category":[],"jnews_social_meta":[],"footnotes":""},"categories":[40],"tags":[],"class_list":["post-117513","post","type-post","status-publish","format-standard","has-post-thumbnail","hentry","category-industria"],"_links":{"self":[{"href":"https:\/\/dimensionturistica.com\/es\/wp-json\/wp\/v2\/posts\/117513","targetHints":{"allow":["GET"]}}],"collection":[{"href":"https:\/\/dimensionturistica.com\/es\/wp-json\/wp\/v2\/posts"}],"about":[{"href":"https:\/\/dimensionturistica.com\/es\/wp-json\/wp\/v2\/types\/post"}],"author":[{"embeddable":true,"href":"https:\/\/dimensionturistica.com\/es\/wp-json\/wp\/v2\/users\/4"}],"replies":[{"embeddable":true,"href":"https:\/\/dimensionturistica.com\/es\/wp-json\/wp\/v2\/comments?post=117513"}],"version-history":[{"count":0,"href":"https:\/\/dimensionturistica.com\/es\/wp-json\/wp\/v2\/posts\/117513\/revisions"}],"wp:featuredmedia":[{"embeddable":true,"href":"https:\/\/dimensionturistica.com\/es\/wp-json\/wp\/v2\/media\/117514"}],"wp:attachment":[{"href":"https:\/\/dimensionturistica.com\/es\/wp-json\/wp\/v2\/media?parent=117513"}],"wp:term":[{"taxonomy":"category","embeddable":true,"href":"https:\/\/dimensionturistica.com\/es\/wp-json\/wp\/v2\/categories?post=117513"},{"taxonomy":"post_tag","embeddable":true,"href":"https:\/\/dimensionturistica.com\/es\/wp-json\/wp\/v2\/tags?post=117513"}],"curies":[{"name":"wp","href":"https:\/\/api.w.org\/{rel}","templated":true}]}}