{"id":117504,"date":"2021-04-28T22:22:21","date_gmt":"2021-04-28T22:22:21","guid":{"rendered":"https:\/\/dimensionturistica.com\/es\/?p=117504"},"modified":"2021-04-28T22:22:21","modified_gmt":"2021-04-28T22:22:21","slug":"amlo-dice-que-fue-mala-expresion-de-scherer-pedir-callar-a-reporteros","status":"publish","type":"post","link":"https:\/\/dimensionturistica.com\/es\/amlo-dice-que-fue-mala-expresion-de-scherer-pedir-callar-a-reporteros\/","title":{"rendered":"AMLO dice que fue \u2018mala expresi\u00f3n\u2019 de Scherer pedir \u2018callar a reporteros\u2019"},"content":{"rendered":"<p> <br \/>\n<\/p>\n<div>\n<p><span style=\"font-weight: 400\">Andr\u00e9s Manuel L\u00f3pez Obrador etiquet\u00f3 como \u2018frase desafortunada\u2019 el dicho que expres\u00f3 su Consejero Jur\u00eddico, Julio Scherer Ibarra, sobre \u201ctaparle la boca a los reporteros\u201d.<\/span><\/p>\n<p><span style=\"font-weight: 400\">\u201cFue una mala expresi\u00f3n\u201d, justific\u00f3 el presidente, un d\u00eda despu\u00e9s de que Scherer Ibarra dijera en entrevista que se deb\u00eda pedir a los reporteros de la conferencia matutina que no pregunten sobre temas que puediesen violar la veda electoral.<\/span><\/p>\n<p><span style=\"font-weight: 400\">\u201cJulio es muy respetuoso, por partida doble act\u00faa con respeto a los medios porque es un buen servidor p\u00fablico y adem\u00e1s porque es hijo de un comunicador excepcional, de Don Julio Scherer\u201d.<\/span><\/p>\n<p><span style=\"font-weight: 400\">Hay que tener la cabeza fr\u00eda aunque se tenga el coraz\u00f3n caliente, admiti\u00f3 L\u00f3pez Obrador, y se\u00f1al\u00f3 el inicio de la \u00e9poca donde \u2018empiezan los calores\u2019, por lo que es necesario actuar con serenidad.<\/span><\/p>\n<p><em>Lee tambi\u00e9n:\u00a0<a rel=\"nofollow noopener\" target=\"_blank\" href=\"https:\/\/www.animalpolitico.com\/2021\/04\/scherer-pide-callarle-la-boca-a-los-reporteros-para-que-amlo-no-viole-veda-electoral\/\">Scherer pide \u2018callarle la boca a los reporteros\u2019 para que AMLO no viole veda electoral; luego se disculpa<\/a><\/em><\/p>\n<p><span style=\"font-weight: 400\">\u201cJulio me ayuda mucho, es muy buen abogado y muy buen servidor p\u00fablico\u201d, agreg\u00f3.<\/span><\/p>\n<p><span style=\"font-weight: 400\">El pasado martes, Scherer Ibarra admiti\u00f3 que el presidente tiene \u2018un problema\u2019 con hablar de temas que violan la veda, tales como logros del gobierno y partidos pol\u00edticos.<\/span><\/p>\n<p><span style=\"font-weight: 400\">\u201cEstoy totalmente de acuerdo, el presidente tiene un problema, hay que taparle la boca tambi\u00e9n a los reporteros y decirles \u2018por favor no pregunten de eso\u2019\u201d, admiti\u00f3 en entrevista con Carmen Aristegui.<\/span><\/p>\n<p><span style=\"font-weight: 400\">Asegur\u00f3 que preguntar acerca de tales temas podr\u00eda poner en riesgo a L\u00f3pez Obrador de que el Instituto Nacional Electoral (INE) le imponga una multa o lo meta a prisi\u00f3n.<\/span><\/p>\n<p><em>Te puede interesar:\u00a0<a rel=\"nofollow noopener\" target=\"_blank\" href=\"https:\/\/www.animalpolitico.com\/2021\/04\/ine-amlo-conducta-elecciones-conferencia-mananera\/\">INE pide a AMLO \u2018ajustar su conducta\u2019 en conferencias<\/a><\/em><\/p>\n<p><span style=\"font-weight: 400\">Horas despu\u00e9s de la entrevista, el consejero jur\u00eddico de presidencia <\/span><a rel=\"nofollow noopener\" target=\"_blank\" href=\"https:\/\/twitter.com\/JScherer_Ibarra\/status\/1387114101604823042\"><span style=\"font-weight: 400\">se disculp\u00f3 a trav\u00e9s de redes sociales<\/span><\/a><span style=\"font-weight: 400\">, diciendo que su \u2018frase coloquial\u2019 se confundi\u00f3 con un \u2018llamado a la censura\u2019.<\/span><\/p>\n<p><span style=\"font-weight: 400\">\u201cLamento que una frase coloquial que expres\u00e9 esta ma\u00f1ana, se confunda con un llamado a la censura. Nada m\u00e1s alejado de mis convicciones que eso. Mi respeto incondicional a los periodistas es absoluto\u201d, escribi\u00f3.<\/span><\/p>\n<p><span style=\"font-weight: 400\">Despu\u00e9s de que el 16 de marzo Andr\u00e9s Manuel L\u00f3pez Obrador hiciera declaraciones sobre la contienda electoral, la Comisi\u00f3n de Quejas y Denuncias del INE le pidi\u00f3 que se abstuviera de hablar sobre logros de gobierno, y de emitir informaci\u00f3n que pudiese \u201cincidir en las preferencias electorales de la ciudadan\u00eda\u201d.<\/span><\/p>\n<p><span style=\"font-weight: 400\">Adem\u00e1s, el pasado 23 de marzo se le pidi\u00f3 que \u201cajustara su conducta\u201d y no hablara de temas electorales durante sus conferencias ma\u00f1aneras, o de lo contrario podr\u00eda ser acreedor de una amonestaci\u00f3n.<\/span><\/p>\n<div class=\"ap_single_fondea_text\">Lo que hacemos en Animal Pol\u00edtico requiere de periodistas profesionales, trabajo en equipo, mantener di\u00e1logo con los lectores y algo muy importante: independencia. T\u00fa puedes ayudarnos a seguir. S\u00e9 parte del equipo.<br \/>\n<a rel=\"nofollow noopener\" target=\"_blank\" href=\"https:\/\/www.animalpolitico.com\/suscribete\">Suscr\u00edbete a Animal Pol\u00edtico<\/a>, recibe beneficios y apoya el periodismo libre.<\/p>\n<p><span style=\"font-weight: 600!important;\">#YoSoyAnimal<\/span><\/p>\n<\/div>\n<\/div>\n<p><script async src=\"\/\/platform.twitter.com\/widgets.js\" charset=\"utf-8\"><\/script><br \/>\n<br \/><\/p>\n<p><em> &#8221; Fuentes www.animalpolitico.com &#8221; <\/em><\/p>\n","protected":false},"excerpt":{"rendered":"<p>Andr\u00e9s Manuel L\u00f3pez Obrador etiquet\u00f3 como \u2018frase desafortunada\u2019 el dicho que expres\u00f3 su Consejero Jur\u00eddico, Julio Scherer Ibarra, sobre \u201ctaparle la boca a los reporteros\u201d. \u201cFue una mala expresi\u00f3n\u201d, justific\u00f3 el presidente, un d\u00eda despu\u00e9s de que Scherer Ibarra dijera en entrevista que se deb\u00eda pedir a los reporteros de la conferencia matutina que no [&hellip;]<\/p>\n","protected":false},"author":4,"featured_media":117505,"comment_status":"open","ping_status":"closed","sticky":false,"template":"","format":"standard","meta":{"om_disable_all_campaigns":false,"jnews-multi-image_gallery":[],"jnews_single_post":[],"jnews_primary_category":[],"jnews_social_meta":[],"footnotes":""},"categories":[40],"tags":[],"class_list":["post-117504","post","type-post","status-publish","format-standard","has-post-thumbnail","hentry","category-industria"],"_links":{"self":[{"href":"https:\/\/dimensionturistica.com\/es\/wp-json\/wp\/v2\/posts\/117504","targetHints":{"allow":["GET"]}}],"collection":[{"href":"https:\/\/dimensionturistica.com\/es\/wp-json\/wp\/v2\/posts"}],"about":[{"href":"https:\/\/dimensionturistica.com\/es\/wp-json\/wp\/v2\/types\/post"}],"author":[{"embeddable":true,"href":"https:\/\/dimensionturistica.com\/es\/wp-json\/wp\/v2\/users\/4"}],"replies":[{"embeddable":true,"href":"https:\/\/dimensionturistica.com\/es\/wp-json\/wp\/v2\/comments?post=117504"}],"version-history":[{"count":0,"href":"https:\/\/dimensionturistica.com\/es\/wp-json\/wp\/v2\/posts\/117504\/revisions"}],"wp:featuredmedia":[{"embeddable":true,"href":"https:\/\/dimensionturistica.com\/es\/wp-json\/wp\/v2\/media\/117505"}],"wp:attachment":[{"href":"https:\/\/dimensionturistica.com\/es\/wp-json\/wp\/v2\/media?parent=117504"}],"wp:term":[{"taxonomy":"category","embeddable":true,"href":"https:\/\/dimensionturistica.com\/es\/wp-json\/wp\/v2\/categories?post=117504"},{"taxonomy":"post_tag","embeddable":true,"href":"https:\/\/dimensionturistica.com\/es\/wp-json\/wp\/v2\/tags?post=117504"}],"curies":[{"name":"wp","href":"https:\/\/api.w.org\/{rel}","templated":true}]}}