{"id":117444,"date":"2021-04-28T21:27:53","date_gmt":"2021-04-28T21:27:53","guid":{"rendered":"https:\/\/dimensionturistica.com\/es\/?p=117444"},"modified":"2021-04-28T21:27:53","modified_gmt":"2021-04-28T21:27:53","slug":"la-jornada-lanza-eu-acciones-contra-traficantes-de-personas-en-medio-del-alud-migratorio","status":"publish","type":"post","link":"https:\/\/dimensionturistica.com\/es\/la-jornada-lanza-eu-acciones-contra-traficantes-de-personas-en-medio-del-alud-migratorio\/","title":{"rendered":"La Jornada &#8211; Lanza EU acciones contra traficantes de personas en medio del alud migratorio"},"content":{"rendered":"<p> <br \/>\n<\/p>\n<div id=\"article-content-tts\">\n<div id=\"content_nitf\">\n<p>Los \u00c1ngeles., Estados Unidos est\u00e1 lanzando una operaci\u00f3n para identificar y actuar contra los traficantes de personas, dijo el martes el Departamento de Seguridad Nacional, en un momento en que el gobierno de Joe Biden lucha con un n\u00famero r\u00e9cord de migrantes que llegan a la frontera sur del pa\u00eds.<\/p>\n<p>El secretario del departamento, Alejandro Mayorkas, dijo en un comunicado que la Operaci\u00f3n Centinela buscar\u00e1 bloquear la capacidad de los contrabandistas de participar en \u201cviajes, comercio y finanzas\u201d en Estados Unidos.<\/p>\n<p>La operaci\u00f3n tendr\u00e1 el objetivo de identificar a los traficantes y actuar contra sus actividades mediante la revocaci\u00f3n de documentos de viaje, la suspensi\u00f3n de entidades comerciales y la congelaci\u00f3n de activos financieros, precis\u00f3 el \u00addepartamento.<\/p>\n<p>Asimismo, indic\u00f3 que los contrabandistas \u201crepresentan peligros importantes para los migrantes\u201d, y se\u00f1al\u00f3 que los agentes de la Patrulla Fronteriza encontraron los cuerpos de 250 migrantes que murieron en camino a Estados Unidos en 2020.<\/p>\n<p>Migrantes procedentes de Am\u00e9rica Central y otros lugares recurren a menudo a traficantes para viajar a la frontera y son propensos a la extorsi\u00f3n, el secuestro y otras formas de violencia.<\/p>\n<p>Unas 168 mil personas fueron detenidas por agentes de la Patrulla Fronteriza estadunidense en la frontera con M\u00e9xico en marzo, el recuento mensual m\u00e1s alto desde marzo de 2001.<\/p>\n<\/div>\n<\/div>\n<p><script>\n      !function(f,b,e,v,n,t,s)\n      {if(f.fbq)return;n=f.fbq=function(){n.callMethod?\n      n.callMethod.apply(n,arguments):n.queue.push(arguments)};\n      if(!f._fbq)f._fbq=n;n.push=n;n.loaded=!0;n.version='2.0';\n      n.queue=[];t=b.createElement(e);t.async=!0;\n      t.src=v;s=b.getElementsByTagName(e)[0];\n      s.parentNode.insertBefore(t,s)}(window, document,'script',\n      'https:\/\/connect.facebook.net\/en_US\/fbevents.js');\n      fbq('init', '133913093805922');\n      fbq('track', 'PageView');\n      fbq('track', 'Contact');\n      fbq('track', 'Donate');\n      fbq('track', 'FindLocation');\n      fbq('track', 'Lead');\n      fbq('track', 'Search');\n      fbq('track', 'Subscribe', {value: '0.00', currency: 'MXN', predicted_ltv: '0.00'});\n      fbq('track', 'ViewContent');\n    <\/script><script type=\"text\/javascript\">(function(d, s, id) {\n\t  var js, fjs = d.getElementsByTagName(s)[0];\n\t  if (d.getElementById(id)) return;\n\t  js = d.createElement(s); js.id = id;\n\t  js.src = \"https:\/\/connect.facebook.net\/es_LA\/sdk.js#xfbml=1&version=v3.3&appId=774389309362880\";\n\t  fjs.parentNode.insertBefore(js, fjs);\n\t}(document, 'script', 'facebook-jssdk'));<\/script><br \/>\n<br \/><\/p>\n<p><em> &#8221; Fuentes www.jornada.com.mx &#8221; <\/em><\/p>\n","protected":false},"excerpt":{"rendered":"<p>Los \u00c1ngeles., Estados Unidos est\u00e1 lanzando una operaci\u00f3n para identificar y actuar contra los traficantes de personas, dijo el martes el Departamento de Seguridad Nacional, en un momento en que el gobierno de Joe Biden lucha con un n\u00famero r\u00e9cord de migrantes que llegan a la frontera sur del pa\u00eds. El secretario del departamento, Alejandro [&hellip;]<\/p>\n","protected":false},"author":4,"featured_media":0,"comment_status":"open","ping_status":"closed","sticky":false,"template":"","format":"standard","meta":{"om_disable_all_campaigns":false,"jnews-multi-image_gallery":[],"jnews_single_post":[],"jnews_primary_category":[],"jnews_social_meta":[],"footnotes":""},"categories":[40],"tags":[],"class_list":["post-117444","post","type-post","status-publish","format-standard","hentry","category-industria"],"_links":{"self":[{"href":"https:\/\/dimensionturistica.com\/es\/wp-json\/wp\/v2\/posts\/117444","targetHints":{"allow":["GET"]}}],"collection":[{"href":"https:\/\/dimensionturistica.com\/es\/wp-json\/wp\/v2\/posts"}],"about":[{"href":"https:\/\/dimensionturistica.com\/es\/wp-json\/wp\/v2\/types\/post"}],"author":[{"embeddable":true,"href":"https:\/\/dimensionturistica.com\/es\/wp-json\/wp\/v2\/users\/4"}],"replies":[{"embeddable":true,"href":"https:\/\/dimensionturistica.com\/es\/wp-json\/wp\/v2\/comments?post=117444"}],"version-history":[{"count":0,"href":"https:\/\/dimensionturistica.com\/es\/wp-json\/wp\/v2\/posts\/117444\/revisions"}],"wp:attachment":[{"href":"https:\/\/dimensionturistica.com\/es\/wp-json\/wp\/v2\/media?parent=117444"}],"wp:term":[{"taxonomy":"category","embeddable":true,"href":"https:\/\/dimensionturistica.com\/es\/wp-json\/wp\/v2\/categories?post=117444"},{"taxonomy":"post_tag","embeddable":true,"href":"https:\/\/dimensionturistica.com\/es\/wp-json\/wp\/v2\/tags?post=117444"}],"curies":[{"name":"wp","href":"https:\/\/api.w.org\/{rel}","templated":true}]}}