{"id":117331,"date":"2021-04-28T19:49:24","date_gmt":"2021-04-28T19:49:24","guid":{"rendered":"https:\/\/dimensionturistica.com\/es\/?p=117331"},"modified":"2021-04-28T19:49:24","modified_gmt":"2021-04-28T19:49:24","slug":"la-f1-sustituye-su-gran-premio-de-canada-por-el-de-turquia-por-la-pandemia","status":"publish","type":"post","link":"https:\/\/dimensionturistica.com\/es\/la-f1-sustituye-su-gran-premio-de-canada-por-el-de-turquia-por-la-pandemia\/","title":{"rendered":"La F1 sustituye su Gran Premio de Canad\u00e1 por el de Turqu\u00eda por la pandemia"},"content":{"rendered":"<p> <br \/>\n<\/p>\n<div>\n<p class=\"paragraph\">El Gran Premio de Canad\u00e1 de F\u00f3rmula 1, previsto para el 13 de junio, fue cancelado este mi\u00e9rcoles por segundo a\u00f1o consecutivo debido a la pandemia de corononavirus y ser\u00e1 sustituido por otra prueba en Turqu\u00eda.<\/p>\n<p class=\"paragraph\">&#8220;Debido a las medidas sanitarias puestas en marcha para luchar contra la Covid-19, el Gran Premio de Canad\u00e1 ha sido cancelado por segundo a\u00f1o consecutivo&#8221;, dijeron autoridades canadienses en un comunicado.<\/p>\n<p class=\"paragraph\">El GP de Canad\u00e1 volver\u00e1 al circuito urbano Gilles-Villeneuve de Montreal el a\u00f1o pr\u00f3ximo, seg\u00fan las autoridades de la provincia de Quebec, que anunciaron un acuerdo para albergar esta carrera hasta 2031.<\/p>\n<p><span data-error=\"No dfp-path found.\"\/><\/p>\n<p class=\"paragraph\">Los organizadores del campeonato de la F\u00f3rmula 1 confirmaron, por su parte, que debido a las restricciones de viaje internacionales vigentes en Canad\u00e1 resultaba imposible que cualquier persona relacionada con la carrera entrara en el pa\u00eds sin una cuarentena obligatoria de 14 d\u00edas.<\/p>\n<p class=\"paragraph\">El lugar de esta prueba en el calendario de F\u00f3rmula 1, agregaron los organizadores, lo ocupar\u00e1 el Gran Premio de Turqu\u00eda, que se celebrar\u00e1 del 11 al 13 de junio.<\/p>\n<p class=\"paragraph\">&#8220;Quiero agradecer al promotor y a las autoridades de Canad\u00e1 por todos los esfuerzos realizados en las \u00faltimas semanas, pero el estado de los viajes hizo imposible nuestros planes&#8221;, dijo el patr\u00f3n de la F\u00f3rmula 1, Stefano Domenicali, en un breve comunicado<\/p>\n<p><span data-error=\"No dfp-path found.\"\/><\/p>\n<p class=\"paragraph\">&#8220;Tambi\u00e9n quiero agradecer al promotor y a las autoridades de Turqu\u00eda su continua disposici\u00f3n a acoger una carrera de F\u00f3rmula 1&#8221;, agreg\u00f3.<\/p>\n<p class=\"paragraph\">La decisi\u00f3n pone fin a varias semanas de incertidumbre sobre la viabilidad de la llegada de varios cientos de personas del extranjero al &#8216;paddock&#8217; de la F\u00f3rmula 1 en Canad\u00e1.<\/p>\n<p><span data-error=\"No dfp-path found.\"\/><\/p>\n<p class=\"paragraph\">Las autoridades quebequenses y canadienses hab\u00edan mantenido varias conversaciones sobre la posibilidad de celebrar el evento a puerta cerrada o de levantar la cuarentena obligatoria para los visitantes.<\/p>\n<p class=\"paragraph\">La provincia de Quebec, de la cual Montreal es su ciudad m\u00e1s poblada, es una de las m\u00e1s afectadas por la pandemia de covid-19.<\/p>\n<p><span data-error=\"No dfp-path found.\"\/><\/p>\n<p class=\"paragraph\">&#8211; Programa de 23 carreras &#8211;<\/p>\n<p class=\"paragraph\">El Gran Premio de Turqu\u00eda, que se celebrar\u00e1 en el circuito de Estambul, ya fue incorporado al calendario de F\u00f3rmula 1 en 2020 y fue el escenario en el que el brit\u00e1nico Lewis Hamilton se proclam\u00f3 campe\u00f3n de la F\u00f3rmula 1 por s\u00e9ptima ocasi\u00f3n, igualando el r\u00e9cord de Michael Schumacher.<\/p>\n<p><span data-error=\"No dfp-path found.\"\/><\/p>\n<p class=\"paragraph\">Anteriormente, la prueba fue una parada common de la competici\u00f3n desde 2005 hasta 2011.<\/p>\n<p class=\"paragraph\">Dado que la F1 se encontrar\u00e1 en Bak\u00fa para el GP de Azerbaiy\u00e1n el 6 de junio, Turqu\u00eda ofrec\u00eda ventajas log\u00edsticas frente a Alemania, que tambi\u00e9n fue considerada como alternativa a Canad\u00e1.<\/p>\n<p><span data-error=\"No dfp-path found.\"\/><\/p>\n<p class=\"paragraph\">Oficialmente, la F1 sigue planeando celebrar una cifra r\u00e9cord de 23 Grandes Premios esta temporada pese al desafiante contexto sanitario que impone la pandemia.<\/p>\n<p class=\"paragraph\">En 2020, la temporada se tuvo que reducir a 17 carreras de las 22 programadas.<\/p>\n<p class=\"paragraph\">La temporada precise comenz\u00f3 en Bahr\u00e9in el 28 de marzo, una semana despu\u00e9s de la primera prueba prevista, el Gran Premio de Australia, que se aplaz\u00f3 hasta el 21 de noviembre.<\/p>\n<p class=\"paragraph\">Tras las dos primeras carreras, Hamilton (Mercedes) lidera la clasificaci\u00f3n con un solo punto de ventaja sobre el holand\u00e9s Max Verstappen (Crimson Bull).<\/p>\n<p class=\"paragraph\">ast-ole\/clv\/gbv\/ol<\/p>\n<\/div>\n<p><script defer=\"\">!function(f,b,e,v,n,t,s) {if(f.fbq)return;n=f.fbq=function(){n.callMethod? n.callMethod.apply(n,arguments):n.queue.push(arguments)}; if(!f._fbq)f._fbq=n;n.push=n;n.loaded=!0;n.version='2.0'; n.queue=[];t=b.createElement(e);t.async=!0; t.src=v;s=b.getElementsByTagName(e)[0]; s.parentNode.insertBefore(t,s)}(window, document,'script', 'https:\/\/connect.facebook.net\/en_US\/fbevents.js'); fbq('init', '336383993555320'); fbq('track', 'PageView'); fbq('track', 'ViewContent');<\/script><br \/>\n<br \/><\/p>\n<p><em> &#8221; Fuentes www.infobae.com &#8221; <\/em><\/p>\n","protected":false},"excerpt":{"rendered":"<p>El Gran Premio de Canad\u00e1 de F\u00f3rmula 1, previsto para el 13 de junio, fue cancelado este mi\u00e9rcoles por segundo a\u00f1o consecutivo debido a la pandemia de corononavirus y ser\u00e1 sustituido por otra prueba en Turqu\u00eda. &#8220;Debido a las medidas sanitarias puestas en marcha para luchar contra la Covid-19, el Gran Premio de Canad\u00e1 ha [&hellip;]<\/p>\n","protected":false},"author":4,"featured_media":116839,"comment_status":"open","ping_status":"closed","sticky":false,"template":"","format":"standard","meta":{"om_disable_all_campaigns":false,"jnews-multi-image_gallery":[],"jnews_single_post":[],"jnews_primary_category":[],"jnews_social_meta":[],"footnotes":""},"categories":[40],"tags":[],"class_list":["post-117331","post","type-post","status-publish","format-standard","has-post-thumbnail","hentry","category-industria"],"_links":{"self":[{"href":"https:\/\/dimensionturistica.com\/es\/wp-json\/wp\/v2\/posts\/117331","targetHints":{"allow":["GET"]}}],"collection":[{"href":"https:\/\/dimensionturistica.com\/es\/wp-json\/wp\/v2\/posts"}],"about":[{"href":"https:\/\/dimensionturistica.com\/es\/wp-json\/wp\/v2\/types\/post"}],"author":[{"embeddable":true,"href":"https:\/\/dimensionturistica.com\/es\/wp-json\/wp\/v2\/users\/4"}],"replies":[{"embeddable":true,"href":"https:\/\/dimensionturistica.com\/es\/wp-json\/wp\/v2\/comments?post=117331"}],"version-history":[{"count":0,"href":"https:\/\/dimensionturistica.com\/es\/wp-json\/wp\/v2\/posts\/117331\/revisions"}],"wp:featuredmedia":[{"embeddable":true,"href":"https:\/\/dimensionturistica.com\/es\/wp-json\/wp\/v2\/media\/116839"}],"wp:attachment":[{"href":"https:\/\/dimensionturistica.com\/es\/wp-json\/wp\/v2\/media?parent=117331"}],"wp:term":[{"taxonomy":"category","embeddable":true,"href":"https:\/\/dimensionturistica.com\/es\/wp-json\/wp\/v2\/categories?post=117331"},{"taxonomy":"post_tag","embeddable":true,"href":"https:\/\/dimensionturistica.com\/es\/wp-json\/wp\/v2\/tags?post=117331"}],"curies":[{"name":"wp","href":"https:\/\/api.w.org\/{rel}","templated":true}]}}