{"id":117323,"date":"2021-04-28T19:41:05","date_gmt":"2021-04-28T19:41:05","guid":{"rendered":"https:\/\/dimensionturistica.com\/es\/?p=117323"},"modified":"2021-04-28T19:41:05","modified_gmt":"2021-04-28T19:41:05","slug":"agencias-de-viaje-perdieron-60-de-sus-trabajadores-metro","status":"publish","type":"post","link":"https:\/\/dimensionturistica.com\/es\/agencias-de-viaje-perdieron-60-de-sus-trabajadores-metro\/","title":{"rendered":"Agencias de viaje perdieron 60% de sus trabajadores: Metro"},"content":{"rendered":"<p> <br \/>\n<\/p>\n<div id=\"\">\n<p>En el \u00faltimo a\u00f1o agencias de viaje han cerrado y otras suspendieron de forma temporal sus actividades, entre ambos casos se perdieron 60% de los trabajadores, afirm\u00f3 <strong><a rel=\"nofollow noopener\" target=\"_blank\" href=\"https:\/\/www.metropolitana.org.mx\/\">Jos\u00e9 Luis Medina, presidente de la Asociaci\u00f3n Metropolitana de Agencias de Viajes<\/a><\/strong>\u00a0(Metro).<\/p>\n<p>En un evento previo al inicio de su Cuarta Asamblea de Promoci\u00f3n Tur\u00edstica, Medina expuso que la Metro como integrante de la Grupo Mexicano de Asociaciones de Agencias de Viajes y Empresas Tur\u00edsticas (GMA) realizaron varias encuestas que les arroj\u00f3 informaci\u00f3n relevante.<\/p>\n<p>Detall\u00f3 que detectaron cierre de agencias de viaje y por ende perdieron trabajadores. Les result\u00f3 complicado saber cu\u00e1ntas \u201cbajaron la cortina\u201d permanentemente y cu\u00e1ntas temporal, otras esperan retomar fuerza y volver.<\/p>\n<p>Los n\u00fameros que registraron fue que 15% de las agencias est\u00e1n inoperantes, pero no saben si de forma definitiva o temporal.<\/p>\n<div class=\"wp-block-image\">\n<figure class=\"aligncenter size-large is-resized\"><img decoding=\"async\" loading=\"lazy\" alt=\"metro\" class=\"wp-image-53526 lazyload\" width=\"533\" height=\"298\" src=\"https:\/\/periodicoviaje.com\/wp-content\/uploads\/2021\/04\/4-21-metro1.jpg\"\/><figcaption>Jos\u00e9 Luis Medina, presidente de la METRO.<\/figcaption><\/figure>\n<\/div>\n<p>Lo \u201cm\u00e1s grave\u201d, consider\u00f3 Medina, fue que entre 55 a 60% de la fuerza laboral de las agencias de viaje se perdi\u00f3.<\/p>\n<p>\u201cLas agencias han tenido que reducirse a su m\u00ednima expresi\u00f3n, esto nos ha llevado a quedarnos con agencias de un solo hombre; por ejemplo, pasaron de 50 a 10 trabajadores, o de 30 a 5, eso es lo m\u00e1s grave\u201d, coment\u00f3.<\/p>\n<p>S\u00f3lo de los socios de la Metro, entre 20 a 25 % de ellos est\u00e1n inhabilitados de poder pagar una cuota o seguir con una membres\u00eda.<\/p>\n<p>En la cuarta asamblea presentaron el plan de acci\u00f3n de corto, mediano y largo plazo de los Comit\u00e9s de Responsabilidad Social y Capacitaci\u00f3n; contribuir\u00e1n a la concientizaci\u00f3n de las acciones y desiciones que da\u00f1an o afectan el entorno. <\/p>\n<p>Como invitados especiales participaron Jaime Salazar, presidente del Consejo Mexicano de la Industria de Reuniones (Comir), y Josu\u00e9 Meza, Supervisor Business Relationship Americas-Discipline Places of work IATA.<\/p>\n<p><strong><a rel=\"nofollow noopener\" target=\"_blank\" href=\"https:\/\/periodicoviaje.com\/industria\/aerolineas\/aeromexico-elimina-equipaje-de-mano-en-tarifa-economica\/\">Tambi\u00e9n te puede interesar leer:<\/a><\/strong><\/p>\n<figure class=\"wp-block-embed is-type-wp-embed is-provider-periodico-viaje wp-block-embed-periodico-viaje\"\/>\n<style><![CDATA[#wpdevar_comment_1 span,#wpdevar_comment_1 iframe{width:100% !important;}]]><\/style>\n<\/p><\/div>\n<p><script>(function(d, s, id) {\n          var js, fjs = d.getElementsByTagName(s)[0];\n          if (d.getElementById(id)) return;\n          js = d.createElement(s); js.id = id;\n          js.src = \"https:\/\/connect.facebook.net\/es_ES\/sdk.js#xfbml=1&appId=336516854042462&version=v2.3\";\n          fjs.parentNode.insertBefore(js, fjs);\n        }(document, 'script', 'facebook-jssdk'));<\/script><br \/>\n<br \/><\/p>\n<p><em> &#8221; Fuentes periodicoviaje.com &#8221; <\/em><\/p>\n","protected":false},"excerpt":{"rendered":"<p>En el \u00faltimo a\u00f1o agencias de viaje han cerrado y otras suspendieron de forma temporal sus actividades, entre ambos casos se perdieron 60% de los trabajadores, afirm\u00f3 Jos\u00e9 Luis Medina, presidente de la Asociaci\u00f3n Metropolitana de Agencias de Viajes\u00a0(Metro). En un evento previo al inicio de su Cuarta Asamblea de Promoci\u00f3n Tur\u00edstica, Medina expuso que [&hellip;]<\/p>\n","protected":false},"author":4,"featured_media":117324,"comment_status":"open","ping_status":"closed","sticky":false,"template":"","format":"standard","meta":{"om_disable_all_campaigns":false,"jnews-multi-image_gallery":[],"jnews_single_post":[],"jnews_primary_category":[],"jnews_social_meta":[],"footnotes":""},"categories":[40],"tags":[],"class_list":["post-117323","post","type-post","status-publish","format-standard","has-post-thumbnail","hentry","category-industria"],"_links":{"self":[{"href":"https:\/\/dimensionturistica.com\/es\/wp-json\/wp\/v2\/posts\/117323","targetHints":{"allow":["GET"]}}],"collection":[{"href":"https:\/\/dimensionturistica.com\/es\/wp-json\/wp\/v2\/posts"}],"about":[{"href":"https:\/\/dimensionturistica.com\/es\/wp-json\/wp\/v2\/types\/post"}],"author":[{"embeddable":true,"href":"https:\/\/dimensionturistica.com\/es\/wp-json\/wp\/v2\/users\/4"}],"replies":[{"embeddable":true,"href":"https:\/\/dimensionturistica.com\/es\/wp-json\/wp\/v2\/comments?post=117323"}],"version-history":[{"count":0,"href":"https:\/\/dimensionturistica.com\/es\/wp-json\/wp\/v2\/posts\/117323\/revisions"}],"wp:featuredmedia":[{"embeddable":true,"href":"https:\/\/dimensionturistica.com\/es\/wp-json\/wp\/v2\/media\/117324"}],"wp:attachment":[{"href":"https:\/\/dimensionturistica.com\/es\/wp-json\/wp\/v2\/media?parent=117323"}],"wp:term":[{"taxonomy":"category","embeddable":true,"href":"https:\/\/dimensionturistica.com\/es\/wp-json\/wp\/v2\/categories?post=117323"},{"taxonomy":"post_tag","embeddable":true,"href":"https:\/\/dimensionturistica.com\/es\/wp-json\/wp\/v2\/tags?post=117323"}],"curies":[{"name":"wp","href":"https:\/\/api.w.org\/{rel}","templated":true}]}}