{"id":117281,"date":"2021-04-28T19:05:07","date_gmt":"2021-04-28T19:05:07","guid":{"rendered":"https:\/\/dimensionturistica.com\/es\/?p=117281"},"modified":"2021-04-28T19:05:07","modified_gmt":"2021-04-28T19:05:07","slug":"sanidad-establece-la-cuarentena-obligatoria-para-los-vuelos-procedentes-de-india","status":"publish","type":"post","link":"https:\/\/dimensionturistica.com\/es\/sanidad-establece-la-cuarentena-obligatoria-para-los-vuelos-procedentes-de-india\/","title":{"rendered":"Sanidad establece la cuarentena obligatoria para los vuelos procedentes de India"},"content":{"rendered":"<p> <br \/>\n<\/p>\n<div>\n<div class=\"column two-third colDrch\" style=\"width:100%;\">\n<p>\t\t\t\t<!-- COL DRCH --><\/p>\n<p>\t\t\t\t<!-- END COL DRCH --><\/p>\n<p>DIARIOFARMA\u00a0\u00a0| \u00a0 \u00a028.04.2021 &#8211; 10:34<\/p>\n<p>La cuarentena a \u00a0los vuelos procedentes de <a rel=\"nofollow noopener\" target=\"_blank\" href=\"https:\/\/www.diariofarma.com\/tag\/india?utm_source=diariofarma&amp;utm_medium=web&amp;utm_campaign=smartlink\">India<\/a> entrar\u00e1 en vigor el 1 de mayo, \u00a0seg\u00fan la orden del <a rel=\"nofollow noopener\" target=\"_blank\" href=\"https:\/\/www.diariofarma.com\/ministerio-de-sanidad?utm_source=diariofarma&amp;utm_medium=web&amp;utm_campaign=smartlink\">Ministerio de Sanidad<\/a> que hoy mi\u00e9rcoles publica el <a rel=\"nofollow noopener\" target=\"_blank\" href=\"http:\/\/www.boe.es\/?utm_source=diariofarma&amp;utm_medium=web&amp;utm_campaign=smartlink\">BOE<\/a>. El periodo de vigencia es de 14 d\u00edas naturales, que pueden ser prorrogados.<\/p>\n<p>Seg\u00fan indica la Orden Ministerial, los viajeros deber\u00e1n guardar cuarentena durante los diez d\u00edas siguientes a su llegada, o durante toda su estancia en Espa\u00f1a si esta fuera inferior a ese plazo. Este periodo podr\u00e1 finalizar con anterioridad, si al s\u00e9ptimo d\u00eda a la persona se le realiza una prueba diagn\u00f3stica de <a rel=\"nofollow noopener\" target=\"_blank\" href=\"https:\/\/www.diariofarma.com\/tag\/infeccion?utm_source=diariofarma&amp;utm_medium=web&amp;utm_campaign=smartlink\">infecci\u00f3n<\/a> aguda con resultado negativo.\u00a0<\/p>\n<p>Las pruebas admitidas ser\u00e1n la RT-PCR u otras pruebas basadas en t\u00e9cnicas moleculares equivalentes, as\u00ed como los check de ant\u00edgenos que tengan un rendimiento m\u00ednimo \u2265 90 % de sensibilidad y \u2265 97 % de especificidad.\u00a0<\/p>\n<p>Durante el periodo de cuarentena las personas a que se refiere el apartado anterior deber\u00e1n permanecer en su domicilio o alojamiento, debiendo limitar sus desplazamientos, as\u00ed como los accesos de terceras personas al domicilio o alojamiento, a los imprescindibles (adquisici\u00f3n de alimentos, productos farmac\u00e9uticos y de primera necesidad; asistencia a centros, servicios y establecimientos sanitarios; o por causas de fuerza mayor o situaci\u00f3n de necesidad).\u00a0<\/p>\n<p>Tanto en sus desplazamientos como en su contacto con convivientes y con quienes les proporcionen los bienes o servicios indispensables para garantizar su alimentaci\u00f3n, limpieza y en su caso cuidados sanitarios, se deber\u00e1n observar todas las medidas de higiene y <a rel=\"nofollow noopener\" target=\"_blank\" href=\"https:\/\/www.diariofarma.com\/tag\/prevencion?utm_source=diariofarma&amp;utm_medium=web&amp;utm_campaign=smartlink\">prevenci\u00f3n<\/a> de la transmisi\u00f3n de la enfermedad provocada por el <a rel=\"nofollow noopener\" target=\"_blank\" href=\"https:\/\/www.diariofarma.com\/tag\/covid-19?utm_source=diariofarma&amp;utm_medium=web&amp;utm_campaign=smartlink\">covid-19<\/a>.\u00a0<\/p>\n<p>\u00a0Las autoridades sanitarias podr\u00e1n contactar con las personas en cuarentena para realizar su seguimiento. Asimismo, las Fuerzas y Cuerpos de <a rel=\"nofollow noopener\" target=\"_blank\" href=\"https:\/\/www.diariofarma.com\/tag\/seguridad?utm_source=diariofarma&amp;utm_medium=web&amp;utm_campaign=smartlink\">Seguridad<\/a> podr\u00e1n realizar en cualquier momento las comprobaciones oportunas sobre el cumplimiento de las condiciones de cuarentena establecidas en esta orden. Ante cualquier sospecha de s\u00edntomas de covid-19, las personas en cuarentena deber\u00e1n contactar por tel\u00e9fono con los servicios sanitarios mediante los n\u00fameros habilitados por las comunidades aut\u00f3nomas, indicando que se encuentran en cuarentena en aplicaci\u00f3n de esta Orden.\u00a0<\/p>\n<p>Las agencias de viaje, los operadores de turismo y compa\u00f1\u00edas de trasporte deber\u00e1n informar a los viajeros de estas medidas al inicio del proceso de venta de los billetes con destino en el territorio espa\u00f1ol. Queda exceptuado de lo previsto en esta Orden el private aeron\u00e1utico necesario para llevar a cabo las actividades de transporte a\u00e9reo.\u00a0<\/p>\n<div class=\"advads-despues-del-contenido_2 advads-target\" id=\"advads-1142301920\" data-advadstrackid=\"51934\" data-advadstrackbid=\"1\" data-advadsredirect=\"\">\n<p>\u00a0<\/p>\n<hr\/>\n<h3><strong>S\u00edguenos en redes sociales<\/strong><\/h3>\n<\/div>\n<div class=\"advads-fin-noticia\" id=\"advads-1237698846\">\n<p><img decoding=\"async\" loading=\"lazy\" class=\"alignleft size-full wp-image-27946\" src=\"https:\/\/2opfle1yeg2f3zqyqbpfbx76-wpengine.netdna-ssl.com\/wp-content\/uploads\/2016\/10\/Linea-gris-1200.jpg\" alt=\"lineagris-494\" width=\"680\" height=\"1\"\/><\/p>\n<\/div>\n<div class=\"ubm_banner banner_border\"><a rel=\"nofollow noopener\" target=\"_blank\" href=\"https:\/\/www.diariofarma.com?&amp;utm_source=portadabajo_noticia\"><img decoding=\"async\" src=\"https:\/\/2opfle1yeg2f3zqyqbpfbx76-wpengine.netdna-ssl.com\/wp-content\/uploads\/useful_banner_manager_banners\/15-blanco.jpg\" width=\"680\" height=\"87\" alt=\"\"\/><\/a><\/div><\/div><\/div>\n<p><script>(function(d, s, id) {\n\tvar js, fjs = d.getElementsByTagName(s)[0];\n\tif (d.getElementById(id)) return;\n\tjs = d.createElement(s); js.id = id;\n\tjs.src = \"https:\/\/connect.facebook.net\/en_US\/all.js#xfbml=1\";\n\tfjs.parentNode.insertBefore(js, fjs);\n\t}(document, 'script', 'facebook-jssdk'));<\/script><script>(function(d, s, id) {\n\tvar js, fjs = d.getElementsByTagName(s)[0];\n\tif (d.getElementById(id)) return;\n\tjs = d.createElement(s); js.id = id;\n\tjs.src = \"https:\/\/connect.facebook.net\/en_US\/all.js#xfbml=1\";\n\tfjs.parentNode.insertBefore(js, fjs);\n\t}(document, 'script', 'facebook-jssdk'));<\/script><br \/>\n<br \/><\/p>\n<p><em> &#8221; Fuentes www.diariofarma.com &#8221; <\/em><\/p>\n","protected":false},"excerpt":{"rendered":"<p>DIARIOFARMA\u00a0\u00a0| \u00a0 \u00a028.04.2021 &#8211; 10:34 La cuarentena a \u00a0los vuelos procedentes de India entrar\u00e1 en vigor el 1 de mayo, \u00a0seg\u00fan la orden del Ministerio de Sanidad que hoy mi\u00e9rcoles publica el BOE. El periodo de vigencia es de 14 d\u00edas naturales, que pueden ser prorrogados. Seg\u00fan indica la Orden Ministerial, los viajeros deber\u00e1n guardar [&hellip;]<\/p>\n","protected":false},"author":4,"featured_media":117282,"comment_status":"open","ping_status":"closed","sticky":false,"template":"","format":"standard","meta":{"om_disable_all_campaigns":false,"jnews-multi-image_gallery":[],"jnews_single_post":[],"jnews_primary_category":[],"jnews_social_meta":[],"footnotes":""},"categories":[40],"tags":[],"class_list":["post-117281","post","type-post","status-publish","format-standard","has-post-thumbnail","hentry","category-industria"],"_links":{"self":[{"href":"https:\/\/dimensionturistica.com\/es\/wp-json\/wp\/v2\/posts\/117281","targetHints":{"allow":["GET"]}}],"collection":[{"href":"https:\/\/dimensionturistica.com\/es\/wp-json\/wp\/v2\/posts"}],"about":[{"href":"https:\/\/dimensionturistica.com\/es\/wp-json\/wp\/v2\/types\/post"}],"author":[{"embeddable":true,"href":"https:\/\/dimensionturistica.com\/es\/wp-json\/wp\/v2\/users\/4"}],"replies":[{"embeddable":true,"href":"https:\/\/dimensionturistica.com\/es\/wp-json\/wp\/v2\/comments?post=117281"}],"version-history":[{"count":0,"href":"https:\/\/dimensionturistica.com\/es\/wp-json\/wp\/v2\/posts\/117281\/revisions"}],"wp:featuredmedia":[{"embeddable":true,"href":"https:\/\/dimensionturistica.com\/es\/wp-json\/wp\/v2\/media\/117282"}],"wp:attachment":[{"href":"https:\/\/dimensionturistica.com\/es\/wp-json\/wp\/v2\/media?parent=117281"}],"wp:term":[{"taxonomy":"category","embeddable":true,"href":"https:\/\/dimensionturistica.com\/es\/wp-json\/wp\/v2\/categories?post=117281"},{"taxonomy":"post_tag","embeddable":true,"href":"https:\/\/dimensionturistica.com\/es\/wp-json\/wp\/v2\/tags?post=117281"}],"curies":[{"name":"wp","href":"https:\/\/api.w.org\/{rel}","templated":true}]}}