{"id":117132,"date":"2021-04-28T18:19:58","date_gmt":"2021-04-28T18:19:58","guid":{"rendered":"https:\/\/dimensionturistica.com\/es\/?p=117132"},"modified":"2021-04-28T18:19:58","modified_gmt":"2021-04-28T18:19:58","slug":"renuncia-directora-de-la-enat-acusada-de-encubrir-violencia-de-genero","status":"publish","type":"post","link":"https:\/\/dimensionturistica.com\/es\/renuncia-directora-de-la-enat-acusada-de-encubrir-violencia-de-genero\/","title":{"rendered":"Renuncia directora de la ENAT acusada de encubrir violencia de g\u00e9nero"},"content":{"rendered":"<p> <br \/>\n<\/p>\n<div>\n<p>La organizaci\u00f3n Morras ENAT dio a conocer un comunicado donde se presenta la renuncia definitiva de la maestra Gabriela P\u00e9rez Negrete, directora de la Escuela de Arte Teatral, despu\u00e9s de que la gran mayor\u00eda de estudiantes realizaran un paro tras denunciar violencia de g\u00e9nero cometida por estudiantes, profesores y private de esa instituci\u00f3n.<span class=\"Apple-converted-space\">\u00a0<\/span><\/p>\n<p>\u201cMi decisi\u00f3n de anticipar mi separaci\u00f3n del cargo, responde a una profunda reflexi\u00f3n y deseo de no obstaculizar las negociaciones derivadas del movimiento de la Comunidad Alumnas de la ENAT y ser fiel a mis principios\u201d, se lee en el documento que fue acompa\u00f1ado con la r\u00fabrica de la maestra P\u00e9rez Negrete.<span class=\"Apple-converted-space\">\u00a0<\/span><\/p>\n<p>La organizaci\u00f3n respondi\u00f3 que \u201cde ser cierta dicha informaci\u00f3n, asumimos que tal decisi\u00f3n contribuir\u00e1 a facilitar el di\u00e1logo institucional\u201d.<\/p>\n<p>Hace poco m\u00e1s de un mes las alumnas de la Escuela Nacional de Artes Teatrales (ENAT) convocaron a toda la comunidad a un paro no activo tras las denuncias del pasado 8 de marzo que se hicieron en un \u201ctendedero\u201d digital.<span class=\"Apple-converted-space\">\u00a0<\/span><\/p>\n<p>La respuesta fue abrumadora: la gran mayor\u00eda de estudiantes hombres y mujeres aceptaron dejar de participar en las clases para concretar el paro, que cumpli\u00f3 un mes el 18 de abril.<\/p>\n<p>Tambi\u00e9n lee:<em> <span style=\"color: #ff0000\"><strong><a rel=\"nofollow noopener\" target=\"_blank\" style=\"color: #ff0000\" href=\"https:\/\/www.animalpolitico.com\/2021\/04\/lucha-la-enat-paro-violencia-genero-cumple-un-mes\/\">La lucha sigue en la ENAT: paro contra la violencia de g\u00e9nero cumple un mes<\/a><\/strong><\/span><\/em><\/p>\n<p>La semana pasada la organizaci\u00f3n\u00a0Morras ENAT, hizo una lectura de su pliego petitorio ante una representante de la Escuela y del Instituto Nacional de Bellas Artes y Literatura (INBAL), al cual pertenece.<span class=\"Apple-converted-space\">\u00a0<\/span><\/p>\n<p>Una de las exigencias que calificaron como m\u00ednima fue que fuera destituida la directora, Gabriela P\u00e9rez Negrete, a quien acusan de encubrir a los m\u00e1s de 90 denunciados.<\/p>\n<p>En entrevista con\u00a0Animal Pol\u00edtico, un grupo de chicas cont\u00f3 que hace dos a\u00f1os, cuando el tendedero s\u00ed fue f\u00edsico, la directora le dijo a los presuntos agresores que si se sent\u00edan inc\u00f3modos pod\u00edan quitar los carteles que los denunciaban.<span class=\"Apple-converted-space\">\u00a0<\/span><\/p>\n<p>Lamentaron que la soluci\u00f3n que pretendi\u00f3 tomar fue confrontar cara a cara a las v\u00edctimas con quienes estaban denunciando, como si quisiera solucionar el problema hablando.<\/p>\n<p>Otra de las exigencias m\u00ednimas del pliego petitorio es que esta vez se haga justo lo contrario: que se dicten medidas preventivas para que los denunciados no compartan espacios, ya sea f\u00edsicos o virtuales, con quienes los denunciaron, hasta que se esclarezca si hubo agresi\u00f3n, y en el caso de private docente, sean separados del cargo.<\/p>\n<div class=\"ap_single_fondea_text\">Lo que hacemos en Animal Pol\u00edtico requiere de periodistas profesionales, trabajo en equipo, mantener di\u00e1logo con los lectores y algo muy importante: independencia. T\u00fa puedes ayudarnos a seguir. S\u00e9 parte del equipo.<br \/>\n<a rel=\"nofollow noopener\" target=\"_blank\" href=\"https:\/\/www.animalpolitico.com\/suscribete\">Suscr\u00edbete a Animal Pol\u00edtico<\/a>, recibe beneficios y apoya el periodismo libre.<\/p>\n<p><span style=\"font-weight: 600!important;\">#YoSoyAnimal<\/span><\/p>\n<\/div>\n<\/div>\n\n<p><em> &#8221; Fuentes www.animalpolitico.com &#8221; <\/em><\/p>\n","protected":false},"excerpt":{"rendered":"<p>La organizaci\u00f3n Morras ENAT dio a conocer un comunicado donde se presenta la renuncia definitiva de la maestra Gabriela P\u00e9rez Negrete, directora de la Escuela de Arte Teatral, despu\u00e9s de que la gran mayor\u00eda de estudiantes realizaran un paro tras denunciar violencia de g\u00e9nero cometida por estudiantes, profesores y private de esa instituci\u00f3n.\u00a0 \u201cMi decisi\u00f3n [&hellip;]<\/p>\n","protected":false},"author":4,"featured_media":117133,"comment_status":"open","ping_status":"closed","sticky":false,"template":"","format":"standard","meta":{"om_disable_all_campaigns":false,"jnews-multi-image_gallery":[],"jnews_single_post":[],"jnews_primary_category":[],"jnews_social_meta":[],"footnotes":""},"categories":[40],"tags":[],"class_list":["post-117132","post","type-post","status-publish","format-standard","has-post-thumbnail","hentry","category-industria"],"_links":{"self":[{"href":"https:\/\/dimensionturistica.com\/es\/wp-json\/wp\/v2\/posts\/117132","targetHints":{"allow":["GET"]}}],"collection":[{"href":"https:\/\/dimensionturistica.com\/es\/wp-json\/wp\/v2\/posts"}],"about":[{"href":"https:\/\/dimensionturistica.com\/es\/wp-json\/wp\/v2\/types\/post"}],"author":[{"embeddable":true,"href":"https:\/\/dimensionturistica.com\/es\/wp-json\/wp\/v2\/users\/4"}],"replies":[{"embeddable":true,"href":"https:\/\/dimensionturistica.com\/es\/wp-json\/wp\/v2\/comments?post=117132"}],"version-history":[{"count":0,"href":"https:\/\/dimensionturistica.com\/es\/wp-json\/wp\/v2\/posts\/117132\/revisions"}],"wp:featuredmedia":[{"embeddable":true,"href":"https:\/\/dimensionturistica.com\/es\/wp-json\/wp\/v2\/media\/117133"}],"wp:attachment":[{"href":"https:\/\/dimensionturistica.com\/es\/wp-json\/wp\/v2\/media?parent=117132"}],"wp:term":[{"taxonomy":"category","embeddable":true,"href":"https:\/\/dimensionturistica.com\/es\/wp-json\/wp\/v2\/categories?post=117132"},{"taxonomy":"post_tag","embeddable":true,"href":"https:\/\/dimensionturistica.com\/es\/wp-json\/wp\/v2\/tags?post=117132"}],"curies":[{"name":"wp","href":"https:\/\/api.w.org\/{rel}","templated":true}]}}