{"id":117116,"date":"2021-04-28T18:03:39","date_gmt":"2021-04-28T18:03:39","guid":{"rendered":"https:\/\/dimensionturistica.com\/es\/?p=117116"},"modified":"2021-04-28T18:03:39","modified_gmt":"2021-04-28T18:03:39","slug":"lpl-agencias-de-viaje-ofrecen-paquetes-para-intentar-atraer-clientes-por-restricciones-del-77","status":"publish","type":"post","link":"https:\/\/dimensionturistica.com\/es\/lpl-agencias-de-viaje-ofrecen-paquetes-para-intentar-atraer-clientes-por-restricciones-del-77\/","title":{"rendered":"LPL: Agencias de viaje ofrecen paquetes para intentar atraer clientes por restricciones del 7+7"},"content":{"rendered":"<p> <br \/>\n<\/p>\n<div>\n<p>La C\u00e1mara de Turismo del estado Lara determin\u00f3 que el sector hotelero de la regi\u00f3n ha tenido una ocupaci\u00f3n en los \u00faltimos meses de solo el 10 y 15%. A\u00f1adiendo que se encuentra \u201ccasi en quiebra\u201d, lo que ha motivado a los propietarios a ofrecer paquetes tur\u00edsticos para atraer m\u00e1s clientes.<\/p>\n<p><span id=\"more-106872\"\/> \u00abA pesar que desde el mes de octubre el Gobierno Nacional anunci\u00f3 que el sector turismo entr\u00f3 como priorizado en los d\u00edas de flexibilizaci\u00f3n, no han tenido movimiento, en especial en las semanas radical, porque no hay sectores tur\u00edsticos abiertos que la gente pueda visitar\u00bb dijo Antonio Morales, presidente de la C\u00e1mara de Turismo en Lara.<\/p>\n<p>En estas circunstancias, due\u00f1os de posadas y hoteles no esperan que los clientes los visiten, sino que comienzan a ofrecer paquetes tur\u00edsticos con diversos servicios, tarifas accesibles e incluso comodidades de pago, en aras de poder mantenerse con las puertas abiertas en medio de esta disaster econ\u00f3mica sin precedentes, seg\u00fan indica\u00a0<a rel=\"nofollow noopener\" target=\"_blank\" title=\"https:\/\/www.laprensalara.com.ve\/nota\/30263\/2021\/04\/hoteles-y-posadas--se-mantienen-a-punta-de-paquetes\" href=\"https:\/\/www.laprensalara.com.ve\/nota\/30263\/2021\/04\/hoteles-y-posadas--se-mantienen-a-punta-de-paquetes\">La Prensa de Lara<\/a>.<\/p>\n<p>En un reconocido resort en la zona centro de Barquisimeto, la junta directiva tuvo que ajustar las tarifas para ganar clientela. De 60 d\u00f3lares que costaba el hospedaje en una habitaci\u00f3n matrimonial con desayuno incluido, disminuyeron a 40 d\u00f3lares, una tarifa con la que han ganado un poco m\u00e1s de ocupaci\u00f3n.<\/p>\n<\/div>\n\n<p><em> &#8221; Fuentes www.noticierodigital.com &#8221; <\/em><\/p>\n","protected":false},"excerpt":{"rendered":"<p>La C\u00e1mara de Turismo del estado Lara determin\u00f3 que el sector hotelero de la regi\u00f3n ha tenido una ocupaci\u00f3n en los \u00faltimos meses de solo el 10 y 15%. A\u00f1adiendo que se encuentra \u201ccasi en quiebra\u201d, lo que ha motivado a los propietarios a ofrecer paquetes tur\u00edsticos para atraer m\u00e1s clientes. \u00abA pesar que desde [&hellip;]<\/p>\n","protected":false},"author":4,"featured_media":0,"comment_status":"open","ping_status":"closed","sticky":false,"template":"","format":"standard","meta":{"om_disable_all_campaigns":false,"jnews-multi-image_gallery":[],"jnews_single_post":[],"jnews_primary_category":[],"jnews_social_meta":[],"footnotes":""},"categories":[40],"tags":[],"class_list":["post-117116","post","type-post","status-publish","format-standard","hentry","category-industria"],"_links":{"self":[{"href":"https:\/\/dimensionturistica.com\/es\/wp-json\/wp\/v2\/posts\/117116","targetHints":{"allow":["GET"]}}],"collection":[{"href":"https:\/\/dimensionturistica.com\/es\/wp-json\/wp\/v2\/posts"}],"about":[{"href":"https:\/\/dimensionturistica.com\/es\/wp-json\/wp\/v2\/types\/post"}],"author":[{"embeddable":true,"href":"https:\/\/dimensionturistica.com\/es\/wp-json\/wp\/v2\/users\/4"}],"replies":[{"embeddable":true,"href":"https:\/\/dimensionturistica.com\/es\/wp-json\/wp\/v2\/comments?post=117116"}],"version-history":[{"count":0,"href":"https:\/\/dimensionturistica.com\/es\/wp-json\/wp\/v2\/posts\/117116\/revisions"}],"wp:attachment":[{"href":"https:\/\/dimensionturistica.com\/es\/wp-json\/wp\/v2\/media?parent=117116"}],"wp:term":[{"taxonomy":"category","embeddable":true,"href":"https:\/\/dimensionturistica.com\/es\/wp-json\/wp\/v2\/categories?post=117116"},{"taxonomy":"post_tag","embeddable":true,"href":"https:\/\/dimensionturistica.com\/es\/wp-json\/wp\/v2\/tags?post=117116"}],"curies":[{"name":"wp","href":"https:\/\/api.w.org\/{rel}","templated":true}]}}