{"id":116967,"date":"2021-04-28T16:41:31","date_gmt":"2021-04-28T16:41:31","guid":{"rendered":"https:\/\/dimensionturistica.com\/es\/?p=116967"},"modified":"2021-04-28T16:41:31","modified_gmt":"2021-04-28T16:41:31","slug":"procolombia-celebro-el-dia-mundial-de-la-tierra-hablando-de","status":"publish","type":"post","link":"https:\/\/dimensionturistica.com\/es\/procolombia-celebro-el-dia-mundial-de-la-tierra-hablando-de\/","title":{"rendered":"Procolombia celebro el Dia Mundial de la tierra hablando de"},"content":{"rendered":"<p> <br \/>\n<\/p>\n<div>\n<p>ProColombia ha organizado el pasado 19 de abril un evento digital para celebrar\u00a0de forma anticipada el\u00a0D\u00eda Mundial de la Tierra.\u00a0Participaron\u00a0el\u00a0Viceministro\u00a0de\u00a0Turismo Juli\u00e1n Guerrero, el Vicepresidente de Turismo de ProColombia\u00a0Gilberto Salcedo y el CEO de Impulse Journey\u00a0Rodrigo Atuesta.<\/p>\n<p>Durante la charla, Guerrero afirm\u00f3 que su gesti\u00f3n no busca recuperar el turismo tras la pandemia, sino marchar hacia una nueva, mucho m\u00e1s sostenible.<\/p>\n<p>Actualmente, Colombia ocupa el puesto 19\u00b0 a nivel international en materia de sustentabilidad energ\u00e9tica; sin embargo, cuando se eval\u00faan las pr\u00e1cticas cotidianas de su poblaci\u00f3n, y especialmente en el desarrollo de su turismo, el pa\u00eds est\u00e1 por detr\u00e1s del puesto 50\u00b0. Por eso, desde hace ya un par de a\u00f1os\u00a0se encuentra inmerso en un proceso de \u201creconversi\u00f3n\u201d de su turismo hacia un modelo sostenible, con una fuerte aceleraci\u00f3n a partir del inicio de la pandemia.<\/p>\n<p>El Viceministro de Turismo colombiano Juli\u00e1n Guerrero coment\u00f3:\u00a0\u201cNo me gusta hablar de \u2018recuperar\u2019 el turismo, porque eso significar\u00eda volver a lo que ten\u00edamos antes, sino de \u2018reinventarlo\u2019, de trabajar durante la pandemia para salir mejores\u201d.<\/p>\n<p>El funcionario enumer\u00f3 una\u00a0larga serie de pol\u00edticas que la cartera llev\u00f3 adelante para fomentar las buenas pr\u00e1cticas ambientales y sociales, pero tambi\u00e9n para sancionar las violaciones a estas normas. Como incentivos, destac\u00f3 los alivios tributarios y subsidios puestos a disposici\u00f3n, a la vez que el incumplimiento de las regulaciones ahora puede conllevar el cierre de un establecimiento y la suspensi\u00f3n de su Registro Nacional de Turismo (RNT), requisito b\u00e1sico para prestar servicios tur\u00edsticos. Y todo esto, a partir de la\u00a0sanci\u00f3n de la nueva Ley Common de Turismo, en 2020.<br \/>Pero adem\u00e1s de serlo, tambi\u00e9n hay que parecerlo, es decir, saber comunicarlo. Y por eso\u00a0Salcedo cont\u00f3 que el objetivo es, por un lado, convertir a Colombia como un destino para los pr\u00f3ximos 100 a\u00f1os; y, por el otro posicionarlo en el plano international como un destino sustentable, tanto en la mente de los consumidores de viajes como en la oferta del commerce. Y luego mostr\u00f3 las campa\u00f1as que se desarrollaron para esos fines.<br \/>\u201cLos nuevos pasajeros quieren vivir experiencias que los conecten con la naturaleza\u201d, subray\u00f3 el funcionario, y agreg\u00f3 que el pa\u00eds puede y quiere destacarse en ese segmento. \u201cEstamos listos para que nos conozcan\u201d, concluy\u00f3.<br \/>Finalmente, desde la perspectiva del sector privado, que es el que plasma esas experiencias y atractivos en productos concretos, Atuesta afirm\u00f3 que\u00a0\u201cColombia atraviesa un momento de gran alineaci\u00f3n en materia de sustentabilidad\u201d entre el sector p\u00fablico y los empresarios,\u00a0por lo que\u00a0el gran desaf\u00edo de la actividad es pensar \u201cc\u00f3mo contar todo esto de manera experiencial\u201d.<\/p>\n<\/p><\/div>\n\n<p><em> &#8221; Fuentes es.travel2latam.com &#8221; <\/em><\/p>\n","protected":false},"excerpt":{"rendered":"<p>ProColombia ha organizado el pasado 19 de abril un evento digital para celebrar\u00a0de forma anticipada el\u00a0D\u00eda Mundial de la Tierra.\u00a0Participaron\u00a0el\u00a0Viceministro\u00a0de\u00a0Turismo Juli\u00e1n Guerrero, el Vicepresidente de Turismo de ProColombia\u00a0Gilberto Salcedo y el CEO de Impulse Journey\u00a0Rodrigo Atuesta. Durante la charla, Guerrero afirm\u00f3 que su gesti\u00f3n no busca recuperar el turismo tras la pandemia, sino marchar hacia [&hellip;]<\/p>\n","protected":false},"author":4,"featured_media":0,"comment_status":"open","ping_status":"closed","sticky":false,"template":"","format":"standard","meta":{"om_disable_all_campaigns":false,"jnews-multi-image_gallery":[],"jnews_single_post":[],"jnews_primary_category":[],"jnews_social_meta":[],"footnotes":""},"categories":[40],"tags":[],"class_list":["post-116967","post","type-post","status-publish","format-standard","hentry","category-industria"],"_links":{"self":[{"href":"https:\/\/dimensionturistica.com\/es\/wp-json\/wp\/v2\/posts\/116967","targetHints":{"allow":["GET"]}}],"collection":[{"href":"https:\/\/dimensionturistica.com\/es\/wp-json\/wp\/v2\/posts"}],"about":[{"href":"https:\/\/dimensionturistica.com\/es\/wp-json\/wp\/v2\/types\/post"}],"author":[{"embeddable":true,"href":"https:\/\/dimensionturistica.com\/es\/wp-json\/wp\/v2\/users\/4"}],"replies":[{"embeddable":true,"href":"https:\/\/dimensionturistica.com\/es\/wp-json\/wp\/v2\/comments?post=116967"}],"version-history":[{"count":0,"href":"https:\/\/dimensionturistica.com\/es\/wp-json\/wp\/v2\/posts\/116967\/revisions"}],"wp:attachment":[{"href":"https:\/\/dimensionturistica.com\/es\/wp-json\/wp\/v2\/media?parent=116967"}],"wp:term":[{"taxonomy":"category","embeddable":true,"href":"https:\/\/dimensionturistica.com\/es\/wp-json\/wp\/v2\/categories?post=116967"},{"taxonomy":"post_tag","embeddable":true,"href":"https:\/\/dimensionturistica.com\/es\/wp-json\/wp\/v2\/tags?post=116967"}],"curies":[{"name":"wp","href":"https:\/\/api.w.org\/{rel}","templated":true}]}}