{"id":116950,"date":"2021-04-28T16:25:05","date_gmt":"2021-04-28T16:25:05","guid":{"rendered":"https:\/\/dimensionturistica.com\/es\/?p=116950"},"modified":"2021-04-28T16:25:05","modified_gmt":"2021-04-28T16:25:05","slug":"el-ayuntamiento-de-sevilla-recibe-el-premio-wttc-al-liderazgo-en-el-desarrollo-de-un-destino-a-nivel-mundial-y-a-sus-estrategias-de-reactivacion-en-la-cumbre-de-la-industria-turistica-internacional-ce","status":"publish","type":"post","link":"https:\/\/dimensionturistica.com\/es\/el-ayuntamiento-de-sevilla-recibe-el-premio-wttc-al-liderazgo-en-el-desarrollo-de-un-destino-a-nivel-mundial-y-a-sus-estrategias-de-reactivacion-en-la-cumbre-de-la-industria-turistica-internacional-ce\/","title":{"rendered":"El Ayuntamiento de Sevilla recibe el premio WTTC al liderazgo en el desarrollo de un destino a nivel mundial y a sus estrategias de reactivaci\u00f3n en la cumbre de la industria tur\u00edstica internacional celebrada en Canc\u00fan"},"content":{"rendered":"<p> <br \/>\n<\/p>\n<div id=\"parent-fieldname-text\">\n<p>La cumbre del Consejo Mundial de Viajes y Turismo (WTTC, por sus siglas en ingl\u00e9s), que se acaba de clausurar en Canc\u00fan (M\u00e9xico), ha reconocido al Ayuntamiento de Sevilla por la mejor labor implementada a nivel mundial para desarrollar un destino tur\u00edstico y posicionarlo internacionalmente, as\u00ed como por ser ejemplo del trabajo de colaboraci\u00f3n p\u00fablico privada tanto para conseguir estos objetivos como para propiciar la recuperaci\u00f3n tur\u00edstica tras la pandemia de la COVID-19. <\/p>\n<p>As\u00ed, por un lado, el premio del WTTC, entregado por su presidenta, Gloria Guevara, reconoce el esfuerzo realizado por la administraci\u00f3n native, a trav\u00e9s de Turismo de Sevilla y Contursa, en los \u00faltimos a\u00f1os para posicionar Sevilla como un destino l\u00edder a nivel internacional, un trabajo desplegado desde el propio Ayuntamiento y, a la vez, en colaboraci\u00f3n con el resto de las administraciones p\u00fablicas y con la iniciativa privada (empresas). Y, por otro, reconoce el esmero y el resultado de las alianzas p\u00fablico privadas y la amplia participaci\u00f3n que llevaron a la elaboraci\u00f3n, el pasado verano, del Plan8 de impulso tur\u00edstico.<\/p>\n<p>Tanto el trabajo de posicionamiento como el Plan8 han sido puestos como ejemplos para otros destinos durante la celebraci\u00f3n de la cumbre de Canc\u00fan, que sucede a la que se celebr\u00f3 en la ciudad de Sevilla en 2019 tras el aplazamiento de la edici\u00f3n de 2020 debido a la pandemia. En las jornadas de trabajo ha participado un equipo de Contursa-Turismo de Sevilla, cuyo gerente, Antonio Jim\u00e9nez, ha recogido el premio de manos de Gloria Guevara, y en presencia de Miguel Sanz, director basic de Turespa\u00f1a, y Enrique Ybarra, fundador y CEO de la multinacional sevillana Metropolis Sightseeing Worldwide.<\/p>\n<p>\u201cDesde 2015 y hasta principios del a\u00f1o 2020 ten\u00edamos muy claro que, aunque el Ayuntamiento de Sevilla liderara para posicionar el destino Sevilla, la estrategia ten\u00eda que ser muy profesional y de la mano siempre del resto de administraciones p\u00fablicas y del empresariado. Y estas alianzas a un lado y a otro fueron claves para que esta ciudad consiguiera cifras r\u00e9cord en 2019 y en los inicios de 2020 en sus principales indicadores tur\u00edsticos y que, adem\u00e1s, Sevilla tuviera un reconocimiento internacional envidiable. Al igual que entonces fuimos de la mano, desde abril de 2020 ten\u00edamos tambi\u00e9n muy claro que las estrategias de recuperaci\u00f3n del turismo para hacer frente a las consecuencias de la pandemia se ten\u00edan que dise\u00f1ar junto con el sector y, adem\u00e1s, con el resto de las administraciones y con los sindicatos. El resultado fue el Plan8, que es todo un ejemplo de trabajo conjunto\u201d, ha explicado Antonio Mu\u00f1oz, delegado de H\u00e1bitat Urbano, Cultura y Turismo.<\/p>\n<p>\u201cEl WTTC nos reconoce que ese es el camino, el de la colaboraci\u00f3n p\u00fablico privada, y desde ah\u00ed hemos enfocado la reactivaci\u00f3n del turismo. Estamos preparados para recuperar e impulsar la actividad de la industria tur\u00edstica local conforme avance la vacunaci\u00f3n frente a la COVID-19 y, en consecuencia, se vayan levantando las restricciones a la movilidad geogr\u00e1fica. Y siempre desde la prudencia y la conciencia de que la seguridad sanitaria es lo primero\u201d, ha concluido Mu\u00f1oz.<\/p>\n<\/div>\n\n<p><em> &#8221; Fuentes www.sevilla.org &#8221; <\/em><\/p>\n","protected":false},"excerpt":{"rendered":"<p>La cumbre del Consejo Mundial de Viajes y Turismo (WTTC, por sus siglas en ingl\u00e9s), que se acaba de clausurar en Canc\u00fan (M\u00e9xico), ha reconocido al Ayuntamiento de Sevilla por la mejor labor implementada a nivel mundial para desarrollar un destino tur\u00edstico y posicionarlo internacionalmente, as\u00ed como por ser ejemplo del trabajo de colaboraci\u00f3n p\u00fablico [&hellip;]<\/p>\n","protected":false},"author":4,"featured_media":0,"comment_status":"open","ping_status":"closed","sticky":false,"template":"","format":"standard","meta":{"om_disable_all_campaigns":false,"jnews-multi-image_gallery":[],"jnews_single_post":[],"jnews_primary_category":[],"jnews_social_meta":[],"footnotes":""},"categories":[40],"tags":[],"class_list":["post-116950","post","type-post","status-publish","format-standard","hentry","category-industria"],"_links":{"self":[{"href":"https:\/\/dimensionturistica.com\/es\/wp-json\/wp\/v2\/posts\/116950","targetHints":{"allow":["GET"]}}],"collection":[{"href":"https:\/\/dimensionturistica.com\/es\/wp-json\/wp\/v2\/posts"}],"about":[{"href":"https:\/\/dimensionturistica.com\/es\/wp-json\/wp\/v2\/types\/post"}],"author":[{"embeddable":true,"href":"https:\/\/dimensionturistica.com\/es\/wp-json\/wp\/v2\/users\/4"}],"replies":[{"embeddable":true,"href":"https:\/\/dimensionturistica.com\/es\/wp-json\/wp\/v2\/comments?post=116950"}],"version-history":[{"count":0,"href":"https:\/\/dimensionturistica.com\/es\/wp-json\/wp\/v2\/posts\/116950\/revisions"}],"wp:attachment":[{"href":"https:\/\/dimensionturistica.com\/es\/wp-json\/wp\/v2\/media?parent=116950"}],"wp:term":[{"taxonomy":"category","embeddable":true,"href":"https:\/\/dimensionturistica.com\/es\/wp-json\/wp\/v2\/categories?post=116950"},{"taxonomy":"post_tag","embeddable":true,"href":"https:\/\/dimensionturistica.com\/es\/wp-json\/wp\/v2\/tags?post=116950"}],"curies":[{"name":"wp","href":"https:\/\/api.w.org\/{rel}","templated":true}]}}