{"id":116925,"date":"2021-04-28T16:00:48","date_gmt":"2021-04-28T16:00:48","guid":{"rendered":"https:\/\/dimensionturistica.com\/es\/?p=116925"},"modified":"2021-04-28T16:00:49","modified_gmt":"2021-04-28T16:00:49","slug":"posponen-la-edicion-40-de-la-feria-internacional-de-turismo-fitcuba","status":"publish","type":"post","link":"https:\/\/dimensionturistica.com\/es\/posponen-la-edicion-40-de-la-feria-internacional-de-turismo-fitcuba\/","title":{"rendered":"Posponen la edici\u00f3n 40 de la Feria Internacional de Turismo FITCuba"},"content":{"rendered":"<p> <br \/>\n<\/p>\n<div property=\"content:encoded\">\n<p>La directiva del Ministerio de Turismo (MINTUR) de la Rep\u00fablica de Cuba dio conocer hoy que se pospone la edici\u00f3n 40 de la\u00a0<a rel=\"nofollow noopener\" target=\"_blank\" href=\"https:\/\/www.fitcuba.com\/es\/\">Feria Internacional de Turismo<\/a>\u00a0FITCuba 2021, debido a la pandemia de la\u00a0<a rel=\"nofollow noopener\" target=\"_blank\" href=\"http:\/\/www.acn.cu\/coronavirus\">COVID-19<\/a>.<\/p>\n<p>Dada la situaci\u00f3n epidemiol\u00f3gica internacional producto de la COVID-19 en el mundo se pospone la edici\u00f3n 40 de la Feria Internacional de Turismo FITCuba 2021, evento m\u00e1s importante de la industria tur\u00edstica cubana, prevista a realizarse del 3 al 8 de mayo venidero, se\u00f1ala el comunicado.<\/p>\n<p>La nueva fecha de realizaci\u00f3n se informar\u00e1 de manera oportuna, agreg\u00f3 la nota, en la cual el MINTUR agradece la comprensi\u00f3n y fidelidad de todos los colaboradores en el desarrollo del sector en el archipi\u00e9lago.<\/p>\n<p>Pese a la pandemia, Cuba reabri\u00f3 a los vacacionistas internacionales en el verano pasado, con s\u00f3lidos protocolos epidemiol\u00f3gicos, bajo el programa Turismo M\u00e1s Higi\u00e9nico y Seguro, que ha certificado miles de instalaciones por cumplir a cabalidad las medidas de prevenci\u00f3n y management contra la COVID-19.<\/p>\n<p>Mercados y aerol\u00edneas de Rusia y Canad\u00e1, y destinos como Varadero y los cayos a norte de la isla de Cuba, sobresalen en la reanudaci\u00f3n de la industria del ocio en la mayor de las Antillas.<\/p>\n<\/div>\n\n<p><em> &#8221; Fuentes cubasi.cu &#8221; <\/em><\/p>\n","protected":false},"excerpt":{"rendered":"<p>La directiva del Ministerio de Turismo (MINTUR) de la Rep\u00fablica de Cuba dio conocer hoy que se pospone la edici\u00f3n 40 de la\u00a0Feria Internacional de Turismo\u00a0FITCuba 2021, debido a la pandemia de la\u00a0COVID-19. Dada la situaci\u00f3n epidemiol\u00f3gica internacional producto de la COVID-19 en el mundo se pospone la edici\u00f3n 40 de la Feria Internacional de [&hellip;]<\/p>\n","protected":false},"author":4,"featured_media":116926,"comment_status":"open","ping_status":"closed","sticky":false,"template":"","format":"standard","meta":{"om_disable_all_campaigns":false,"jnews-multi-image_gallery":[],"jnews_single_post":[],"jnews_primary_category":[],"jnews_social_meta":[],"footnotes":""},"categories":[40],"tags":[],"class_list":["post-116925","post","type-post","status-publish","format-standard","has-post-thumbnail","hentry","category-industria"],"_links":{"self":[{"href":"https:\/\/dimensionturistica.com\/es\/wp-json\/wp\/v2\/posts\/116925","targetHints":{"allow":["GET"]}}],"collection":[{"href":"https:\/\/dimensionturistica.com\/es\/wp-json\/wp\/v2\/posts"}],"about":[{"href":"https:\/\/dimensionturistica.com\/es\/wp-json\/wp\/v2\/types\/post"}],"author":[{"embeddable":true,"href":"https:\/\/dimensionturistica.com\/es\/wp-json\/wp\/v2\/users\/4"}],"replies":[{"embeddable":true,"href":"https:\/\/dimensionturistica.com\/es\/wp-json\/wp\/v2\/comments?post=116925"}],"version-history":[{"count":0,"href":"https:\/\/dimensionturistica.com\/es\/wp-json\/wp\/v2\/posts\/116925\/revisions"}],"wp:featuredmedia":[{"embeddable":true,"href":"https:\/\/dimensionturistica.com\/es\/wp-json\/wp\/v2\/media\/116926"}],"wp:attachment":[{"href":"https:\/\/dimensionturistica.com\/es\/wp-json\/wp\/v2\/media?parent=116925"}],"wp:term":[{"taxonomy":"category","embeddable":true,"href":"https:\/\/dimensionturistica.com\/es\/wp-json\/wp\/v2\/categories?post=116925"},{"taxonomy":"post_tag","embeddable":true,"href":"https:\/\/dimensionturistica.com\/es\/wp-json\/wp\/v2\/tags?post=116925"}],"curies":[{"name":"wp","href":"https:\/\/api.w.org\/{rel}","templated":true}]}}