{"id":116899,"date":"2021-04-28T15:35:56","date_gmt":"2021-04-28T15:35:56","guid":{"rendered":"https:\/\/dimensionturistica.com\/es\/?p=116899"},"modified":"2021-04-28T15:35:56","modified_gmt":"2021-04-28T15:35:56","slug":"las-agencias-de-viajes-alzan-la-voz-en-el-congreso-de-los-diputados-noticias-de-video-videos","status":"publish","type":"post","link":"https:\/\/dimensionturistica.com\/es\/las-agencias-de-viajes-alzan-la-voz-en-el-congreso-de-los-diputados-noticias-de-video-videos\/","title":{"rendered":"Las agencias de viajes alzan la voz en el Congreso de los Diputados | Noticias de Video, VIDEOS"},"content":{"rendered":"<p> <br \/>\n<\/p>\n<div>\n<div class=\"jeg_video_container jeg_video_content\"><iframe loading=\"lazy\" title=\"Comparecencia en el  Congreso de los Diputados, Mart\u00ed Sarrate, presidente de ACAVe 27 abril 2021\" width=\"500\" height=\"281\" src=\"https:\/\/www.youtube.com\/embed\/7vQ5xHwP110?feature=oembed\" frameborder=\"0\" allow=\"accelerometer; autoplay; clipboard-write; encrypted-media; gyroscope; picture-in-picture; web-share\" referrerpolicy=\"strict-origin-when-cross-origin\" allowfullscreen><\/iframe><\/div>\n<p>El presidente de ACAVE, Mart\u00ed Sarrate, ha comparecido en la Comisi\u00f3n de Industria, Comercio y Turismo del Congreso de los Diputados en representaci\u00f3n del sector de agencias de viajes para hacer stability de la dram\u00e1tica situaci\u00f3n en la que se encuentran despu\u00e9s 13 meses de pandemia y para exponer las medidas que urge adoptar para paliar la profunda disaster que la Covid-19 ha supuesto para el sector.<\/p>\n<p>Las 12 medidas necesarias e imprescindibles planteadas para la reactivaci\u00f3n y recuperaci\u00f3n de las agencias de viajes son:<\/p>\n<p>Aprobar la extensi\u00f3n autom\u00e1tica de los ERTE hasta el 31 de diciembre de 2021 y que se adopten medidas de flexibilizaci\u00f3n que permita la recuperaci\u00f3n de los puestos de trabajo a medida que se vaya restableciendo la actividad.<\/p>\n<p>Activar con car\u00e1cter de urgencia las ayudas directas, eliminando las limitaciones que excluyen de manera normal a las empresas que hayan podido presentar p\u00e9rdidas en el 2019, extendiendo su alcance m\u00e1s all\u00e1 del 31 de mayo de 2021 y eliminando la obligaci\u00f3n de devoluci\u00f3n en caso de que la empresa no pueda continuar con su actividad.<\/p>\n<p>Garantizar el acceso de las agencias a las ayudas para inversiones que se financiaran con los fondos europeos Subsequent Era UE.<\/p>\n<p>Crear un fondo de reembolso de los bonos de viaje combinado o aprobar una medida alternativa que permita su reembolso sin que suponga un endeudamiento para las agencias de viajes.<\/p>\n<p>Modificar la precise Ley de Viajes Combinados para eliminar la responsabilidad solidaria y establecer un r\u00e9gimen de responsabilidad en funci\u00f3n del \u00e1mbito de la responsabilidad de las agencias.<\/p>\n<p>Mantener y ampliar los cr\u00e9ditos ICO, garantizando el acceso de peque\u00f1as y medianas empresas del sector tur\u00edstico.<\/p>\n<p>Reducir los tipos impositivos del IVA en los servicios tur\u00edsticos y especialmente en los servicios prestados por las agencias de viajes, que tributan al 21%.<\/p>\n<p>Aprobar a nivel estatal bonos que incentiven la contrataci\u00f3n de viajes combinados a trav\u00e9s de las agencias.<\/p>\n<p>Adoptar medidas que faciliten los viajes, tales como la implantaci\u00f3n del Certificado Verde Digital que est\u00e1 siendo desarrollado por la Comisi\u00f3n Europea; la eliminaci\u00f3n de restricciones de movilidad; la sustituci\u00f3n de las pruebas PCR por take a look at de ant\u00edgenos; la eliminaci\u00f3n de la exigencia de pruebas PCR para la entrada de turistas que ya han sido vacunados; y establecer corredores tur\u00edsticos seguros.<\/p>\n<p>Reactivar el Imserso y el turismo de cruceros, pues ambos productos son muy importantes para las agencias de viajes y Espa\u00f1a.<\/p>\n<p>Recuperar progresivamente la conectividad a\u00e9rea.<\/p>\n<p>Activar un plan de promoci\u00f3n que genere confianza en los mercados internacionales y que presente a Espa\u00f1a como un destino seguro, que ha adoptado todas las medidas necesarias para prevenir la Covid-19.<\/p>\n<p><!-- AddThis Advanced Settings above via filter on the_content --><!-- AddThis Advanced Settings below via filter on the_content --><!-- AddThis Advanced Settings generic via filter on the_content --><!-- AddThis Share Buttons above via filter on the_content --><!-- AddThis Share Buttons below via filter on the_content --><!-- AddThis Share Buttons generic via filter on the_content -->\t\t\t<\/div>\n\n<p><em> &#8221; Fuentes www.preferente.com &#8221; <\/em><\/p>\n","protected":false},"excerpt":{"rendered":"<p>El presidente de ACAVE, Mart\u00ed Sarrate, ha comparecido en la Comisi\u00f3n de Industria, Comercio y Turismo del Congreso de los Diputados en representaci\u00f3n del sector de agencias de viajes para hacer stability de la dram\u00e1tica situaci\u00f3n en la que se encuentran despu\u00e9s 13 meses de pandemia y para exponer las medidas que urge adoptar para [&hellip;]<\/p>\n","protected":false},"author":4,"featured_media":116900,"comment_status":"open","ping_status":"closed","sticky":false,"template":"","format":"standard","meta":{"om_disable_all_campaigns":false,"jnews-multi-image_gallery":[],"jnews_single_post":[],"jnews_primary_category":[],"jnews_social_meta":[],"footnotes":""},"categories":[40],"tags":[],"class_list":["post-116899","post","type-post","status-publish","format-standard","has-post-thumbnail","hentry","category-industria"],"_links":{"self":[{"href":"https:\/\/dimensionturistica.com\/es\/wp-json\/wp\/v2\/posts\/116899","targetHints":{"allow":["GET"]}}],"collection":[{"href":"https:\/\/dimensionturistica.com\/es\/wp-json\/wp\/v2\/posts"}],"about":[{"href":"https:\/\/dimensionturistica.com\/es\/wp-json\/wp\/v2\/types\/post"}],"author":[{"embeddable":true,"href":"https:\/\/dimensionturistica.com\/es\/wp-json\/wp\/v2\/users\/4"}],"replies":[{"embeddable":true,"href":"https:\/\/dimensionturistica.com\/es\/wp-json\/wp\/v2\/comments?post=116899"}],"version-history":[{"count":0,"href":"https:\/\/dimensionturistica.com\/es\/wp-json\/wp\/v2\/posts\/116899\/revisions"}],"wp:featuredmedia":[{"embeddable":true,"href":"https:\/\/dimensionturistica.com\/es\/wp-json\/wp\/v2\/media\/116900"}],"wp:attachment":[{"href":"https:\/\/dimensionturistica.com\/es\/wp-json\/wp\/v2\/media?parent=116899"}],"wp:term":[{"taxonomy":"category","embeddable":true,"href":"https:\/\/dimensionturistica.com\/es\/wp-json\/wp\/v2\/categories?post=116899"},{"taxonomy":"post_tag","embeddable":true,"href":"https:\/\/dimensionturistica.com\/es\/wp-json\/wp\/v2\/tags?post=116899"}],"curies":[{"name":"wp","href":"https:\/\/api.w.org\/{rel}","templated":true}]}}