{"id":116881,"date":"2021-04-28T15:19:03","date_gmt":"2021-04-28T15:19:03","guid":{"rendered":"https:\/\/dimensionturistica.com\/es\/?p=116881"},"modified":"2021-04-28T15:19:03","modified_gmt":"2021-04-28T15:19:03","slug":"eu-lanza-operacion-centinela-contra-el-trafico-de-migrantes","status":"publish","type":"post","link":"https:\/\/dimensionturistica.com\/es\/eu-lanza-operacion-centinela-contra-el-trafico-de-migrantes\/","title":{"rendered":"EU lanza &#8216;Operaci\u00f3n Centinela&#8217;, contra el tr\u00e1fico de migrantes"},"content":{"rendered":"<p> <br \/>\n<\/p>\n<div>\n<p>El gobierno de Joe Biden anunci\u00f3 el martes el lanzamiento de una operaci\u00f3n contra redes trasnacionales de tr\u00e1fico de migrantes, cuando Estados Unidos enfrenta una llegada r\u00e9cord de indocumentados a su frontera con M\u00e9xico.<\/p>\n<p>La \u00abOperaci\u00f3n Centinela\u00bb, en la que participan el FBI y la DEA, entre otras agencias gubernamentales, apunta a impedir que los traficantes se beneficien de las ganancias que obtienen por la trata de personas, explicaron autoridades.<\/p>\n<blockquote class=\"wp-block-quote\">\n<p>\u00abLas medidas que tomaremos en los pr\u00f3ximos meses mejorar\u00e1n la seguridad de la frontera de Estados Unidos y ayudar\u00e1n a salvar las vidas de migrantes vulnerables\u00bb,\u00a0dijo a periodistas el secretario del Departamento de Seguridad Inside (DHS), Alejandro Mayorkas.<\/p>\n<\/blockquote>\n<p>Para esto, explic\u00f3, el DHS y sus socios nacionales e internacionales usar\u00e1n todas las herramientas disponibles para identificar a quienes participan o facilitan el contrabando de personas y tomar\u00e1n medidas en su contra, incluidas sanciones.<\/p>\n<p>Mayorkas dijo que se prev\u00e9 revocar visas y otros documentos de viaje, suspender e inhabilitar entidades comerciales y congelar cuentas bancarias y otros activos que los miembros de estas organizaciones tengan en Estados Unidos.<\/p>\n<p>\u00abEl objetivo es interrumpir todas las facetas de las redes log\u00edsticas de estas organizaciones criminales\u00bb, enfatiz\u00f3.<\/p>\n<p class=\"has-white-color has-text-color has-background\" style=\"background-color:#206582\">En la \u00abOperaci\u00f3n Centinela\u00bb participan agencias del DHS, como la Oficina de Aduanas y Protecci\u00f3n Fronteriza (CBP) y el Servicio de Inmigraci\u00f3n y Management de Aduanas (ICE), as\u00ed como el Bur\u00f3 Federal de Investigaciones (FBI) y la Administraci\u00f3n para el Management de Drogas (DEA).<\/p>\n<p>El titular interino del CBP, Troy Miller, acus\u00f3 a los traficantes de migrantes de agresiones sexuales, trata de personas y abandono de ni\u00f1os peque\u00f1os y mujeres sin agua ni comida en lugares remotos y de clima extremo.<\/p>\n<p>Dijo que s\u00f3lo el a\u00f1o pasado, unos 250 menores murieron durante el viaje a Estados Unidos, y que en 2019 los agentes que patrullan la frontera suroeste encontraron al menos 300 restos humanos no identificados, el mayor n\u00famero desde 2016.<\/p>\n<blockquote class=\"wp-block-quote\">\n<p>\u00abSabemos qui\u00e9nes son y vamos a por ustedes. Les quitaremos todo lo que podamos. Este es s\u00f3lo el comienzo\u00bb, prometi\u00f3.<\/p>\n<\/blockquote>\n<p>En contraposici\u00f3n con la dura pol\u00edtica antinmigraci\u00f3n de su predecesor Donald Trump, Biden apuesta a gestionar la migraci\u00f3n de una manera \u00abeficaz, segura y humana\u00bb, con un plan integral en cooperaci\u00f3n con M\u00e9xico y los pa\u00edses centroamericanos, origen de la mayor\u00eda de indocumentados.<\/p>\n<p>M\u00e1s de 172 mil migrantes irregulares, incluidos casi 19 mil menores no acompa\u00f1ados, fueron detenidos en marzo en la frontera sur de Estados Unidos, un alza del 71 por ciento en un mes y el nivel m\u00e1s alto en 15 a\u00f1os.\u00a0<\/p>\n<p>El lunes, tras una reuni\u00f3n digital entre la vicepresidenta estadounidense, Kamala Harris, y el presidente de Guatemala, Alejandro Giammattei, el canciller guatemalteco, Pedro Brolo, dijo que su pa\u00eds recibir\u00e1 asesoramiento sobre seguridad fronteriza de funcionarios\u00a0del DHS.<\/p>\n<h3>ES DE INTER\u00c9S |\u00a0<\/h3>\n<p><a rel=\"nofollow noopener\" target=\"_blank\" href=\"https:\/\/www.ejecentral.com.mx\/wp-admin\/post.php?post=1221644&amp;action=edit\">EU har\u00e1 frente a delitos en materia migratoria desde Chihuahua<\/a><\/p>\n<p><a rel=\"nofollow noopener\" target=\"_blank\" href=\"https:\/\/www.ejecentral.com.mx\/wp-admin\/post.php?post=1221710&amp;action=edit\">Migraci\u00f3n, corrupci\u00f3n y narco, temas entre EU y Guatemala<\/a><\/p>\n<p><a rel=\"nofollow noopener\" target=\"_blank\" href=\"https:\/\/www.ejecentral.com.mx\/wp-admin\/post.php?post=1221506&amp;action=edit\">EU donar\u00e1 vacunas de AstraZeneca al resto del mundo<\/a><\/p>\n<p><a rel=\"nofollow noopener\" target=\"_blank\" href=\"https:\/\/www.ejecentral.com.mx\/wp-admin\/post.php?post=1221287&amp;action=edit\">Estadounidenses vacunados pronto podr\u00e1n visitar Europa<\/a><\/p>\n<\/p><\/div>\n<p><script>\n        window.twttr = (function(d, s, id) {\n            var js, fjs = d.getElementsByTagName(s)[0],\n            t = window.twttr || {};\n            if (d.getElementById(id)) return t;\n            js = d.createElement(s);\n            js.id = id;\n            js.src = \"https:\/\/platform.twitter.com\/widgets.js\";\n            fjs.parentNode.insertBefore(js, fjs);\n            t._e = [];\n            t.ready = function(f) {\n            t._e.push(f);\n            };\n            return t;\n        }(document, \"script\", \"twitter-wjs\"));\n        (function(d, s, id) {\n            var js, fjs = d.getElementsByTagName(s)[0];\n            if (d.getElementById(id)) return;\n            js = d.createElement(s); js.id = id;\n            js.src = \"\/\/connect.facebook.net\/es_LA\/sdk.js#xfbml=1&version=v2.9&appId=172709039443694\";\n            fjs.parentNode.insertBefore(js, fjs);\n        }(document, 'script', 'facebook-jssdk'));\n        (function(i,s,o,g,r,a,m))(window,document,'script','\/\/www.google-analytics.com\/analytics.js','ga');\n        ga('create', 'UA-54253421-1', 'auto');\n        ga('send', 'pageview');\n    <\/script><br \/>\n<br \/><\/p>\n<p><em> &#8221; Fuentes www.ejecentral.com.mx &#8221; <\/em><\/p>\n","protected":false},"excerpt":{"rendered":"<p>El gobierno de Joe Biden anunci\u00f3 el martes el lanzamiento de una operaci\u00f3n contra redes trasnacionales de tr\u00e1fico de migrantes, cuando Estados Unidos enfrenta una llegada r\u00e9cord de indocumentados a su frontera con M\u00e9xico. La \u00abOperaci\u00f3n Centinela\u00bb, en la que participan el FBI y la DEA, entre otras agencias gubernamentales, apunta a impedir que los [&hellip;]<\/p>\n","protected":false},"author":4,"featured_media":116882,"comment_status":"open","ping_status":"closed","sticky":false,"template":"","format":"standard","meta":{"om_disable_all_campaigns":false,"jnews-multi-image_gallery":[],"jnews_single_post":[],"jnews_primary_category":[],"jnews_social_meta":[],"footnotes":""},"categories":[40],"tags":[],"class_list":["post-116881","post","type-post","status-publish","format-standard","has-post-thumbnail","hentry","category-industria"],"_links":{"self":[{"href":"https:\/\/dimensionturistica.com\/es\/wp-json\/wp\/v2\/posts\/116881","targetHints":{"allow":["GET"]}}],"collection":[{"href":"https:\/\/dimensionturistica.com\/es\/wp-json\/wp\/v2\/posts"}],"about":[{"href":"https:\/\/dimensionturistica.com\/es\/wp-json\/wp\/v2\/types\/post"}],"author":[{"embeddable":true,"href":"https:\/\/dimensionturistica.com\/es\/wp-json\/wp\/v2\/users\/4"}],"replies":[{"embeddable":true,"href":"https:\/\/dimensionturistica.com\/es\/wp-json\/wp\/v2\/comments?post=116881"}],"version-history":[{"count":0,"href":"https:\/\/dimensionturistica.com\/es\/wp-json\/wp\/v2\/posts\/116881\/revisions"}],"wp:featuredmedia":[{"embeddable":true,"href":"https:\/\/dimensionturistica.com\/es\/wp-json\/wp\/v2\/media\/116882"}],"wp:attachment":[{"href":"https:\/\/dimensionturistica.com\/es\/wp-json\/wp\/v2\/media?parent=116881"}],"wp:term":[{"taxonomy":"category","embeddable":true,"href":"https:\/\/dimensionturistica.com\/es\/wp-json\/wp\/v2\/categories?post=116881"},{"taxonomy":"post_tag","embeddable":true,"href":"https:\/\/dimensionturistica.com\/es\/wp-json\/wp\/v2\/tags?post=116881"}],"curies":[{"name":"wp","href":"https:\/\/api.w.org\/{rel}","templated":true}]}}