{"id":116865,"date":"2021-04-28T15:02:34","date_gmt":"2021-04-28T15:02:34","guid":{"rendered":"https:\/\/dimensionturistica.com\/es\/?p=116865"},"modified":"2021-04-28T15:02:34","modified_gmt":"2021-04-28T15:02:34","slug":"estadounidenses-totalmente-vacunados-podran-salir-sin-mascarillas","status":"publish","type":"post","link":"https:\/\/dimensionturistica.com\/es\/estadounidenses-totalmente-vacunados-podran-salir-sin-mascarillas\/","title":{"rendered":"Estadounidenses totalmente vacunados podr\u00e1n salir sin mascarillas"},"content":{"rendered":"<p> <br \/>\n<\/p>\n<div>\n<figure id=\"attachment_334932\" style=\"width: 947px\" class=\"wp-caption alignnone\"><img decoding=\"async\" class=\"wp-image-334932 size-full\" src=\"data:image\/svg+xml,%3Csvg%20xmlns=\" http:=\"\" alt=\"vacuna contra el coronavirus, estadounidenses sin mascarillas\" width=\"947\" height=\"513\" data-lazy-srcset=\"https:\/\/cdn.panampost.com\/wp-content\/uploads\/vacunas-covid19-eeuu.jpg 947w, https:\/\/cdn.panampost.com\/wp-content\/uploads\/vacunas-covid19-eeuu-300x163.jpg 300w, https:\/\/cdn.panampost.com\/wp-content\/uploads\/vacunas-covid19-eeuu-768x416.jpg 768w, https:\/\/cdn.panampost.com\/wp-content\/uploads\/vacunas-covid19-eeuu-750x406.jpg 750w\" data-lazy-sizes=\"(max-width: 947px) 100vw, 947px\" data-lazy-src=\"https:\/\/cdn.panampost.com\/wp-content\/uploads\/vacunas-covid19-eeuu.jpg\"\/><noscript><img decoding=\"async\" class=\"wp-image-334932 size-full\" src=\"https:\/\/cdn.panampost.com\/wp-content\/uploads\/vacunas-covid19-eeuu.jpg\" alt=\"vacuna contra el coronavirus, estadounidenses sin mascarillas\" width=\"947\" height=\"513\" srcset=\"https:\/\/cdn.panampost.com\/wp-content\/uploads\/vacunas-covid19-eeuu.jpg 947w, https:\/\/cdn.panampost.com\/wp-content\/uploads\/vacunas-covid19-eeuu-300x163.jpg 300w, https:\/\/cdn.panampost.com\/wp-content\/uploads\/vacunas-covid19-eeuu-768x416.jpg 768w, https:\/\/cdn.panampost.com\/wp-content\/uploads\/vacunas-covid19-eeuu-750x406.jpg 750w\" sizes=\"(max-width: 947px) 100vw, 947px\"\/><\/noscript><figcaption class=\"wp-caption-text\">29 % de los estadounidenses han recibido las dos dosis de la vacuna contra el coronavirus. (EFE)<\/figcaption><\/figure>\n<p>Los estadounidenses que hayan recibido ambas dosis de la vacuna contra el COVID-19 podr\u00e1n finalmente salir sin mascarillas y entrar a algunos lugares cerrados con pocas personas, anunci\u00f3 la gu\u00eda actualizada de los Centros para el Management y la Prevenci\u00f3n de Enfermedades (CDC, en ingl\u00e9s).<\/p>\n<p>Las personas vacunadas\u00a0podr\u00e1n poner en pr\u00e1ctica la nueva medida mientras caminan, hacen ejercicio, cenan o asisten a peque\u00f1as reuniones al aire libre o en casas, guardando distancia. Esto significa el fin parcial de una etapa para el pa\u00eds, que tiene vacunado al <a rel=\"nofollow noopener\" target=\"_blank\" href=\"https:\/\/www.google.com\/search?q=vacunas+covid&amp;oq=vacunas+&amp;aqs=chrome.1.69i57j0i131i433l2j0i20i263i433j0i131i433j0i20i263i433j0i131i433j0j0i433j0.2289j0j7&amp;sourceid=chrome&amp;ie=UTF-8\">29 %<\/a> de la poblaci\u00f3n.<\/p>\n<p>Si bien el presidente Joe Biden hab\u00eda exigido el <a rel=\"nofollow noopener\" target=\"_blank\" href=\"https:\/\/panampost.com\/oriana-rivas\/2021\/03\/30\/biden-desecha-dialogo-corea-del-norte-trump\/\">uso obligatorio<\/a> de la mascarilla, el anuncio demuestra que ya no es necesario. De hecho, gobernadores de <a rel=\"nofollow noopener\" target=\"_blank\" href=\"https:\/\/panampost.com\/oriana-rivas\/2021\/03\/31\/gobernadores-mascarilla-biden\/\">varios estados<\/a> hab\u00edan eliminado el mandato hace d\u00edas por considerar que esta no period la respuesta a las tasas de contagios.<\/p>\n<p>Estar \u00abcompletamente\u00bb vacunado tambi\u00e9n requiere que haya pasado cierto tiempo dependiendo de la vacuna recibida. La agencia indica que son dos semanas\u00a0despu\u00e9s de la segunda dosis de\u00a0Pfizer o Moderna, o dos semanas despu\u00e9s de la \u00fanica dosis de\u00a0Johnson &amp; Johnson.<\/p>\n<div class=\"jeg_ad jeg_ad_article jnews_content_inline_ads \">\n<div class=\"ads-wrapper align-right \"><a rel=\"nofollow noopener\" target=\"_blank\" href=\"https:\/\/bit.ly\/jnewsio\" class=\"adlink ads_image align-right\"> <img decoding=\"async\" class=\"lazyload\" src=\"https:\/\/pre.panampost.com\/wp-content\/uploads\/ad_300x250.jpg\" alt=\"\" data-pin-no-hover=\"true\"\/> <\/a><\/div>\n<\/div>\n<h4><strong>A\u00fan hay ciertas restricciones<\/strong><\/h4>\n<p>Salir\u00a0sin mascarillas es un avance para la poblaci\u00f3n estadounidense, que estaba a expensas de las regulaciones en sus respectivos estados para determinar si usaban o no la m\u00e1scara. Por ejemplo,<a rel=\"nofollow noopener\" target=\"_blank\" href=\"https:\/\/panampost.com\/oriana-rivas\/2021\/04\/27\/twitter-desinformacion-texas-florida\/\"> Michigan<\/a> est\u00e1 teniendo altas tasas de contagio a pesar del uso obligatorio en restaurantes y escuelas.<\/p>\n<p>Si bien la nueva recomendaci\u00f3n de los CDC fue difundida incluso por Biden, hay algunas restricciones a\u00fan a tener en cuenta: seguir us\u00e1ndola en lugares p\u00fablicos cerrados con muchas personas, al reunirse en interiores con personas no vacunadas de m\u00e1s de otro hogar, y en\u00a0aviones, autobuses y trenes. Hay otras indicaciones en la<a rel=\"nofollow noopener\" target=\"_blank\" href=\"https:\/\/archive.is\/k8lA3#selection-2725.1-2725.30\"> gu\u00eda publicada<\/a> por el organismo.<\/p>\n<p>Las recomendaciones ser\u00e1n actualizadas en cuanto exista m\u00e1s informaci\u00f3n sobre las vacunas, ya que a\u00fan se est\u00e1 determinando su nivel y duraci\u00f3n de su protecci\u00f3n.<\/p>\n<h4><strong>El origen de los planes de vacunaci\u00f3n<\/strong><\/h4>\n<p>La carrera de EE. UU. por las vacunas comenz\u00f3 desde que la pandemia empez\u00f3 a azotar a Occidente. Todo naci\u00f3 desde mayo de 2020 con la creaci\u00f3n de la\u00a0<em>Operaci\u00f3n Warp Velocity<\/em>, una asociaci\u00f3n\u00a0p\u00fablico-privada impulsada por la Casa Blanca.<\/p>\n<p>En diciembre de 2020 el expresidente Donald Trump firm\u00f3 un decreto para <a rel=\"nofollow noopener\" target=\"_blank\" href=\"https:\/\/panampost.com\/oriana-rivas\/2020\/12\/08\/trump-prioritario-vacuna\/\">dar prioridad a los ciudadanos estadounidenses<\/a> para el acceso a las vacunas. En ese momento inform\u00f3 que el objetivo period proporcionar vacunas para toda la poblaci\u00f3n para abril de este a\u00f1o. Una medida heredada por la administraci\u00f3n precise.<\/p>\n<p>El ritmo de aplicaci\u00f3n de dosis ha elevado el nivel de inmunidad de la poblaci\u00f3n a tal punto que ciudadanos de otros pa\u00edses <a rel=\"nofollow noopener\" target=\"_blank\" href=\"https:\/\/panampost.com\/oriana-rivas\/2021\/04\/21\/turismo-covid-vacunas-eeuu\/\">viajan solo para obtenerlas<\/a>. Las agencias de viaje han dado testimonios de esto.<\/p>\n<p>Para mediados de abril, Biden anunci\u00f3 que el pa\u00eds hab\u00eda llegado a la meta de 200 millones de dosis aplicadas. En d\u00edas previos, EE. UU. hab\u00eda ampliado el rango a todos los mayores de 16 a\u00f1os.\u00a0\u00abTenemos suficientes vacunas y tenemos que estar protegidos. As\u00ed que, por favor, p\u00f3ngase la vacuna\u00bb, dijo.<\/p>\n<\/div>\n\n<p><em> &#8221; Fuentes panampost.com &#8221; <\/em><\/p>\n","protected":false},"excerpt":{"rendered":"<p>29 % de los estadounidenses han recibido las dos dosis de la vacuna contra el coronavirus. (EFE) Los estadounidenses que hayan recibido ambas dosis de la vacuna contra el COVID-19 podr\u00e1n finalmente salir sin mascarillas y entrar a algunos lugares cerrados con pocas personas, anunci\u00f3 la gu\u00eda actualizada de los Centros para el Management y [&hellip;]<\/p>\n","protected":false},"author":4,"featured_media":116866,"comment_status":"open","ping_status":"closed","sticky":false,"template":"","format":"standard","meta":{"om_disable_all_campaigns":false,"jnews-multi-image_gallery":[],"jnews_single_post":[],"jnews_primary_category":[],"jnews_social_meta":[],"footnotes":""},"categories":[40],"tags":[],"class_list":["post-116865","post","type-post","status-publish","format-standard","has-post-thumbnail","hentry","category-industria"],"_links":{"self":[{"href":"https:\/\/dimensionturistica.com\/es\/wp-json\/wp\/v2\/posts\/116865","targetHints":{"allow":["GET"]}}],"collection":[{"href":"https:\/\/dimensionturistica.com\/es\/wp-json\/wp\/v2\/posts"}],"about":[{"href":"https:\/\/dimensionturistica.com\/es\/wp-json\/wp\/v2\/types\/post"}],"author":[{"embeddable":true,"href":"https:\/\/dimensionturistica.com\/es\/wp-json\/wp\/v2\/users\/4"}],"replies":[{"embeddable":true,"href":"https:\/\/dimensionturistica.com\/es\/wp-json\/wp\/v2\/comments?post=116865"}],"version-history":[{"count":0,"href":"https:\/\/dimensionturistica.com\/es\/wp-json\/wp\/v2\/posts\/116865\/revisions"}],"wp:featuredmedia":[{"embeddable":true,"href":"https:\/\/dimensionturistica.com\/es\/wp-json\/wp\/v2\/media\/116866"}],"wp:attachment":[{"href":"https:\/\/dimensionturistica.com\/es\/wp-json\/wp\/v2\/media?parent=116865"}],"wp:term":[{"taxonomy":"category","embeddable":true,"href":"https:\/\/dimensionturistica.com\/es\/wp-json\/wp\/v2\/categories?post=116865"},{"taxonomy":"post_tag","embeddable":true,"href":"https:\/\/dimensionturistica.com\/es\/wp-json\/wp\/v2\/tags?post=116865"}],"curies":[{"name":"wp","href":"https:\/\/api.w.org\/{rel}","templated":true}]}}