{"id":116771,"date":"2021-04-28T13:38:55","date_gmt":"2021-04-28T13:38:55","guid":{"rendered":"https:\/\/dimensionturistica.com\/es\/?p=116771"},"modified":"2021-04-28T13:38:56","modified_gmt":"2021-04-28T13:38:56","slug":"pedernales-la-nueva-joya-turistica-que-ya-exploran-inversores-mexicanos-noticias-de-turismo","status":"publish","type":"post","link":"https:\/\/dimensionturistica.com\/es\/pedernales-la-nueva-joya-turistica-que-ya-exploran-inversores-mexicanos-noticias-de-turismo\/","title":{"rendered":"Pedernales, la nueva joya tur\u00edstica que ya exploran inversores mexicanos &#8211; Noticias de turismo"},"content":{"rendered":"<p> <br \/>\n<\/p>\n<div>\n<p>Una delegaci\u00f3n de inversionistas mexicanos\u00a0 se encuentran en el pa\u00eds motivados por conocer el modelo de turismo sostenible que se implementar\u00e1 en\u00a0<strong>Pedernales; <\/strong>por ello visitaron la provincia para conocer de primera mano los detalles del Proyecto de Desarrollo Tur\u00edstico que se estar\u00e1 implementando en la zona y las oportunidades de inversi\u00f3n que ofrece bajo la modalidad de alianza p\u00fablico-privada.<\/p>\n<p><a rel=\"nofollow noopener\" target=\"_blank\" href=\"https:\/\/www.arecoa.com\/wp-content\/uploads\/2021\/04\/pedernales5.jpg\"><img decoding=\"async\" class=\"alignleft wp-image-131862\" src=\"https:\/\/www.arecoa.com\/wp-content\/uploads\/2021\/04\/pedernales5.jpg\" alt=\"\" width=\"680\" height=\"382\" srcset=\"https:\/\/www.arecoa.com\/wp-content\/uploads\/2021\/04\/pedernales5.jpg 680w, https:\/\/www.arecoa.com\/wp-content\/uploads\/2021\/04\/pedernales5-300x169.jpg 300w, https:\/\/www.arecoa.com\/wp-content\/uploads\/2021\/04\/pedernales5-250x140.jpg 250w, https:\/\/www.arecoa.com\/wp-content\/uploads\/2021\/04\/pedernales5-423x238.jpg 423w\" sizes=\"(max-width: 680px) 100vw, 680px\" \/><\/a>Los empresarios llegaron v\u00eda a\u00e9rea al <strong>aeropuerto de Cabo Rojo<\/strong> y desde all\u00ed iniciaron un recorrido que incluy\u00f3 la visita a la zona donde se construir\u00e1n, en una primera etapa,\u00a03,000 habitaciones hoteleras, un aeropuerto internacional y diversas obras de infraestructura y servicios.<\/p>\n<p>El grupo de inversionistas mexicanos sobrevolaron las zonas donde se estima la construcci\u00f3n de la\u00a0infraestructura hotelera que en 10 a\u00f1os contar\u00e1 con 10,000 habitaciones\u00a0e hicieron un recorrido en bote hacia <strong>Bah\u00eda de las \u00c1guilas<\/strong>.<\/p>\n<p>Acompa\u00f1ados por el director ejecutivo de la Direcci\u00f3n Normal de Alianzas P\u00fablico Privadas (<strong>DGAPP<\/strong>), <strong>Sigmund Freund;<\/strong>\u00a0el embajador de <strong>M\u00e9xico<\/strong> en Rep\u00fablica Dominicana, <strong>Carlos Pe\u00f1afiel;<\/strong>\u00a0el director ejecutivo del <strong>Departamento Aeroportuario<\/strong>, <strong>V\u00edctor Pichardo<\/strong> y otros funcionarios de la DGAPP, los empresarios conocieron el potencial de la provincia para el\u00a0desarrollo de un destino tur\u00edstico \u00fanico y eco sostenible, en donde las autoridades se proponen implementar un modelo de turismo de lujo.<\/p>\n<p>El grupo de inversionistas estaba compuesto de desarrolladores de infraestructura aeroportuaria, expertos en direcci\u00f3n y supervisi\u00f3n de proyectos, empresarios del sector energ\u00eda, l\u00edderes del sector de bienes ra\u00edces, operadores de hoteles e inmuebles, empresas especializadas en obras de aparcamiento, centros comerciales, hosteler\u00eda y alojamientos colectivos, as\u00ed como en dise\u00f1o arquitect\u00f3nico de resorts de lujo.<\/p>\n<p>En la comitiva tambi\u00e9n se encontraban empresarios dedicados al desarrollo inmobiliario, la industria de clubes vacacionales y de cruceros, entre otras \u00e1reas esenciales para el desarrollo de la infraestructura tur\u00edstica del destino Pedernales.<\/p>\n<p>Todas las empresas tienen amplio reconocimiento en M\u00e9xico sus proyectos en emblem\u00e1ticas zonas tur\u00edsticas como Canc\u00fan, Rivera Maya; tambi\u00e9n en Estados Unidos y Suram\u00e9rica.<\/p>\n<div id=\"FIOnDemandWrapper_fiInstance_101888_4_855101278717866\" class=\"FIOnDemandWrapper\">\n<p>\u00a0Freund se mostr\u00f3 complacido con la visita de de los inversionistas e indic\u00f3 que la mayor\u00eda de ellos son fundadores del destino tur\u00edstico de Canc\u00fan, M\u00e9xico y tienen importantes inversiones hoteleras en RD.<\/p>\n<\/div>\n<p>\u201cEn adici\u00f3n al inter\u00e9s que puedan mostrar para invertir, tambi\u00e9n est\u00e1n aqu\u00ed para recomendarnos, aconsejarnos sobre cu\u00e1l ser\u00eda la mejor manera para desarrollar este destino\u201d, indic\u00f3 seg\u00fan List\u00edn Diario.<\/p>\n<p>Destac\u00f3 que el grupo se convierte en el\u00a0primero que visita la zona luego de la creaci\u00f3n del Fideicomiso Pedernales\u00a0y de la estructuraci\u00f3n del Plan de Desarrollo como proyecto APP.<\/p>\n<p>Reiter\u00f3 que este a\u00f1o 2021 ser\u00e1 una realidad el inicio de la construcci\u00f3n de las primeras obras de infraestructuras en Cabo Rojo.<\/p>\n<p><a rel=\"nofollow noopener\" target=\"_blank\" href=\"https:\/\/www.arecoa.com\/wp-content\/uploads\/2021\/04\/pedernales6.jpg\"><img decoding=\"async\" class=\"alignleft wp-image-131864\" src=\"https:\/\/www.arecoa.com\/wp-content\/uploads\/2021\/04\/pedernales6.jpg\" alt=\"\" width=\"442\" height=\"295\" srcset=\"https:\/\/www.arecoa.com\/wp-content\/uploads\/2021\/04\/pedernales6.jpg 680w, https:\/\/www.arecoa.com\/wp-content\/uploads\/2021\/04\/pedernales6-300x200.jpg 300w, https:\/\/www.arecoa.com\/wp-content\/uploads\/2021\/04\/pedernales6-250x167.jpg 250w, https:\/\/www.arecoa.com\/wp-content\/uploads\/2021\/04\/pedernales6-423x282.jpg 423w, https:\/\/www.arecoa.com\/wp-content\/uploads\/2021\/04\/pedernales6-75x50.jpg 75w\" sizes=\"(max-width: 442px) 100vw, 442px\" \/><\/a>\u201cSer\u00e1 una realidad, este a\u00f1o iniciar\u00e1n obras en Pedernales, la carretera Enriquillo, Pedernales viene por ah\u00ed, tambi\u00e9n los trabajos de lo que ser\u00eda el proyecto interno, vamos a remodelar este aer\u00f3dromo para darle sustento a los inversionistas, o sea, que iniciaremos las obras en Pedernales\u201d, asegur\u00f3 Freund.<\/p>\n<p>Agreg\u00f3 que, como dijo el presidente de la Rep\u00fablica, Luis Abinader en su reciente visita a Espa\u00f1a \u201cesta es la hora de invertir\u201d, por lo que destac\u00f3 que Pedernales est\u00e1 destinado a convertirse en un polo tur\u00edstico de referencia para la regi\u00f3n.<\/p>\n<p>En tanto, el embajador de M\u00e9xico, Carlos Pe\u00f1afiel, destac\u00f3 que es la primera vez que visita Pedernales y agradeci\u00f3 la invitaci\u00f3n del director ejecutivo de la DGAPP, al tiempo de destacar el \u00e1nimo que existe entre los empresarios mexicanos de generar alianzas p\u00fablico-privada y la confianza que tienen en el pa\u00eds.<\/p>\n<p>Destac\u00f3 que\u00a0M\u00e9xico se ha convertido en el segundo pa\u00eds con mayor flujo de inversi\u00f3n extranjera en Rep\u00fablica Dominicana, superando la inversi\u00f3n espa\u00f1ola y canadiense. \u201cEsto habla de la gran empat\u00eda, el cari\u00f1o, de la gran sinton\u00eda que hay entre nuestros pueblos y entre nuestros inversores\u201d.<\/p>\n<p>Reiter\u00f3 que el capital mexicano tiene una gran confianza en el Gobierno dominicano, que hay una gran certidumbre para las inversiones y que en Pedernales, Rep\u00fablica Dominicana tienen un \u201cpeque\u00f1o para\u00edso\u201d.<\/p>\n<p>De su lado, el director ejecutivo del Departamento Aeroportuario, V\u00edctor Pichardo, y los asesores del proyecto ofrecieron a los inversionistas detalles t\u00e9cnicos sobre el terreno de la construcci\u00f3n del aeropuerto internacional que se contempla.<\/p>\n<p>\u201cEl prop\u00f3sito es mostrar a los inversionista el atractivo y potencial tur\u00edstico de la zona, donde se implementar\u00e1 el Proyecto de Desarrollo de Pedernales, el cual incluye la construcci\u00f3n de un aeropuerto internacional\u201d, dijo.<\/p>\n<p>La visita de los empresarios mexicanos concluy\u00f3 con un recorrido por las calles del pueblo pedernalense donde conversaron con autoridades locales sobre el potencial de la provincia para el turismo.<\/p>\n<p><a rel=\"nofollow noopener\" target=\"_blank\" href=\"https:\/\/www.arecoa.com\/wp-content\/uploads\/2021\/04\/pedernales1.jpg\"><img decoding=\"async\" class=\"alignleft size-full wp-image-131868\" src=\"https:\/\/www.arecoa.com\/wp-content\/uploads\/2021\/04\/pedernales1.jpg\" alt=\"\" width=\"360\" height=\"360\" srcset=\"https:\/\/www.arecoa.com\/wp-content\/uploads\/2021\/04\/pedernales1.jpg 360w, https:\/\/www.arecoa.com\/wp-content\/uploads\/2021\/04\/pedernales1-150x150.jpg 150w, https:\/\/www.arecoa.com\/wp-content\/uploads\/2021\/04\/pedernales1-300x300.jpg 300w, https:\/\/www.arecoa.com\/wp-content\/uploads\/2021\/04\/pedernales1-250x250.jpg 250w, https:\/\/www.arecoa.com\/wp-content\/uploads\/2021\/04\/pedernales1-60x60.jpg 60w\" sizes=\"(max-width: 360px) 100vw, 360px\" \/><\/a><\/p>\n<p><a rel=\"nofollow noopener\" target=\"_blank\" href=\"https:\/\/www.arecoa.com\/wp-content\/uploads\/2021\/04\/pedernales2.jpg\"><img decoding=\"async\" class=\"alignleft wp-image-131867\" src=\"https:\/\/www.arecoa.com\/wp-content\/uploads\/2021\/04\/pedernales2.jpg\" alt=\"\" width=\"655\" height=\"369\" srcset=\"https:\/\/www.arecoa.com\/wp-content\/uploads\/2021\/04\/pedernales2.jpg 680w, https:\/\/www.arecoa.com\/wp-content\/uploads\/2021\/04\/pedernales2-300x169.jpg 300w, https:\/\/www.arecoa.com\/wp-content\/uploads\/2021\/04\/pedernales2-250x140.jpg 250w, https:\/\/www.arecoa.com\/wp-content\/uploads\/2021\/04\/pedernales2-423x238.jpg 423w\" sizes=\"(max-width: 655px) 100vw, 655px\" \/><\/a><\/p>\n<p><a rel=\"nofollow noopener\" target=\"_blank\" href=\"https:\/\/www.arecoa.com\/wp-content\/uploads\/2021\/04\/pedernales3-1.jpg\"><img decoding=\"async\" class=\"alignleft wp-image-131866\" src=\"https:\/\/www.arecoa.com\/wp-content\/uploads\/2021\/04\/pedernales3-1.jpg\" alt=\"\" width=\"649\" height=\"420\" srcset=\"https:\/\/www.arecoa.com\/wp-content\/uploads\/2021\/04\/pedernales3-1.jpg 680w, https:\/\/www.arecoa.com\/wp-content\/uploads\/2021\/04\/pedernales3-1-300x194.jpg 300w, https:\/\/www.arecoa.com\/wp-content\/uploads\/2021\/04\/pedernales3-1-250x162.jpg 250w, https:\/\/www.arecoa.com\/wp-content\/uploads\/2021\/04\/pedernales3-1-423x274.jpg 423w, https:\/\/www.arecoa.com\/wp-content\/uploads\/2021\/04\/pedernales3-1-75x50.jpg 75w\" sizes=\"(max-width: 649px) 100vw, 649px\" \/><\/a><\/p>\n<p><a rel=\"nofollow noopener\" target=\"_blank\" href=\"https:\/\/www.arecoa.com\/wp-content\/uploads\/2021\/04\/pedernales4.jpg\"><img decoding=\"async\" class=\"alignleft wp-image-131865\" src=\"https:\/\/www.arecoa.com\/wp-content\/uploads\/2021\/04\/pedernales4.jpg\" alt=\"\" width=\"643\" height=\"361\" srcset=\"https:\/\/www.arecoa.com\/wp-content\/uploads\/2021\/04\/pedernales4.jpg 680w, https:\/\/www.arecoa.com\/wp-content\/uploads\/2021\/04\/pedernales4-300x169.jpg 300w, https:\/\/www.arecoa.com\/wp-content\/uploads\/2021\/04\/pedernales4-250x140.jpg 250w, https:\/\/www.arecoa.com\/wp-content\/uploads\/2021\/04\/pedernales4-423x238.jpg 423w\" sizes=\"(max-width: 643px) 100vw, 643px\" \/><\/a><\/p>\n<p><!-- AddThis Advanced Settings above via filter on the_content --><!-- AddThis Advanced Settings below via filter on the_content --><!-- AddThis Advanced Settings generic via filter on the_content --><!-- AddThis Share Buttons above via filter on the_content --><!-- AddThis Share Buttons below via filter on the_content --><!-- AddThis Share Buttons generic via filter on the_content --><\/div>\n\n<p><em> &#8221; Fuentes www.arecoa.com &#8221; <\/em><\/p>\n","protected":false},"excerpt":{"rendered":"<p>Una delegaci\u00f3n de inversionistas mexicanos\u00a0 se encuentran en el pa\u00eds motivados por conocer el modelo de turismo sostenible que se implementar\u00e1 en\u00a0Pedernales; por ello visitaron la provincia para conocer de primera mano los detalles del Proyecto de Desarrollo Tur\u00edstico que se estar\u00e1 implementando en la zona y las oportunidades de inversi\u00f3n que ofrece bajo la [&hellip;]<\/p>\n","protected":false},"author":4,"featured_media":116772,"comment_status":"open","ping_status":"closed","sticky":false,"template":"","format":"standard","meta":{"om_disable_all_campaigns":false,"jnews-multi-image_gallery":[],"jnews_single_post":[],"jnews_primary_category":[],"jnews_social_meta":[],"footnotes":""},"categories":[40],"tags":[],"class_list":["post-116771","post","type-post","status-publish","format-standard","has-post-thumbnail","hentry","category-industria"],"_links":{"self":[{"href":"https:\/\/dimensionturistica.com\/es\/wp-json\/wp\/v2\/posts\/116771","targetHints":{"allow":["GET"]}}],"collection":[{"href":"https:\/\/dimensionturistica.com\/es\/wp-json\/wp\/v2\/posts"}],"about":[{"href":"https:\/\/dimensionturistica.com\/es\/wp-json\/wp\/v2\/types\/post"}],"author":[{"embeddable":true,"href":"https:\/\/dimensionturistica.com\/es\/wp-json\/wp\/v2\/users\/4"}],"replies":[{"embeddable":true,"href":"https:\/\/dimensionturistica.com\/es\/wp-json\/wp\/v2\/comments?post=116771"}],"version-history":[{"count":0,"href":"https:\/\/dimensionturistica.com\/es\/wp-json\/wp\/v2\/posts\/116771\/revisions"}],"wp:featuredmedia":[{"embeddable":true,"href":"https:\/\/dimensionturistica.com\/es\/wp-json\/wp\/v2\/media\/116772"}],"wp:attachment":[{"href":"https:\/\/dimensionturistica.com\/es\/wp-json\/wp\/v2\/media?parent=116771"}],"wp:term":[{"taxonomy":"category","embeddable":true,"href":"https:\/\/dimensionturistica.com\/es\/wp-json\/wp\/v2\/categories?post=116771"},{"taxonomy":"post_tag","embeddable":true,"href":"https:\/\/dimensionturistica.com\/es\/wp-json\/wp\/v2\/tags?post=116771"}],"curies":[{"name":"wp","href":"https:\/\/api.w.org\/{rel}","templated":true}]}}