{"id":116649,"date":"2021-04-28T11:50:01","date_gmt":"2021-04-28T11:50:01","guid":{"rendered":"https:\/\/dimensionturistica.com\/es\/?p=116649"},"modified":"2021-04-28T11:50:01","modified_gmt":"2021-04-28T11:50:01","slug":"turismo-y-valles-pasiegos-trabajaran-conjuntamente-para-que-la-n-623-sea-declarada-ruta-turistica-nacional-el-faradio","status":"publish","type":"post","link":"https:\/\/dimensionturistica.com\/es\/turismo-y-valles-pasiegos-trabajaran-conjuntamente-para-que-la-n-623-sea-declarada-ruta-turistica-nacional-el-faradio\/","title":{"rendered":"Turismo y Valles Pasiegos trabajar\u00e1n conjuntamente para que la N-623 sea declarada Ruta Tur\u00edstica Nacional &#8211; El Faradio"},"content":{"rendered":"<p> <br \/>\n<\/p>\n<div id=\"wtr-content\" data-bg=\"#FFFFFF\" data-fg=\"#ef4136\" data-width=\"5\" data-mute=\"\" data-fgopacity=\"0.5\" data-mutedopacity=\"0.5\" data-placement=\"top\" data-placement-offset=\"0\" data-content-offset=\"0\" data-placement-touch=\"top\" data-placement-offset-touch=\"0\" data-transparent=\"\" data-shadow=\"1\" data-touch=\"1\" data-non-touch=\"1\" data-comments=\"0\" data-commentsbg=\"#efbfba\" data-location=\"page\" data-mutedfg=\"#ef4136\" data-endfg=\"#f44813\" data-rtl=\"\">\n<p>La Consejer\u00eda de Industria, Turismo, Innovaci\u00f3n, Transporte y Comercio trabajar\u00e1 de forma conjunta con la Asociaci\u00f3n para la Promoci\u00f3n y Desarrollo de los Valles Pasiegos para conseguir que la Nacional 623 entre Burgos y Santander sea declarada Ruta Tur\u00edstica Nacional, lo que la convertir\u00eda en la primera carretera con este distintivo de Espa\u00f1a.<\/p>\n<p>As\u00ed se lo ha trasladado el consejero, Javier L\u00f3pez Marcano, al presidente de la asociaci\u00f3n\u00a0 y alcalde de Villacarriedo,\u00a0 \u00c1ngel Sainz, en la reuni\u00f3n que han mantenido para analizar los proyectos que se pretenden desarrollar en la comarca en el \u00e1mbito tur\u00edstico.<\/p>\n<p>L\u00f3pez Marcano ha valorado como \u201cinnovadora y ambiciosa\u201d la apuesta de poner en valor la N-623 y convertir esta antigua carretera en un atractivo tur\u00edstico vinculado al territorio y a sus recursos culturales, etnogr\u00e1ficos y gastron\u00f3micos.<\/p>\n<p>El consejero se ha comprometido a apoyar las actuaciones necesarias para promocionar esta ruta que une la Meseta, a trav\u00e9s del Puerto del Escudo, con la costa Cant\u00e1brica, y desde la Consejer\u00eda se ir\u00e1 de la mano con los Valles Pasiegos para que el proyecto sea tenido en cuenta en el reparto de fondos europeos que recibir\u00e1 Cantabria dentro de la Estrategia de Sostenibilidad Tur\u00edstica en Destino.<\/p>\n<p>Asimismo, L\u00f3pez Marcano ha adelantado que su departamento defender\u00e1 el proyecto en la Secretar\u00eda de Estado de Turismo para que desde el Ministerio de Fomento se tenga en cuenta la declaraci\u00f3n de la carretera como Ruta Tur\u00edstica Nacional. \u201cSer\u00eda algo novedoso y bueno para Cantabria y podr\u00eda ser el equivalente en Espa\u00f1a a la \u2018Ruta 66\u2019 de Estados Unidos que, como\u00a0 todos sabemos, es un producto tur\u00edstico conocido a nivel internacional\u201d, ha explicado.<\/p>\n<p>El consejero ha destacado, adem\u00e1s, que el proyecto es compartido con Castilla y Le\u00f3n gracias al trabajo realizado conjuntamente por la Asociaci\u00f3n de Promoci\u00f3n y Desarrollo de los Valles Pasiegos y la Diputaci\u00f3n de Burgos a trav\u00e9s de la sociedad \u2018Burgos Alimenta\u2019. Ambas entidades vienen trabajando en los \u00faltimos a\u00f1os en potenciar esta carretera.<\/p>\n<p>\u00a0<\/p>\n<p>\u00a0<\/p>\n<p>El presidente de la asociaci\u00f3n, \u00c1ngel Sainz, ha explicado que desde ambas entidades se han realizado en este tiempo diferentes actuaciones, entre ellas un encuentro de moteros, la edici\u00f3n de dos v\u00eddeos promocionales y la publicaci\u00f3n de folletos informativos y mapas y se trabaja en la puesta en marcha de una p\u00e1gina internet sobre la N-623 y todos los recursos y atractivos tur\u00edsticos de los municipios que atraviesa.<\/p>\n<p>A \u00e9stas se suma la colaboraci\u00f3n con Brittany Ferries, dado que la carretera es muy transitada por los brit\u00e1nicos que llegan a Cantabria en ferrie, y, cuando la pandemia lo permita, se desarrollar\u00e1n actividades promocionales a bordo durante el viaje y se distribuir\u00e1 materials informativo.<\/p>\n<p>Asimismo, se han mantenido contactos con la Secretar\u00eda de Estado de Turismo a trav\u00e9s de la Purple Espa\u00f1ola de Desarrollo Rural ya que el proyecto \u201cre\u00fane todas las caracter\u00edsticas de dinamizaci\u00f3n tur\u00edstica en el \u00e1mbito rural y encaja a la perfecci\u00f3n en las actuaciones que la Secretar\u00eda de Estado quiere fomentar a favor de un turismo sostenible impulsado desde los grupos de acci\u00f3n local\u201d, ha afirmado Sainz, quien se ha mostrado convencido del potencial que esta ruta tur\u00edstica tiene \u201cpara dinamizar los pueblos por los que pasa con nuevas oportunidades de negocio y empleo relacionados con el turismo y los servicios\u201d.<\/p>\n<p>El presidente de la asociaci\u00f3n ha destacado, por \u00faltimo, el apoyo de los Ayuntamientos de Pi\u00e9lagos y Camargo, por cuyos territorios tambi\u00e9n discurre la nacional.<\/p>\n<p><strong><u>Promoci\u00f3n en Fitur<\/u><\/strong><\/p>\n<p>Los atractivos de la N-623 ser\u00e1n dados a conocer en Fitur con la proyecci\u00f3n del v\u00eddeo promocional, una promoci\u00f3n que se completar\u00e1 con una presentaci\u00f3n, en los pr\u00f3ximos meses, en Madrid.<\/p>\n<p>El objetivo es hacer de dicho vial\u00a0 -muy transitado hace d\u00e9cadas y hoy convertido en una carretera \u201cpara moteros y viajeros rom\u00e1nticos\u201d, seg\u00fan destacan los responsables del proyecto-,\u00a0 una ruta tur\u00edstica asociada a los paisajes, el Patrimonio Cultural y la gastronom\u00eda de los lugares por los que pasa.<\/p>\n<p><strong><u>153 kil\u00f3metros de paisaje y patrimonio<\/u><\/strong><\/p>\n<p>La Nacional 623 entre Burgos y Santander tiene una longitud whole de 153 kil\u00f3metros, de los cuales 93 discurren a trav\u00e9s de la provincia de Burgos, 30 por la comarca de los Valles Pasiegos y otros 30 por el resto de la Comunidad de Cantabria.<\/p>\n<p>Se trata del camino m\u00e1s corto entre las ciudades de Burgos y Santander, aunque, a partir de los a\u00f1os 90,\u00a0 las variantes que se construyeron para salvar la dif\u00edcil orograf\u00eda del terreno y el excesivo tr\u00e1fico, hicieron que la N-623 quedara en segundo plano.<\/p>\n<p>Su recorrido est\u00e1 salpicado de muchos y diferentes atractivos. Tan solo a su paso por los Valles Pasiegos\u00a0\u00a0 atraviesa un whole de 16 municipios, donde se encuentra ubicada la casi totalidad del Valle del Pas, ofreciendo todo lo que el visitante espera encontrar en Cantabria. Un relieve contrastado y en\u00e9rgico, una naturaleza exuberante, un paisaje con fuerte personalidad, salpicado por las caba\u00f1as pasiegas, y un rico patrimonio cultural y etnogr\u00e1fico, donde tampoco faltan las rutas y senderos para excursionistas.<\/p>\n<p>Entre estos atractivos se encuentran tambi\u00e9n Bienes de Inter\u00e9s Cultural como el n\u00facleo de Alceda y Patrimonio de la Humanidad como las cuevas prehist\u00f3ricas de Monte Castillo en Puente Viesgo, adem\u00e1s de oferta termal, zonas de descanso rodeadas de naturaleza y una amplia gama de productos agroalimentarios y propuestas gastron\u00f3micas, entre ellos los sobaos y quesadas pasiegas.<\/p>\n<p>La puesta en valor de la carretera \u00a0contempla la se\u00f1alizaci\u00f3n unificada del recorrido y de los principales puntos de inter\u00e9s paisaj\u00edstico, geol\u00f3gico, patrimonial o gastron\u00f3mico, entre otras acciones.<\/p>\n<p><strong><u>La Enga\u00f1a y V\u00eda Verde del Pas \u00a0<\/u><\/strong><\/p>\n<p>El consejero y Angel Sainz, que ha estado acompa\u00f1ado de la gerente de la Asociaci\u00f3n, \u00a0Ana Manrique, \u00a0tambi\u00e9n han hablado sobre otras actuaciones de inter\u00e9s para el desarrollo tur\u00edstico de la comarca, entre ellas, las que se llevar\u00e1n a cabo en el T\u00fanel de La Enga\u00f1a y su acondicionamiento tur\u00edstico o la homogenizaci\u00f3n de la se\u00f1alizaci\u00f3n de la V\u00eda Verde del Pas, producto ic\u00f3nico de los Valles Pasiegos, en todo su recorrido entre Ontaneda y Santander.<\/p>\n<\/div>\n\n<p><em> &#8221; Fuentes www.elfaradio.com &#8221; <\/em><\/p>\n","protected":false},"excerpt":{"rendered":"<p>La Consejer\u00eda de Industria, Turismo, Innovaci\u00f3n, Transporte y Comercio trabajar\u00e1 de forma conjunta con la Asociaci\u00f3n para la Promoci\u00f3n y Desarrollo de los Valles Pasiegos para conseguir que la Nacional 623 entre Burgos y Santander sea declarada Ruta Tur\u00edstica Nacional, lo que la convertir\u00eda en la primera carretera con este distintivo de Espa\u00f1a. As\u00ed se [&hellip;]<\/p>\n","protected":false},"author":4,"featured_media":116650,"comment_status":"open","ping_status":"closed","sticky":false,"template":"","format":"standard","meta":{"om_disable_all_campaigns":false,"jnews-multi-image_gallery":[],"jnews_single_post":[],"jnews_primary_category":[],"jnews_social_meta":[],"footnotes":""},"categories":[40],"tags":[],"class_list":["post-116649","post","type-post","status-publish","format-standard","has-post-thumbnail","hentry","category-industria"],"_links":{"self":[{"href":"https:\/\/dimensionturistica.com\/es\/wp-json\/wp\/v2\/posts\/116649","targetHints":{"allow":["GET"]}}],"collection":[{"href":"https:\/\/dimensionturistica.com\/es\/wp-json\/wp\/v2\/posts"}],"about":[{"href":"https:\/\/dimensionturistica.com\/es\/wp-json\/wp\/v2\/types\/post"}],"author":[{"embeddable":true,"href":"https:\/\/dimensionturistica.com\/es\/wp-json\/wp\/v2\/users\/4"}],"replies":[{"embeddable":true,"href":"https:\/\/dimensionturistica.com\/es\/wp-json\/wp\/v2\/comments?post=116649"}],"version-history":[{"count":0,"href":"https:\/\/dimensionturistica.com\/es\/wp-json\/wp\/v2\/posts\/116649\/revisions"}],"wp:featuredmedia":[{"embeddable":true,"href":"https:\/\/dimensionturistica.com\/es\/wp-json\/wp\/v2\/media\/116650"}],"wp:attachment":[{"href":"https:\/\/dimensionturistica.com\/es\/wp-json\/wp\/v2\/media?parent=116649"}],"wp:term":[{"taxonomy":"category","embeddable":true,"href":"https:\/\/dimensionturistica.com\/es\/wp-json\/wp\/v2\/categories?post=116649"},{"taxonomy":"post_tag","embeddable":true,"href":"https:\/\/dimensionturistica.com\/es\/wp-json\/wp\/v2\/tags?post=116649"}],"curies":[{"name":"wp","href":"https:\/\/api.w.org\/{rel}","templated":true}]}}