{"id":116632,"date":"2021-04-28T11:33:39","date_gmt":"2021-04-28T11:33:39","guid":{"rendered":"https:\/\/dimensionturistica.com\/es\/?p=116632"},"modified":"2021-04-28T11:33:39","modified_gmt":"2021-04-28T11:33:39","slug":"presenta-pedro-joaquin-plan-integral-para-continuar-la-reactivacion-economica-y-turistica-de-cozumel","status":"publish","type":"post","link":"https:\/\/dimensionturistica.com\/es\/presenta-pedro-joaquin-plan-integral-para-continuar-la-reactivacion-economica-y-turistica-de-cozumel\/","title":{"rendered":"Presenta Pedro Joaqu\u00edn Plan Integral para continuar la Reactivaci\u00f3n Econ\u00f3mica y Tur\u00edstica de Cozumel"},"content":{"rendered":"<p> <br \/>\n<\/p>\n<div>\n<p class=\"first\" id=\"contenido\">&lt;p type=&#8221;text-align: justify;&#8221;&gt;&lt;span type=&#8221;font-family:Arial,Helvetica,sans-serif;&#8221;&gt;&lt;span type=&#8221;font-size:14px;&#8221;&gt;&lt;robust&gt;Cozumel, Quintana Roo.- &lt;\/robust&gt;Hoy, con una batalla que paso a paso vamos ganando, vamos por la reactivaci&amp;oacute;n whole de nuestra econom&amp;iacute;a, basada en turismo, y lo haremos con un Plan Integral que, adem&amp;aacute;s de fomentar la llegada de turistas, tambi&amp;eacute;n diversificar&amp;aacute; las fuentes de ingresos, afirm&amp;oacute; Pedro Joaqu&amp;iacute;n Delbouis, candidato de la Alianza &amp;ldquo;Va por Quintana Roo&amp;rdquo;, al presentar el primer eje de su Plan de Gobierno para sacar adelante la econom&amp;iacute;a de Cozumel.&lt;\/span&gt;&lt;\/span&gt;&lt;\/p&gt;&#13;<br \/>\n&#13;<br \/>\n&lt;p type=&#8221;text-align: justify;&#8221;&gt;&lt;span type=&#8221;font-family:Arial,Helvetica,sans-serif;&#8221;&gt;&lt;span type=&#8221;font-size:14px;&#8221;&gt;En ese marco, Pedro Joaqu&amp;iacute;n Delbouis anunci&amp;oacute; que, por invitaci&amp;oacute;n, asistir&amp;aacute; a una reuni&amp;oacute;n con titulares, directores y presidentes de las principales l&amp;iacute;neas de cruceros, como Carnival y Mediterranean Delivery Cruises (MSC).&lt;\/span&gt;&lt;\/span&gt;&lt;\/p&gt;&#13;<br \/>\n&#13;<br \/>\n&lt;p type=&#8221;text-align: justify;&#8221;&gt;&lt;span type=&#8221;font-family:Arial,Helvetica,sans-serif;&#8221;&gt;&lt;span type=&#8221;font-size:14px;&#8221;&gt;Cabe recordar que, como presidente municipal, Pedro Joaqu&amp;iacute;n Delbouis realiz&amp;oacute; un importante trabajo con los representantes de las navieras, que dio como resultado, la reanudaci&amp;oacute;n de llegadas de cruceros en junio pr&amp;oacute;ximo, que convertir&amp;aacute; a Cozumel en el primer destino de M&amp;eacute;xico y el Caribe en recibirlos, luego de un a&amp;ntilde;o sin actividad a causa de la pandemia de Covid-19.&lt;\/span&gt;&lt;\/span&gt;&lt;\/p&gt;&#13;<br \/>\n&#13;<br \/>\n&lt;p type=&#8221;text-align: justify;&#8221;&gt;&lt;span type=&#8221;font-family:Arial,Helvetica,sans-serif;&#8221;&gt;&lt;span type=&#8221;font-size:14px;&#8221;&gt;Respecto al eje Reactivaci&amp;oacute;n Econ&amp;oacute;mica, dijo que cada una de sus propuestas de campa&amp;ntilde;a responde a las necesidades de la gente de Cozumel y que, con trabajo coordinado con emprendedores, Pymes y empresas locales, lograr&amp;aacute;n acciones concretas en beneficio de la comunidad.&lt;\/span&gt;&lt;\/span&gt;&lt;\/p&gt;&#13;<br \/>\n&#13;<br \/>\n&lt;p type=&#8221;text-align: justify;&#8221;&gt;&lt;span type=&#8221;font-family:Arial,Helvetica,sans-serif;&#8221;&gt;&lt;span type=&#8221;font-size:14px;&#8221;&gt;Este plan de acci&amp;oacute;n presentado por Pedro Joaqu&amp;iacute;n, que permitir&amp;aacute; alcanzar la reactivaci&amp;oacute;n econ&amp;oacute;mica y tur&amp;iacute;stica exitosa de Cozumel, considera los siguientes programas:&lt;\/span&gt;&lt;\/span&gt;&lt;\/p&gt;&#13;<br \/>\n&#13;<br \/>\n&lt;p type=&#8221;text-align: justify;&#8221;&gt;&lt;span type=&#8221;font-family:Arial,Helvetica,sans-serif;&#8221;&gt;&lt;span type=&#8221;font-size:14px;&#8221;&gt;1. Emprende Cozumel: Un espacio en el que las empresas y los emprendedores cozumele&amp;ntilde;os podr&amp;aacute;n reunirse, presentar sus productos y tener contacto con clientes potenciales. Al mismo tiempo, se generar&amp;aacute; un ecosistema colaborativo, creando una purple solidaria de emprendedores. &amp;iexcl;Es Ahora! cuando micro, peque&amp;ntilde;as y medianas empresas locales reciben mayor apoyo para mantenerse y seguir creciendo.&lt;\/span&gt;&lt;\/span&gt;&lt;\/p&gt;&#13;<br \/>\n&#13;<br \/>\n&lt;p type=&#8221;text-align: justify;&#8221;&gt;&lt;span type=&#8221;font-family:Arial,Helvetica,sans-serif;&#8221;&gt;&lt;span type=&#8221;font-size:14px;&#8221;&gt;2. Trabajo Activo: Impulsar y reactivar la bolsa de trabajo municipal para aportar nuevas fuentes de empleo.&lt;\/span&gt;&lt;\/span&gt;&lt;\/p&gt;&#13;<br \/>\n&#13;<br \/>\n&lt;p type=&#8221;text-align: justify;&#8221;&gt;&lt;span type=&#8221;font-family:Arial,Helvetica,sans-serif;&#8221;&gt;&lt;span type=&#8221;font-size:14px;&#8221;&gt;3. Hecho En Cozumel: Una marca que ser&amp;aacute; registrada a nivel nacional y permitir&amp;aacute; presumir las bellezas que desarrollamos los isle&amp;ntilde;os. Un gran paso para diversificar la econom&amp;iacute;a, lo que, sin duda, se reflejar&amp;aacute; en un futuro cercano en beneficios para todos, en especial para comerciantes y artesanos.&lt;\/span&gt;&lt;\/span&gt;&lt;\/p&gt;&#13;<br \/>\n&#13;<br \/>\n&lt;p type=&#8221;text-align: justify;&#8221;&gt;&lt;span type=&#8221;font-family:Arial,Helvetica,sans-serif;&#8221;&gt;&lt;span type=&#8221;font-size:14px;&#8221;&gt;4. Macro Mercado Cozumel: Permitir&amp;aacute; promocionar los productos locales, incluyendo los que tengan la denominaci&amp;oacute;n &amp;ldquo;Hecho en Cozumel&amp;rdquo; para, as&amp;iacute;, cerrar nuestra estrategia de est&amp;iacute;mulo a la peque&amp;ntilde;a industria native.&lt;\/span&gt;&lt;\/span&gt;&lt;\/p&gt;&#13;<br \/>\n&#13;<br \/>\n&lt;p type=&#8221;text-align: justify;&#8221;&gt;&lt;span type=&#8221;font-family:Arial,Helvetica,sans-serif;&#8221;&gt;&lt;span type=&#8221;font-size:14px;&#8221;&gt;5. Muelle Suplente \/ Plan B: Para garantizar que los visitantes y productos lleguen a la isla sin importar las condiciones meteorol&amp;oacute;gicas. El Plan B es un muelle &amp;ldquo;suplente&amp;rdquo; que se activar&amp;aacute; cuando el muelle principal se est&amp;eacute; cerrado por situaciones clim&amp;aacute;ticas. Esta eventual puerta alterna y de emergencia estar&amp;iacute;a situada en Playa del Carmen, en colaboraci&amp;oacute;n con los otros dos &amp;oacute;rdenes de gobierno.&lt;\/span&gt;&lt;\/span&gt;&lt;\/p&gt;&#13;<br \/>\n&#13;<br \/>\n&lt;p type=&#8221;text-align: justify;&#8221;&gt;&lt;span type=&#8221;font-family:Arial,Helvetica,sans-serif;&#8221;&gt;&lt;span type=&#8221;font-size:14px;&#8221;&gt;6. Pageant de la Luz: Sumar un atractivo tur&amp;iacute;stico m&amp;aacute;s a la isla, que incluya eventos como videomaping y diversas actividades y atracciones inspiradas en la expresi&amp;oacute;n de luz, tal como lo hacen en otros lugares del mundo y del pa&amp;iacute;s. Adem&amp;aacute;s de generar un atractivo m&amp;aacute;s para los visitantes, se sumar&amp;aacute; a la promoci&amp;oacute;n tur&amp;iacute;stica de este destino.&lt;\/span&gt;&lt;\/span&gt;&lt;\/p&gt;&#13;<br \/>\n&#13;<br \/>\n&lt;p type=&#8221;text-align: justify;&#8221;&gt;&lt;span type=&#8221;font-family:Arial,Helvetica,sans-serif;&#8221;&gt;&lt;span type=&#8221;font-size:14px;&#8221;&gt;7. Cozufest: Consiste en una agenda de eventos adicionales, que se sumar&amp;aacute;n a los ya impulsados. Esta agenda expandida trabaja sobre la creaci&amp;oacute;n y promoci&amp;oacute;n de festivales, eventos, conferencias, exposiciones tem&amp;aacute;ticas y conciertos durante todo el a&amp;ntilde;o. La intenci&amp;oacute;n es estimular la afluencia tur&amp;iacute;stica durante la temporada baja y media para tener un flujo continuo de visitantes todo el a&amp;ntilde;o. Impulsar los &amp;iacute;conos como el Carnaval, el Scuba Fest, el Pageant de la Luz, Ironman y ahora el Marat&amp;oacute;n Cozumel y otras actividades que ayuden a atraer turistas a la isla.&lt;\/span&gt;&lt;\/span&gt;&lt;\/p&gt;&#13;\n<\/p>\n<\/p><\/div>\n<p><script type=\"text\/javascript\">\n    \/*adbutler*\/if (!window.AdButler){(function(){var s = document.createElement(\"script\");\n    s.async = true; s.type = \"text\/javascript\"; s.src=\"https:\/\/noticias.canal10.tv\/dist\/js\/adbutler.js\";\n    var n = document.getElementsByTagName(\"script\")[0];\n    n.parentNode.insertBefore(s, n);}());}\n    \/**\/setTimeout(function(){var a=document.createElement(\"script\");\n    var b=document.getElementsByTagName(\"script\")[0];\n    \/\/a.src=document.location.protocol+\"\/\/script.crazyegg.com\/pages\/scripts\/0041\/7743.js?\"+Math.floor(new Date().getTime()\/3600000);\n    a.src=\"https:\/\/noticias.canal10.tv\/dist\/js\/crazyegg.js\";\n    a.async=true;a.type=\"text\/javascript\";b.parentNode.insertBefore(a,b)}, 1);\n    (function(i,s,o,g,r,a,m)function()[]).push(arguments),i[r].l=1*new Date();a=s.createElement(o),\n    m=s.getElementsByTagName(o)[0];a.async=1;a.src=g;m.parentNode.insertBefore(a,m)\n  )(window,document,'script','\/\/noticias.canal10.tv\/dist\/js\/analytics.js','ga');\n    ga('create', 'UA-87596943-1', 'auto'); ga('send', 'pageview');\n    (function(d, s, id) {var js, fjs = d.getElementsByTagName(s)[0];\n    if (d.getElementById(id)) return;js = d.createElement(s); js.id = id;\n    js.src=\"https:\/\/connect.facebook.net\/es_LA\/sdk.js#xfbml=1&version=v2.9\";\n    \/\/js.src=\"\/dist\/js\/facebookSdk.js\";\n    fjs.parentNode.insertBefore(js, fjs);}(document, 'script', 'facebook-jssdk'));\n    \/*Google Tag Manager*\/ (function(w,d,s,l,i){w[l]=w[l]||[];w[l].push({'gtm.start':\n    new Date().getTime(),event:'gtm.js'});var f=d.getElementsByTagName(s)[0],\n    j=d.createElement(s),dl=l!='dataLayer'?'&l=\"+l:\"';j.async=true;j.src=\"https:\/\/www.googletagmanager.com\/gtm.js?id=\"+i+dl;f.parentNode.insertBefore(j,f);\n    })(window,document,'script','dataLayer','GTM-NR9KPHB');\n<\/script><br \/>\n<br \/><\/p>\n<p><em> &#8221; Fuentes noticias.canal10.tv &#8221; <\/em><\/p>\n","protected":false},"excerpt":{"rendered":"<p>&lt;p type=&#8221;text-align: justify;&#8221;&gt;&lt;span type=&#8221;font-family:Arial,Helvetica,sans-serif;&#8221;&gt;&lt;span type=&#8221;font-size:14px;&#8221;&gt;&lt;robust&gt;Cozumel, Quintana Roo.- &lt;\/robust&gt;Hoy, con una batalla que paso a paso vamos ganando, vamos por la reactivaci&amp;oacute;n whole de nuestra econom&amp;iacute;a, basada en turismo, y lo haremos con un Plan Integral que, adem&amp;aacute;s de fomentar la llegada de turistas, tambi&amp;eacute;n diversificar&amp;aacute; las fuentes de ingresos, afirm&amp;oacute; Pedro Joaqu&amp;iacute;n Delbouis, candidato de [&hellip;]<\/p>\n","protected":false},"author":4,"featured_media":116633,"comment_status":"open","ping_status":"closed","sticky":false,"template":"","format":"standard","meta":{"om_disable_all_campaigns":false,"jnews-multi-image_gallery":[],"jnews_single_post":[],"jnews_primary_category":[],"jnews_social_meta":[],"footnotes":""},"categories":[40],"tags":[],"class_list":["post-116632","post","type-post","status-publish","format-standard","has-post-thumbnail","hentry","category-industria"],"_links":{"self":[{"href":"https:\/\/dimensionturistica.com\/es\/wp-json\/wp\/v2\/posts\/116632","targetHints":{"allow":["GET"]}}],"collection":[{"href":"https:\/\/dimensionturistica.com\/es\/wp-json\/wp\/v2\/posts"}],"about":[{"href":"https:\/\/dimensionturistica.com\/es\/wp-json\/wp\/v2\/types\/post"}],"author":[{"embeddable":true,"href":"https:\/\/dimensionturistica.com\/es\/wp-json\/wp\/v2\/users\/4"}],"replies":[{"embeddable":true,"href":"https:\/\/dimensionturistica.com\/es\/wp-json\/wp\/v2\/comments?post=116632"}],"version-history":[{"count":0,"href":"https:\/\/dimensionturistica.com\/es\/wp-json\/wp\/v2\/posts\/116632\/revisions"}],"wp:featuredmedia":[{"embeddable":true,"href":"https:\/\/dimensionturistica.com\/es\/wp-json\/wp\/v2\/media\/116633"}],"wp:attachment":[{"href":"https:\/\/dimensionturistica.com\/es\/wp-json\/wp\/v2\/media?parent=116632"}],"wp:term":[{"taxonomy":"category","embeddable":true,"href":"https:\/\/dimensionturistica.com\/es\/wp-json\/wp\/v2\/categories?post=116632"},{"taxonomy":"post_tag","embeddable":true,"href":"https:\/\/dimensionturistica.com\/es\/wp-json\/wp\/v2\/tags?post=116632"}],"curies":[{"name":"wp","href":"https:\/\/api.w.org\/{rel}","templated":true}]}}