{"id":116623,"date":"2021-04-28T11:25:16","date_gmt":"2021-04-28T11:25:16","guid":{"rendered":"https:\/\/dimensionturistica.com\/es\/?p=116623"},"modified":"2021-04-28T11:25:17","modified_gmt":"2021-04-28T11:25:17","slug":"canarias-estrena-una-estrategia-turistica-personalizada-y-con-la-ultima-tecnologia","status":"publish","type":"post","link":"https:\/\/dimensionturistica.com\/es\/canarias-estrena-una-estrategia-turistica-personalizada-y-con-la-ultima-tecnologia\/","title":{"rendered":"Canarias estrena una estrategia tur\u00edstica personalizada y con la \u00faltima tecnolog\u00eda"},"content":{"rendered":"<p> <br \/>\n<\/p>\n<div itemprop=\"text\">\n<figure class=\"wp-block-image size-large\"><img decoding=\"async\" loading=\"lazy\" width=\"1024\" height=\"683\" src=\"https:\/\/diariodeavisos.elespanol.com\/wp-content\/uploads\/2021\/04\/p534332afot-1024x683.jpg\" alt=\"Imagen de la consejera de Turismo, el gerente de promotur y la directora de proyectos de Branding, durante la rueda de prensa                  de presentaci\u00f3n de la nueva estrategia. DA\" class=\"wp-image-546923\" srcset=\"https:\/\/diariodeavisos.elespanol.com\/wp-content\/uploads\/2021\/04\/p534332afot-1024x683.jpg 1024w, https:\/\/diariodeavisos.elespanol.com\/wp-content\/uploads\/2021\/04\/p534332afot-300x200.jpg 300w, https:\/\/diariodeavisos.elespanol.com\/wp-content\/uploads\/2021\/04\/p534332afot-768x512.jpg 768w, https:\/\/diariodeavisos.elespanol.com\/wp-content\/uploads\/2021\/04\/p534332afot.jpg 1200w\" sizes=\"auto, (max-width: 1024px) 100vw, 1024px\"\/><figcaption>Imagen de la consejera de Turismo, el gerente de promotur y la directora de proyectos de Branding, durante la rueda de prensa de presentaci\u00f3n de la nueva estrategia. DA<\/figcaption><\/figure>\n<p>La consejera de Turismo, Industria y Comercio del Gobierno de Canarias, <strong>Yaiza Castilla<\/strong>, present\u00f3 ayer la nueva estrategia de promoci\u00f3n de la<strong> marca Islas Canarias<\/strong> junto al director gerente de Promotur Turismo de Canarias, <strong>Jos\u00e9 Juan Lorenzo<\/strong>, y la directora de proyectos de Branding, <strong>Sara S\u00e1nchez-Romo<\/strong>, destacando todos ellos que la misma se caracteriza por la personalizaci\u00f3n de los contenidos para cada visitante de la net <a rel=\"nofollow noopener\" target=\"_blank\" href=\"https:\/\/holaislascanarias.com\/\">holaislascanarias.com<\/a>.<\/p>\n<p>La consejera de Turismo de Canarias, Yaiza Castilla, subray\u00f3 que la nueva estrategia, en la que se ha invertido <strong>1,5 millones<\/strong> de euros, da \u201cun paso m\u00e1s all\u00e1\u201d para avanzar hacia la personalizaci\u00f3n ante un nuevo reto del ciclo tur\u00edstico, ya que se prev\u00e9 que se reactive la demanda a partir del <strong>verano<\/strong>, para lo que ha se\u00f1alado se conf\u00eda en la <a rel=\"nofollow noopener\" target=\"_blank\" href=\"https:\/\/diariodeavisos.elespanol.com\/2021\/04\/canarias-administra-mas-del-98-de-las-vacunas-recibidas\/\">campa\u00f1a de vacunaci\u00f3n<\/a>, as\u00ed como en la implantaci\u00f3n del conocido como <strong>certificado verde<\/strong>, entre otras.<\/p>\n<p>As\u00ed, para afrontar este nuevo ciclo, Castilla indic\u00f3 durante la rueda de prensa de presentaci\u00f3n que se decidi\u00f3 pasar \u201cde la segmentaci\u00f3n a la individualizaci\u00f3n\u201d dando un impulso \u201cmuy importante\u201d a la net holaislascanarias.com, pues afirm\u00f3 que el nuevo ciclo tur\u00edstico es \u201cm\u00e1s competitivo\u201d y \u201cva a exigir una gran capacidad de adaptaci\u00f3n\u201d. En este sentido, consider\u00f3 que el conocimiento del cliente \u201ces un requisito indispensable\u201d, de ah\u00ed que, si se quiere \u201cempoderar a Canarias como destino tur\u00edstico l\u00edder, en el conocimiento estar\u00e1 el poder\u201d.<\/p>\n<h2>Prop\u00f3sito<\/h2>\n<p>Castilla defendi\u00f3 la personalizaci\u00f3n, pero tambi\u00e9n la creatividad e innovaci\u00f3n, ya que se trata de \u201carmas muy potentes para la transformaci\u00f3n\u201d.<\/p>\n<p>Adecuarse a las nuevas realidades del mercado vacacional, a los cambios que se han producido en las formas de contratar alojamientos y servicios, sustituyendo los grandes operadores por el contacto directo en web, y a los gustos y deseos de los turistas del presente, es el prop\u00f3sito de la iniciativa. De tal modo que holaislascanarias.com ser\u00e1 \u201cuna p\u00e1gina diferente para cada usuario que la abra\u201d, explic\u00f3 el gerente de la empresa p\u00fablica Turismo de Islas Canarias, Jos\u00e9 Juan Lorenzo. La nueva net tendr\u00e1 capacidad para permanecer activa los 365 d\u00edas del a\u00f1o, presentando m\u00e1s de <strong>10.000 anuncios diferentes<\/strong> del destino que se dirigir\u00e1n a ciudadanos de 21 pa\u00edses y traducidos a 15 idiomas diferentes.<\/p>\n<p>La consejera asegur\u00f3 que, as\u00ed, el Archipi\u00e9lago, tras apostar a\u00f1os atr\u00e1s por publicitarse por tipos de turismo, de naturaleza, deportivo y otros, \u201cda un paso m\u00e1s all\u00e1 para hablar de personalizaci\u00f3n, y deja de dirigirse a colectivos para hacerlo a personas de manera individualizada, poniendo al turista en el centro de la promoci\u00f3n, ya que la nueva p\u00e1gina permite seleccionar la informaci\u00f3n que se muestra a partir de las preferencias del usuario, construyendo de esta manera casi una web a medida de cada visitante\u201d, recalc\u00f3.<\/p>\n<p>La raz\u00f3n del cambio es que \u201cnuestro destino se mueve en un nuevo escenario competitivo que surge a ra\u00edz de la consolidaci\u00f3n de las grandes multinacionales tecnol\u00f3gicas que dominan el acceso a la informaci\u00f3n y a la comercializaci\u00f3n\u201d, por lo cual se ha optado por \u201cusar sus mismas armas para defender la posici\u00f3n competitiva de Islas Canarias\u201d, se\u00f1al\u00f3 Jos\u00e9 Juan Lorenzo.<\/p>\n<h2>El turismo espera una \u201ctregua\u201d en invierno para recuperar viajeros<\/h2>\n<p>Canarias espera que la pandemia \u201cd\u00e9 una tregua en invierno\u201d con la apertura de sus principales mercados emisores, Reino Unido y Alemania, a ra\u00edz de las \u201cbuenas noticias\u201d del avance de la vacunaci\u00f3n y los planes de reducir las restricciones en esos pa\u00edses, que le hacen \u201cconfiar en que la recuperaci\u00f3n de la demanda se ver\u00e1 en unos meses\u201d. Por ello, el Gobierno canario insistir\u00e1 en la demanda que desde tiempo atr\u00e1s viene haciendo de que se considere la situaci\u00f3n del Archipi\u00e9lago separada de la del territorio peninsular, tanto ante el Estado espa\u00f1ol como ante la Embajada del Reino Unido, para la apertura el 17 de mayo. <\/p>\n<\/div>\n<p><script async defer crossorigin=\"anonymous\" src=\"https:\/\/connect.facebook.net\/es_ES\/sdk.js#xfbml=1&#038;version=v9.0&#038;appId=170522456351149\" nonce=\"FcRb8Pgp\"><\/script><br \/>\n<br \/><\/p>\n<p><em> &#8221; Fuentes diariodeavisos.elespanol.com &#8221; <\/em><\/p>\n","protected":false},"excerpt":{"rendered":"<p>Imagen de la consejera de Turismo, el gerente de promotur y la directora de proyectos de Branding, durante la rueda de prensa de presentaci\u00f3n de la nueva estrategia. DA La consejera de Turismo, Industria y Comercio del Gobierno de Canarias, Yaiza Castilla, present\u00f3 ayer la nueva estrategia de promoci\u00f3n de la marca Islas Canarias junto [&hellip;]<\/p>\n","protected":false},"author":4,"featured_media":116624,"comment_status":"open","ping_status":"closed","sticky":false,"template":"","format":"standard","meta":{"om_disable_all_campaigns":false,"jnews-multi-image_gallery":[],"jnews_single_post":[],"jnews_primary_category":[],"jnews_social_meta":[],"footnotes":""},"categories":[40],"tags":[],"class_list":["post-116623","post","type-post","status-publish","format-standard","has-post-thumbnail","hentry","category-industria"],"_links":{"self":[{"href":"https:\/\/dimensionturistica.com\/es\/wp-json\/wp\/v2\/posts\/116623","targetHints":{"allow":["GET"]}}],"collection":[{"href":"https:\/\/dimensionturistica.com\/es\/wp-json\/wp\/v2\/posts"}],"about":[{"href":"https:\/\/dimensionturistica.com\/es\/wp-json\/wp\/v2\/types\/post"}],"author":[{"embeddable":true,"href":"https:\/\/dimensionturistica.com\/es\/wp-json\/wp\/v2\/users\/4"}],"replies":[{"embeddable":true,"href":"https:\/\/dimensionturistica.com\/es\/wp-json\/wp\/v2\/comments?post=116623"}],"version-history":[{"count":0,"href":"https:\/\/dimensionturistica.com\/es\/wp-json\/wp\/v2\/posts\/116623\/revisions"}],"wp:featuredmedia":[{"embeddable":true,"href":"https:\/\/dimensionturistica.com\/es\/wp-json\/wp\/v2\/media\/116624"}],"wp:attachment":[{"href":"https:\/\/dimensionturistica.com\/es\/wp-json\/wp\/v2\/media?parent=116623"}],"wp:term":[{"taxonomy":"category","embeddable":true,"href":"https:\/\/dimensionturistica.com\/es\/wp-json\/wp\/v2\/categories?post=116623"},{"taxonomy":"post_tag","embeddable":true,"href":"https:\/\/dimensionturistica.com\/es\/wp-json\/wp\/v2\/tags?post=116623"}],"curies":[{"name":"wp","href":"https:\/\/api.w.org\/{rel}","templated":true}]}}