{"id":116615,"date":"2021-04-28T11:16:37","date_gmt":"2021-04-28T11:16:37","guid":{"rendered":"https:\/\/dimensionturistica.com\/es\/?p=116615"},"modified":"2021-04-28T11:16:37","modified_gmt":"2021-04-28T11:16:37","slug":"la-jornada-hoteleros-ven-reactivacion-lenta-y-desigual-en-la-industria-turistica","status":"publish","type":"post","link":"https:\/\/dimensionturistica.com\/es\/la-jornada-hoteleros-ven-reactivacion-lenta-y-desigual-en-la-industria-turistica\/","title":{"rendered":"La Jornada &#8211; Hoteleros ven reactivaci\u00f3n lenta y desigual en la industria tur\u00edstica"},"content":{"rendered":"<p> <br \/>\n<\/p>\n<div id=\"content_nitf\">\n<p>Canc\u00fan, Quintana Roo., Es evidente que el sector tur\u00edstico mexicano est\u00e1 en un proceso de reactivaci\u00f3n tras las disaster que gener\u00f3 la pandemia. Sin embargo, se presenta de forma lenta y en pocos estados del pa\u00eds, aseguraron empresarios del sector hotelero.<\/p>\n<p>La mayor demanda de servicios tur\u00edsticos est\u00e1 en los destinos de playa y son de Estados Unidos los visitantes que en este momento generan una mayor cantidad de gasto, apuntaron.<\/p>\n<p>Para lograr una reactivaci\u00f3n m\u00e1s vigorosa es necesario proporcionar vasta informaci\u00f3n a los viajeros sobre los protocolos de seguridad que hay en los diferentes centros vacacionales de M\u00e9xico, independientemente del proceso de vacunaci\u00f3n contra el Covid-19.<\/p>\n<p>Miguel \u00c1ngel Guardado Preciado, director normal en M\u00e9xico del grupo Barcel\u00f3, indic\u00f3 que si bien hay una reactivaci\u00f3n en la llegada de turistas al pa\u00eds, el impacto de la disaster de Covid-19 \u201ca\u00fan no termina\u201d.<\/p>\n<p>\u201cTodav\u00eda siguen los efectos en la ocupaci\u00f3n, pero vemos una recuperaci\u00f3n paulatina y constante, ya hay m\u00e1s certidumbre. Vemos crecimiento, es m\u00ednimo, pero lo hay. Ahora ya no estamos tan preocupados, ya no tenemos ilusiones y el ritmo de cancelaciones ha disminuido. Estamos en un punto de equilibrio y podemos tener margen para generar utilidades\u201d, dijo.<\/p>\n<p>En el marco de la Cumbre del Consejo Mundial de Viajes y Turismo (WTTC, por sus siglas en ingl\u00e9s), la primera reuni\u00f3n presencial del sector que se realiza tras la pandemia, Juan Corvinos, vicepresidente de desarrollo para el Caribe y Am\u00e9rica Latina de Hilton, expuso que los destinos que mejor comportamiento tienen son los de playa.<\/p>\n<p>\u201cEs claro que hay recuperaci\u00f3n. El corporativo va evolucionando poco a poco, pero muy bien y pensamos que para el cuarto trimestre estar\u00e1n mejor\u201d, se\u00f1al\u00f3 el directivo.<\/p>\n<p>Ambos coincidieron en que son los viajeros estadunidenses aquellos que est\u00e1n impulsando la reactivaci\u00f3n del sector, ya que los turistas europeos o asi\u00e1ticos a\u00fan no pueden salir de su pa\u00eds por una tercera ola de contagios.<\/p>\n<p>\u201cEl hecho de que M\u00e9xico haya permanecido con una pol\u00edtica de no cerrar fronteras ayud\u00f3. Adem\u00e1s, se tom\u00f3 una gran decisi\u00f3n de declarar al turismo como una actividad esencial y eso mantuvo el empleo\u201d, coment\u00f3 Corvinos.<\/p>\n<p>Por su parte, Luis Barrios, director normal de la cadena de hoteles Metropolis Specific, se\u00f1al\u00f3 que \u201cM\u00e9xico est\u00e1 vivo, sigue abierto y estamos listos para recibir la recuperaci\u00f3n en la medida que baje el riesgo de contagio a nivel global\u201d.<\/p>\n<p>Por otra parte, Corvinos dio a conocer que Hilton planea abrir 30 hoteles para 2023 en M\u00e9xico, debido a que ven al pa\u00eds con el potencial para reactivar el mercado.<\/p>\n<p>\u201cEsto es muy sencillo, Hilton cree en M\u00e9xico e invierte y apuesta en M\u00e9xico. Es el quinto pa\u00eds m\u00e1s grande para el grupo a nivel de n\u00famero de habitaciones y lo seguir\u00e1 siendo por mucho tiempo\u201d, precis\u00f3.<\/p>\n<\/div>\n<p><script>\n      !function(f,b,e,v,n,t,s)\n      {if(f.fbq)return;n=f.fbq=function(){n.callMethod?\n      n.callMethod.apply(n,arguments):n.queue.push(arguments)};\n      if(!f._fbq)f._fbq=n;n.push=n;n.loaded=!0;n.version='2.0';\n      n.queue=[];t=b.createElement(e);t.async=!0;\n      t.src=v;s=b.getElementsByTagName(e)[0];\n      s.parentNode.insertBefore(t,s)}(window, document,'script',\n      'https:\/\/connect.facebook.net\/en_US\/fbevents.js');\n      fbq('init', '133913093805922');\n      fbq('track', 'PageView');\n      fbq('track', 'Contact');\n      fbq('track', 'Donate');\n      fbq('track', 'FindLocation');\n      fbq('track', 'Lead');\n      fbq('track', 'Search');\n      fbq('track', 'Subscribe', {value: '0.00', currency: 'MXN', predicted_ltv: '0.00'});\n      fbq('track', 'ViewContent');\n    <\/script><script type=\"text\/javascript\">(function(d, s, id) {\n\t  var js, fjs = d.getElementsByTagName(s)[0];\n\t  if (d.getElementById(id)) return;\n\t  js = d.createElement(s); js.id = id;\n\t  js.src = \"https:\/\/connect.facebook.net\/es_LA\/sdk.js#xfbml=1&version=v3.3&appId=774389309362880\";\n\t  fjs.parentNode.insertBefore(js, fjs);\n\t}(document, 'script', 'facebook-jssdk'));<\/script><br \/>\n<br \/><\/p>\n<p><em> &#8221; Fuentes www.jornada.com.mx &#8221; <\/em><\/p>\n","protected":false},"excerpt":{"rendered":"<p>Canc\u00fan, Quintana Roo., Es evidente que el sector tur\u00edstico mexicano est\u00e1 en un proceso de reactivaci\u00f3n tras las disaster que gener\u00f3 la pandemia. Sin embargo, se presenta de forma lenta y en pocos estados del pa\u00eds, aseguraron empresarios del sector hotelero. La mayor demanda de servicios tur\u00edsticos est\u00e1 en los destinos de playa y son [&hellip;]<\/p>\n","protected":false},"author":4,"featured_media":0,"comment_status":"open","ping_status":"closed","sticky":false,"template":"","format":"standard","meta":{"om_disable_all_campaigns":false,"jnews-multi-image_gallery":[],"jnews_single_post":[],"jnews_primary_category":[],"jnews_social_meta":[],"footnotes":""},"categories":[40],"tags":[],"class_list":["post-116615","post","type-post","status-publish","format-standard","hentry","category-industria"],"_links":{"self":[{"href":"https:\/\/dimensionturistica.com\/es\/wp-json\/wp\/v2\/posts\/116615","targetHints":{"allow":["GET"]}}],"collection":[{"href":"https:\/\/dimensionturistica.com\/es\/wp-json\/wp\/v2\/posts"}],"about":[{"href":"https:\/\/dimensionturistica.com\/es\/wp-json\/wp\/v2\/types\/post"}],"author":[{"embeddable":true,"href":"https:\/\/dimensionturistica.com\/es\/wp-json\/wp\/v2\/users\/4"}],"replies":[{"embeddable":true,"href":"https:\/\/dimensionturistica.com\/es\/wp-json\/wp\/v2\/comments?post=116615"}],"version-history":[{"count":0,"href":"https:\/\/dimensionturistica.com\/es\/wp-json\/wp\/v2\/posts\/116615\/revisions"}],"wp:attachment":[{"href":"https:\/\/dimensionturistica.com\/es\/wp-json\/wp\/v2\/media?parent=116615"}],"wp:term":[{"taxonomy":"category","embeddable":true,"href":"https:\/\/dimensionturistica.com\/es\/wp-json\/wp\/v2\/categories?post=116615"},{"taxonomy":"post_tag","embeddable":true,"href":"https:\/\/dimensionturistica.com\/es\/wp-json\/wp\/v2\/tags?post=116615"}],"curies":[{"name":"wp","href":"https:\/\/api.w.org\/{rel}","templated":true}]}}