{"id":116588,"date":"2021-04-28T10:51:52","date_gmt":"2021-04-28T10:51:52","guid":{"rendered":"https:\/\/dimensionturistica.com\/es\/?p=116588"},"modified":"2021-04-28T10:51:52","modified_gmt":"2021-04-28T10:51:52","slug":"dudan-que-exista-una-reactivacion-de-la-industria-turistica","status":"publish","type":"post","link":"https:\/\/dimensionturistica.com\/es\/dudan-que-exista-una-reactivacion-de-la-industria-turistica\/","title":{"rendered":"Dudan que exista una reactivaci\u00f3n de la industria tur\u00edstica"},"content":{"rendered":"<p> <br \/>\n<\/p>\n<div>\n<p><img decoding=\"async\" src=\"https:\/\/ywb2o3q1k1d199sja3de1j11-wpengine.netdna-ssl.com\/wp-content\/uploads\/2021\/04\/dudan-que-exista-una-reactivacion-de-la-industria-turistica.jpg\" class=\"webfeedsFeaturedVisual\" alt=\"\"\/><\/p>\n<p><!-- VideographyWP Plugin Message: Automatic video embedding prevented by plugin options. --><br \/>El <strong>Consejo Nacional Empresarial Tur\u00edstico<\/strong> (<strong>CNET<\/strong>) asegur\u00f3 que el 2021 no ser\u00e1 un a\u00f1o de recuperaci\u00f3n para las empresas que participan en dicho sector, sino que m\u00e1s bien ser\u00e1 s\u00f3lo de \u201csobrevivencia a la pandemia\u201d generada por el <strong>Covid-19<\/strong>.<\/p>\n<p>Al participar en la cumbre del <strong>Consejo Mundial de Viajes y Turismo<\/strong> (<strong>WTTC<\/strong>), el presidente del <strong>CNET, Braulio Arsuaga,<\/strong> coment\u00f3 que si bien los vuelos y flujos de visitantes a diversos destinos tur\u00edsticos ya comenzaron a recuperarse, todav\u00eda no se puede ver como una reactivaci\u00f3n, ya que los n\u00fameros reportados en el primer trimestre del a\u00f1o son \u201cmalos\u201d.<\/p>\n<p>Refiri\u00f3 que aunque el periodo vacacional de<strong> Semana Santa<\/strong> fue bueno para los destinos de playa, no fue la misma situaci\u00f3n para las Ciudades.<\/p>\n<p>Sobre ello, lament\u00f3 que no existi\u00f3 por parte del Gobierno federal programas de apoyo o ayuda a las empresas del sector tur\u00edstico, siendo una industria que deja millonarias ganancias y resulta de gran aportaci\u00f3n al <strong>Producto Interno Bruto<\/strong> (<strong>PIB<\/strong>) del pa\u00eds.<\/p>\n<p>Pese a lo dicho por el titular del CNET, las autoridades esperan cifras positivas y una reactivaci\u00f3n del sector turismo este mismo a\u00f1o.<\/p>\n<p>\u00a0<\/p>\n<p>LEG<\/p>\n<p> <a rel=\"nofollow noopener\" target=\"_blank\" href=\"https:\/\/www.24-horas.mx\/2021\/04\/27\/dudan-que-exista-una-reactivacion-de-la-industria-turistica\/\" class=\"link-original\">Ver nota original<\/a><\/p>\n<\/p><\/div>\n\n<p><em> &#8221; Fuentes 24horaspuebla.com &#8221; <\/em><\/p>\n","protected":false},"excerpt":{"rendered":"<p>El Consejo Nacional Empresarial Tur\u00edstico (CNET) asegur\u00f3 que el 2021 no ser\u00e1 un a\u00f1o de recuperaci\u00f3n para las empresas que participan en dicho sector, sino que m\u00e1s bien ser\u00e1 s\u00f3lo de \u201csobrevivencia a la pandemia\u201d generada por el Covid-19. Al participar en la cumbre del Consejo Mundial de Viajes y Turismo (WTTC), el presidente del [&hellip;]<\/p>\n","protected":false},"author":4,"featured_media":116589,"comment_status":"open","ping_status":"closed","sticky":false,"template":"","format":"standard","meta":{"om_disable_all_campaigns":false,"jnews-multi-image_gallery":[],"jnews_single_post":[],"jnews_primary_category":[],"jnews_social_meta":[],"footnotes":""},"categories":[40],"tags":[],"class_list":["post-116588","post","type-post","status-publish","format-standard","has-post-thumbnail","hentry","category-industria"],"_links":{"self":[{"href":"https:\/\/dimensionturistica.com\/es\/wp-json\/wp\/v2\/posts\/116588","targetHints":{"allow":["GET"]}}],"collection":[{"href":"https:\/\/dimensionturistica.com\/es\/wp-json\/wp\/v2\/posts"}],"about":[{"href":"https:\/\/dimensionturistica.com\/es\/wp-json\/wp\/v2\/types\/post"}],"author":[{"embeddable":true,"href":"https:\/\/dimensionturistica.com\/es\/wp-json\/wp\/v2\/users\/4"}],"replies":[{"embeddable":true,"href":"https:\/\/dimensionturistica.com\/es\/wp-json\/wp\/v2\/comments?post=116588"}],"version-history":[{"count":0,"href":"https:\/\/dimensionturistica.com\/es\/wp-json\/wp\/v2\/posts\/116588\/revisions"}],"wp:featuredmedia":[{"embeddable":true,"href":"https:\/\/dimensionturistica.com\/es\/wp-json\/wp\/v2\/media\/116589"}],"wp:attachment":[{"href":"https:\/\/dimensionturistica.com\/es\/wp-json\/wp\/v2\/media?parent=116588"}],"wp:term":[{"taxonomy":"category","embeddable":true,"href":"https:\/\/dimensionturistica.com\/es\/wp-json\/wp\/v2\/categories?post=116588"},{"taxonomy":"post_tag","embeddable":true,"href":"https:\/\/dimensionturistica.com\/es\/wp-json\/wp\/v2\/tags?post=116588"}],"curies":[{"name":"wp","href":"https:\/\/api.w.org\/{rel}","templated":true}]}}